{"id":108870,"date":"2018-09-14T10:33:40","date_gmt":"2018-09-14T08:33:40","guid":{"rendered":"http:\/\/gazdasagportal.hu\/?p=108870"},"modified":"2018-09-14T10:33:40","modified_gmt":"2018-09-14T08:33:40","slug":"ksh-juliusban-tovabb-gyorsult-az-epitoipari-termeles-novekedese","status":"publish","type":"post","link":"https:\/\/gazdasagportal.hu\/index.php\/ksh-juliusban-tovabb-gyorsult-az-epitoipari-termeles-novekedese\/","title":{"rendered":"KSH: j\u00faliusban tov\u00e1bb gyorsult az \u00e9p\u00edt\u0151ipari termel\u00e9s n\u00f6veked\u00e9se"},"content":{"rendered":"<p><strong>J\u00faliusban az \u00e9p\u00edt\u0151ipari termel\u00e9s volumene 38,0 sz\u00e1zal\u00e9kkal meghaladta az egy \u00e9vvel kor\u00e1bbit a j\u00faniusi 28,2 sz\u00e1zal\u00e9kos emelked\u00e9s ut\u00e1n. Az \u00e9p\u00fcletek \u00e9p\u00edt\u00e9s\u00e9nek volumene 28,5, az egy\u00e9b \u00e9p\u00edtm\u00e9nyek\u00e9 48,3 sz\u00e1zal\u00e9kkal emelkedett &#8211; jelentette p\u00e9nteken a K\u00f6zponti Statisztikai Hivatal (KSH).<\/strong><!--more--><\/p>\n<div class=\"ads-in-post1\"><div id=\"gazdasagportal.hu_fullbanner_wideboard\"><\/div>\r\n<\/div>\n<p>     Az \u00e9p\u00fcletekn\u00e9l oktat\u00e1si, ipari, kereskedelmi \u00e9s lak\u00f3\u00e9p\u00fcletek \u00e9p\u00edt\u00e9se, az egy\u00e9b \u00e9p\u00edtm\u00e9nyekn\u00e9l tov\u00e1bbra is \u00fat-, vas\u00fat- \u00e9s k\u00f6zm\u0171\u00e9p\u00edt\u00e9sek eredm\u00e9nyezt\u00e9k a n\u00f6veked\u00e9st &#8211; f\u0171zte hozz\u00e1 a KSH.<br \/>\n    A szezon\u00e1lisan \u00e9s munkanaphat\u00e1ssal kiigaz\u00edtott indexek alapj\u00e1n az \u00e9p\u00edt\u0151ipar termel\u00e9se 4,5 sz\u00e1zal\u00e9kkal b\u0151v\u00fclt az el\u0151z\u0151 havihoz m\u00e9rten.<br \/>\n    Id\u00e9n janu\u00e1r-j\u00faliusban az el\u0151z\u0151 \u00e9v azonos id\u0151szak\u00e1hoz k\u00e9pest az \u00e9p\u00edt\u0151ipari termel\u00e9s 22,2 sz\u00e1zal\u00e9kkal emelkedett.<br \/>\n    J\u00faliusban az \u00e9p\u00edt\u0151ipar \u00e1gazatai k\u00f6z\u00fcl a termel\u00e9s volumene az \u00e9p\u00fcletek \u00e9p\u00edt\u00e9s\u00e9ben 60,0 sz\u00e1zal\u00e9kkal, az egy\u00e9b \u00e9p\u00edtm\u00e9nyek \u00e9p\u00edt\u00e9s\u00e9ben 43,7 sz\u00e1zal\u00e9kkal, a speci\u00e1lis szak\u00e9p\u00edt\u00e9sben 20,2 sz\u00e1zal\u00e9kkal emelkedett az egy \u00e9vvel kor\u00e1bbihoz k\u00e9pest.<br \/>\n<div class=\"ads-in-post2\"><script async src=\"https:\/\/pagead2.googlesyndication.com\/pagead\/js\/adsbygoogle.js\"><\/script>\r\n<ins class=\"adsbygoogle\"\r\n     style=\"display:block\"\r\n     data-ad-format=\"fluid\"\r\n     data-ad-layout-key=\"-6t+ed+2i-1n-4w\"\r\n     data-ad-client=\"ca-pub-1959107119989764\"\r\n     data-ad-slot=\"4008251320\"><\/ins>\r\n<script>\r\n     (adsbygoogle = window.adsbygoogle || []).push({});\r\n<\/script><\/div>\n    A megk\u00f6t\u00f6tt \u00faj szerz\u0151d\u00e9sek volumene 70,3 sz\u00e1zal\u00e9kkal emelkedett, ezen bel\u00fcl az \u00e9p\u00fcletek \u00e9p\u00edt\u00e9s\u00e9re k\u00f6t\u00f6tt szerz\u0151d\u00e9sek\u00e9 1,8 sz\u00e1zal\u00e9kkal kisebb, az egy\u00e9b \u00e9p\u00edtm\u00e9nyek \u00e9p\u00edt\u00e9s\u00e9re vonatkoz\u00f3k\u00e9 134,4 sz\u00e1zal\u00e9kkal nagyobb volt az egy \u00e9vvel kor\u00e1bbin\u00e1l. J\u00falius folyam\u00e1n k\u00f6zleked\u00e9si infrastrukt\u00fara \u00e9s t\u00e1vk\u00f6zl\u00e9si h\u00e1l\u00f3zat fejleszt\u00e9s\u00e9re k\u00f6t\u00f6ttek nagy \u00e9rt\u00e9k\u0171 szerz\u0151d\u00e9seket.<br \/>\n    Az \u00e9p\u00edt\u0151ipari v\u00e1llalkoz\u00e1sok j\u00falius v\u00e9gi szerz\u0151d\u00e9s\u00e1llom\u00e1ny\u00e1nak volumene 61,6 sz\u00e1zal\u00e9kkal meghaladta az egy \u00e9vvel kor\u00e1bbit. Az \u00e9p\u00fcletek \u00e9p\u00edt\u00e9s\u00e9re vonatkoz\u00f3 szerz\u0151d\u00e9sek volumene 4,9, az egy\u00e9b \u00e9p\u00edtm\u00e9nyek\u00e9 82,4 sz\u00e1zal\u00e9kkal nagyobb volt, mint egy \u00e9vvel azel\u0151tt.<br \/>\n(MTI)<\/p>\n","protected":false},"excerpt":{"rendered":"<p>J\u00faliusban az \u00e9p\u00edt\u0151ipari termel\u00e9s volumene 38,0 sz\u00e1zal\u00e9kkal meghaladta az egy \u00e9vvel kor\u00e1bbit a j\u00faniusi 28,2 sz\u00e1zal\u00e9kos emelked\u00e9s ut\u00e1n. Az \u00e9p\u00fcletek \u00e9p\u00edt\u00e9s\u00e9nek volumene 28,5, az egy\u00e9b \u00e9p\u00edtm\u00e9nyek\u00e9 48,3 sz\u00e1zal\u00e9kkal emelkedett &#8211; jelentette p\u00e9nteken a K\u00f6zponti Statisztikai Hivatal (KSH).<\/p>\n","protected":false},"author":1,"featured_media":0,"comment_status":"closed","ping_status":"open","sticky":false,"template":"","format":"standard","meta":[],"categories":[19],"tags":[],"_links":{"self":[{"href":"https:\/\/gazdasagportal.hu\/index.php\/wp-json\/wp\/v2\/posts\/108870"}],"collection":[{"href":"https:\/\/gazdasagportal.hu\/index.php\/wp-json\/wp\/v2\/posts"}],"about":[{"href":"https:\/\/gazdasagportal.hu\/index.php\/wp-json\/wp\/v2\/types\/post"}],"author":[{"embeddable":true,"href":"https:\/\/gazdasagportal.hu\/index.php\/wp-json\/wp\/v2\/users\/1"}],"replies":[{"embeddable":true,"href":"https:\/\/gazdasagportal.hu\/index.php\/wp-json\/wp\/v2\/comments?post=108870"}],"version-history":[{"count":1,"href":"https:\/\/gazdasagportal.hu\/index.php\/wp-json\/wp\/v2\/posts\/108870\/revisions"}],"predecessor-version":[{"id":108871,"href":"https:\/\/gazdasagportal.hu\/index.php\/wp-json\/wp\/v2\/posts\/108870\/revisions\/108871"}],"wp:attachment":[{"href":"https:\/\/gazdasagportal.hu\/index.php\/wp-json\/wp\/v2\/media?parent=108870"}],"wp:term":[{"taxonomy":"category","embeddable":true,"href":"https:\/\/gazdasagportal.hu\/index.php\/wp-json\/wp\/v2\/categories?post=108870"},{"taxonomy":"post_tag","embeddable":true,"href":"https:\/\/gazdasagportal.hu\/index.php\/wp-json\/wp\/v2\/tags?post=108870"}],"curies":[{"name":"wp","href":"https:\/\/api.w.org\/{rel}","templated":true}]}}