{"id":108846,"date":"2018-09-13T16:07:48","date_gmt":"2018-09-13T14:07:48","guid":{"rendered":"http:\/\/gazdasagportal.hu\/?p=108846"},"modified":"2018-09-13T16:07:48","modified_gmt":"2018-09-13T14:07:48","slug":"az-ekb-az-ev-vegen-kivezeti-az-eszkozvasarlasi-programot","status":"publish","type":"post","link":"https:\/\/gazdasagportal.hu\/index.php\/az-ekb-az-ev-vegen-kivezeti-az-eszkozvasarlasi-programot\/","title":{"rendered":"Az EKB az \u00e9v v\u00e9g\u00e9n kivezeti az eszk\u00f6zv\u00e1s\u00e1rl\u00e1si programot"},"content":{"rendered":"<p><strong>A tov\u00e1bbra is fenn\u00e1ll\u00f3 kock\u00e1zatok ellen\u00e9re is fenntarthat\u00f3nak \u00edg\u00e9rkez\u0151, sz\u00e9les alapokra t\u00e1maszkod\u00f3 eur\u00f3\u00f6vezeti gazdas\u00e1gi n\u00f6veked\u00e9s, illetve a c\u00e9lt k\u00f6zel\u00edt\u0151 infl\u00e1ci\u00f3 mellett lehet\u0151v\u00e9 v\u00e1lik a gazdas\u00e1g\u00f6szt\u00f6nz\u0151 c\u00e9l\u00fa eszk\u00f6zv\u00e1s\u00e1rl\u00e1si program kivezet\u00e9se az \u00e9v v\u00e9g\u00e9n &#8211; er\u0151s\u00edtette meg Mario Draghi az EKB eln\u00f6ke az eur\u00f3\u00f6vezeti jegybank kor\u00e1bbi \u00e1ll\u00e1spontj\u00e1t.<\/strong><!--more--><\/p>\n<div class=\"ads-in-post1\"><div id=\"gazdasagportal.hu_fullbanner_wideboard\"><\/div>\r\n<\/div>\n<p>    Az Eur\u00f3pai K\u00f6zponti Bank (EKB) korm\u00e1nyz\u00f3tan\u00e1cs\u00e1nak cs\u00fct\u00f6rt\u00f6ki monet\u00e1ris politikai d\u00f6nt\u00e9shoz\u00f3 \u00fcl\u00e9s\u00e9t k\u00f6vet\u0151 sajt\u00f3t\u00e1j\u00e9koztat\u00f3n a bank eln\u00f6ke elmondta: az eur\u00f3\u00f6vezeti n\u00f6veked\u00e9st vesz\u00e9lyeztet\u0151 kock\u00e1zatok tov\u00e1bbra is kiegyens\u00falyozottnak tekinthet\u0151k, b\u00e1r a protekcionista t\u00f6rekv\u00e9sekkel \u00e9s a felt\u00f6rekv\u0151 t\u00e9rs\u00e9gekben jelentkez\u0151 s\u00e9r\u00fcl\u00e9kenys\u00e9gekkel p\u00e1rhuzamosan az ut\u00f3bbi id\u0151kben \u00e9lez\u0151d\u00f6tt a p\u00e9nzpiacok volatilit\u00e1sa.<br \/>\n    Mario Draghi az el\u0151z\u0151 \u00fcl\u00e9st k\u00f6vet\u0151en is a protekcionizmust \u00e9s a piaci volatilit\u00e1st nevezte meg a legf\u0151bb n\u00f6veked\u00e9si kock\u00e1zatnak.<br \/>\n    A jegybankeln\u00f6k elmond\u00e1sa szerint a legfrissebb makrogazdas\u00e1gi mutat\u00f3k is meger\u0151s\u00edttett\u00e9k a monet\u00e1ris politikai d\u00f6nt\u00e9shoz\u00f3kat abb\u00e9li meggy\u0151z\u0151d\u00e9s\u00fckben, hogy az eur\u00f3\u00f6vezeti gazdas\u00e1gi n\u00f6veked\u00e9s &#8211; b\u00e1r valamivel lass\u00fabb \u00fctemben, de &#8211; sz\u00e9les alapokra t\u00e1maszkodva folytat\u00f3dik a jegybanki c\u00e9lt k\u00f6zel\u00edt\u0151 infl\u00e1ci\u00f3s r\u00e1ta mellett.<br \/>\n<div class=\"ads-in-post2\"><script async src=\"https:\/\/pagead2.googlesyndication.com\/pagead\/js\/adsbygoogle.js\"><\/script>\r\n<ins class=\"adsbygoogle\"\r\n     style=\"display:block\"\r\n     data-ad-format=\"fluid\"\r\n     data-ad-layout-key=\"-6t+ed+2i-1n-4w\"\r\n     data-ad-client=\"ca-pub-1959107119989764\"\r\n     data-ad-slot=\"4008251320\"><\/ins>\r\n<script>\r\n     (adsbygoogle = window.adsbygoogle || []).push({});\r\n<\/script><\/div>\n    Az EKB kiss\u00e9 cs\u00f6kkentette n\u00f6veked\u00e9si el\u0151rejelz\u00e9s\u00e9t: az idei eur\u00f3\u00f6vezeti GDP-n\u00f6veked\u00e9s a j\u00faniusi kamatd\u00f6nt\u0151 \u00fcl\u00e9sen jelzett 2,1 sz\u00e1zal\u00e9k helyett 2,0 sz\u00e1zal\u00e9k, a 2019-es 1,9 sz\u00e1zal\u00e9k helyett 1,8 sz\u00e1zal\u00e9k, a 2020-as pedig a j\u00faniusban jelzettel megegyez\u0151 1,7 sz\u00e1zal\u00e9k lesz. Az EKB a tavalyi 1,5 sz\u00e1zal\u00e9kos infl\u00e1ci\u00f3 ut\u00e1n az id\u00e9n \u00e9s j\u00f6v\u0151re, valamint 2020-ban is 1,7 sz\u00e1zal\u00e9kos infl\u00e1ci\u00f3t v\u00e1r. Az EKB c\u00e9lja 2,0 sz\u00e1zal\u00e9k alatti, azt megk\u00f6zel\u00edt\u0151 infl\u00e1ci\u00f3 kialak\u00edt\u00e1sa az eur\u00f3\u00f6vezetben, ami teljes\u00fclni l\u00e1tszik<br \/>\n    Mario Draghi a t\u00e1j\u00e9koztat\u00f3n kijelentette: &#8222;meggy\u0151z\u0151d\u00e9s\u00fcnk, hogy a gazdas\u00e1gi n\u00f6veked\u00e9s stabilit\u00e1sa lehet\u0151v\u00e9 teszi a c\u00e9lhoz k\u00f6zel\u00edt\u0151 infl\u00e1ci\u00f3val p\u00e1rhuzamosan az eszk\u00f6zv\u00e1s\u00e1rl\u00e1si program kivezet\u00e9s\u00e9t&#8221;. Az el\u0151z\u0151, j\u00faniusi kamatd\u00f6nt\u0151 \u00fcl\u00e9st k\u00f6vet\u0151 t\u00e1j\u00e9koztat\u00f3j\u00e1ban a jegybankeln\u00f6k m\u00e9g a cs\u00f6kkentett \u00f6sszeg\u0171 eszk\u00f6zv\u00e1s\u00e1rl\u00e1si program \u00e9v v\u00e9g\u00e9ig t\u00f6rt\u00e9n\u0151 fenntart\u00e1s\u00e1ra helyezte a hangs\u00falyt.<br \/>\n    A mostani t\u00e1j\u00e9koztat\u00f3n kijelentette: &#8222;az eszk\u00f6zv\u00e1s\u00e1rl\u00e1sok havi t\u00e9tel\u00e9t 15 milli\u00e1rd eur\u00f3ra cs\u00f6kkentj\u00fck az \u00e9v v\u00e9g\u00e9ig, \u00e9s amennyiben a be\u00e9rkez\u0151 adatok meger\u0151s\u00edtik k\u00f6z\u00e9pt\u00e1v\u00fa infl\u00e1ci\u00f3s el\u0151rejelz\u00e9s\u00fcnket az \u00e9v v\u00e9g\u00e9n az eszk\u00f6zv\u00e1s\u00e1rl\u00e1sokat be is fejezz\u00fck&#8221;.<br \/>\n    Az EKB korm\u00e1nyz\u00f3tan\u00e1csa cs\u00fct\u00f6rt\u00f6k\u00f6n a piaci v\u00e1rakoz\u00e1sokkal \u00f6sszhangban v\u00e1ltozatlanul hagyta az ir\u00e1nyad\u00f3 refinansz\u00edroz\u00e1si m\u0171veletek 0,00 sz\u00e1zal\u00e9kos kamatl\u00e1b\u00e1t, valamint az akt\u00edv oldali \u00e9s a bet\u00e9ti rendelkez\u00e9sre \u00e1ll\u00e1s kamatl\u00e1b\u00e1nak 0,25 sz\u00e1zal\u00e9kos, illetve m\u00ednusz 0,40 sz\u00e1zal\u00e9kos szintj\u00e9t.<br \/>\n    Az EKB d\u00f6nt\u00e9st k\u00f6vet\u0151en kiadott k\u00f6zlem\u00e9nye hangs\u00falyozta: a korm\u00e1nyz\u00f3tan\u00e1cs arra sz\u00e1m\u00edt, hogy az EKB ir\u00e1nyad\u00f3 kamatai legal\u00e1bb 2019 nyar\u00e1ig jelenlegi szintj\u00fck\u00f6n maradnak, mindenesetre addig, ameddig sz\u00fcks\u00e9ges annak a biztos\u00edt\u00e1s\u00e1hoz, hogy az infl\u00e1ci\u00f3 k\u00f6z\u00e9pt\u00e1von tov\u00e1bbra is tart\u00f3san a 2 sz\u00e1zal\u00e9k alatti, de ahhoz k\u00f6zeli szintek fel\u00e9 tartson.<br \/>\n    Az EKB k\u00f6zlem\u00e9ny\u00e9ben bejelentette: a korm\u00e1nyz\u00f3tan\u00e1cs szeptember v\u00e9g\u00e9ig a jelenlegi 30 milli\u00e1rd eur\u00f3s havi \u00fctemben folytatja a nett\u00f3 eszk\u00f6zv\u00e1s\u00e1rl\u00e1st. Okt\u00f3bert\u0151l pedig a nett\u00f3 eszk\u00f6zv\u00e1s\u00e1rl\u00e1s havi \u00fctem\u00e9t az idei \u00e9v v\u00e9g\u00e9ig 15 milli\u00e1rd eur\u00f3ra cs\u00f6kkentik \u00e9s amennyiben a be\u00e9rkez\u0151 adatok meger\u0151s\u00edtik a k\u00f6z\u00e9pt\u00e1v\u00fa infl\u00e1ci\u00f3s v\u00e1rakoz\u00e1st, a nett\u00f3 eszk\u00f6zv\u00e1s\u00e1rl\u00e1st megsz\u00fcntetik.<br \/>\n(MTI)<\/p>\n","protected":false},"excerpt":{"rendered":"<p>A tov\u00e1bbra is fenn\u00e1ll\u00f3 kock\u00e1zatok ellen\u00e9re is fenntarthat\u00f3nak \u00edg\u00e9rkez\u0151, sz\u00e9les alapokra t\u00e1maszkod\u00f3 eur\u00f3\u00f6vezeti gazdas\u00e1gi n\u00f6veked\u00e9s, illetve a c\u00e9lt k\u00f6zel\u00edt\u0151 infl\u00e1ci\u00f3 mellett lehet\u0151v\u00e9 v\u00e1lik a gazdas\u00e1g\u00f6szt\u00f6nz\u0151 c\u00e9l\u00fa eszk\u00f6zv\u00e1s\u00e1rl\u00e1si program kivezet\u00e9se az \u00e9v v\u00e9g\u00e9n &#8211; er\u0151s\u00edtette meg Mario Draghi az EKB eln\u00f6ke az eur\u00f3\u00f6vezeti jegybank kor\u00e1bbi \u00e1ll\u00e1spontj\u00e1t.<\/p>\n","protected":false},"author":1,"featured_media":20373,"comment_status":"closed","ping_status":"open","sticky":false,"template":"","format":"standard","meta":[],"categories":[146,12,246],"tags":[],"_links":{"self":[{"href":"https:\/\/gazdasagportal.hu\/index.php\/wp-json\/wp\/v2\/posts\/108846"}],"collection":[{"href":"https:\/\/gazdasagportal.hu\/index.php\/wp-json\/wp\/v2\/posts"}],"about":[{"href":"https:\/\/gazdasagportal.hu\/index.php\/wp-json\/wp\/v2\/types\/post"}],"author":[{"embeddable":true,"href":"https:\/\/gazdasagportal.hu\/index.php\/wp-json\/wp\/v2\/users\/1"}],"replies":[{"embeddable":true,"href":"https:\/\/gazdasagportal.hu\/index.php\/wp-json\/wp\/v2\/comments?post=108846"}],"version-history":[{"count":1,"href":"https:\/\/gazdasagportal.hu\/index.php\/wp-json\/wp\/v2\/posts\/108846\/revisions"}],"predecessor-version":[{"id":108847,"href":"https:\/\/gazdasagportal.hu\/index.php\/wp-json\/wp\/v2\/posts\/108846\/revisions\/108847"}],"wp:featuredmedia":[{"embeddable":true,"href":"https:\/\/gazdasagportal.hu\/index.php\/wp-json\/wp\/v2\/media\/20373"}],"wp:attachment":[{"href":"https:\/\/gazdasagportal.hu\/index.php\/wp-json\/wp\/v2\/media?parent=108846"}],"wp:term":[{"taxonomy":"category","embeddable":true,"href":"https:\/\/gazdasagportal.hu\/index.php\/wp-json\/wp\/v2\/categories?post=108846"},{"taxonomy":"post_tag","embeddable":true,"href":"https:\/\/gazdasagportal.hu\/index.php\/wp-json\/wp\/v2\/tags?post=108846"}],"curies":[{"name":"wp","href":"https:\/\/api.w.org\/{rel}","templated":true}]}}