{"id":108842,"date":"2018-09-13T15:24:43","date_gmt":"2018-09-13T13:24:43","guid":{"rendered":"http:\/\/gazdasagportal.hu\/?p=108842"},"modified":"2018-09-13T15:24:43","modified_gmt":"2018-09-13T13:24:43","slug":"a-wolf-theiss-boviti-tarsasagi-jogi-es-peres-praxisat-budapesten","status":"publish","type":"post","link":"https:\/\/gazdasagportal.hu\/index.php\/a-wolf-theiss-boviti-tarsasagi-jogi-es-peres-praxisat-budapesten\/","title":{"rendered":"A Wolf Theiss b\u0151v\u00edti t\u00e1rsas\u00e1gi jogi \u00e9s peres praxis\u00e1t budapesten"},"content":{"rendered":"<p><strong>A Wolf Theiss \u00faj koll\u00e9g\u00e1k csatlakoz\u00e1s\u00e1t jelentette be Budapesten: Er\u0151s \u00c1kos, M&amp;A szak\u00e9rt\u0151, a Squire Patton Boggs kor\u00e1bbi budapesti irod\u00e1j\u00e1nak vezet\u0151 partnere, N\u00e1dor Judit \u00e9s Tam\u00e1si Art\u00far szenior \u00fcgyv\u00e9dek \u00e9s Budai \u00c1gnes \u00fcgyv\u00e9d a Squire Patton Boggs-t\u00f3l csatlakoznak az irod\u00e1hoz, hogy tov\u00e1bb er\u0151s\u00edts\u00e9k a Wolf Theiss kiemelked\u0151 t\u00e1rsas\u00e1gi jogi\/M&amp;A \u00e9s peres praxisait.<\/strong><!--more--><\/p>\n<div class=\"ads-in-post1\"><div id=\"gazdasagportal.hu_fullbanner_wideboard\"><\/div>\r\n<\/div>\n<p>Az \u00faj koll\u00e9g\u00e1k sz\u00e1mos bonyolult hazai \u00e9s hat\u00e1rokon \u00e1tny\u00fal\u00f3 \u00fcgylet sor\u00e1n szerzett jogi szaktan\u00e1csad\u00e1si tapasztalattal rendelkez\u0151, sz\u00e9lesk\u00f6r\u0171en elismert vezet\u0151 \u00fcgyv\u00e9dek a t\u00e1rsas\u00e1gi jog, valamint peres \u00fcgyek ter\u00fclet\u00e9n.<\/p>\n<p>Er\u0151s \u00c1kos, partner M&amp;A tranzakci\u00f3kra, mag\u00e1nt\u0151ke-befektet\u00e9sekre, MBO-ra, \u00e9s egy\u00e9b t\u00e1rsas\u00e1gi jogi \u00fcgyekre szakosodott. Az \u00e9vek sor\u00e1n t\u00f6bb jelent\u0151s magyarorsz\u00e1gi v\u00e1llalatfelv\u00e1s\u00e1rl\u00e1si \u00e9s t\u0151kepiaci \u00fcgyletben l\u00e1tott el k\u00e9pviseletet. A Squire Patton Boggs budapesti irod\u00e1j\u00e1nak kor\u00e1bbi magyarorsz\u00e1gi vezet\u0151 partnerek\u00e9nt szerzett szakmai tapasztalata, \u00e9s megold\u00e1s orient\u00e1lt \u00fczleti megk\u00f6zel\u00edt\u00e9se a Wolf Theiss hazai \u00e9s region\u00e1lis M&amp;A praxis\u00e1nak t\u00f6k\u00e9letes kieg\u00e9sz\u00edt\u00e9se lesz.<\/p><div id=\"gazda-3890603469\" class=\"gazda-tartalomban gazda-entity-placement\"><script async src=\"https:\/\/pagead2.googlesyndication.com\/pagead\/js\/adsbygoogle.js\"><\/script>\r\n<ins class=\"adsbygoogle\"\r\n     style=\"display:block\"\r\n     data-ad-format=\"fluid\"\r\n     data-ad-layout-key=\"-6t+ed+2i-1n-4w\"\r\n     data-ad-client=\"ca-pub-1959107119989764\"\r\n     data-ad-slot=\"4008251320\"><\/ins>\r\n<script>\r\n     (adsbygoogle = window.adsbygoogle || []).push({});\r\n<\/script><\/div>\n<p><strong>N\u00e1dor Judit<\/strong>, szenior \u00fcgyv\u00e9d, a t\u00e1rsas\u00e1gi jogra \u00e9s a munkajogra specializ\u00e1l\u00f3dott. Sz\u00e9lesk\u00f6r\u0171 tapasztalattal rendelkezik az M&amp;A \u00fcgyletek, valamint az \u00e1ltal\u00e1nos t\u00e1rsas\u00e1gi jog ter\u00fclet\u00e9n, sz\u00e1mos privatiz\u00e1ci\u00f3ban \u00e9s v\u00e1llalatfelv\u00e1s\u00e1rl\u00e1sban vett r\u00e9szt.<\/p>\n<p><strong>Tam\u00e1s Art\u00far<\/strong>, szenior \u00fcgyv\u00e9d, magyar kereskedelmi jogvit\u00e1kban, magyar \u00e9s nemzetk\u00f6zi v\u00e1lasztottb\u00edr\u00f3s\u00e1gi elj\u00e1r\u00e1sokban, v\u00e9grehajt\u00e1si elj\u00e1r\u00e1sokban, \u00e1llamigazgat\u00e1si elj\u00e1r\u00e1sokban \u00e9s perekben, valamint k\u00f6zjogi \u00e9s b\u00fcntet\u0151jogi peres \u00fcgyekben l\u00e1t el k\u00e9pviseletet.<\/p>\n<p><strong>Budai \u00c1gnes<\/strong>, \u00fcgyv\u00e9d szint\u00e9n a t\u00e1rsas\u00e1gi jogi csapatot fogja er\u0151s\u00edteni. Praxis\u00e1t a t\u00e1rsas\u00e1gi jog k\u00fcl\u00f6nb\u00f6z\u0151 ter\u00fcleteire, k\u00f6zt\u00fck az egyes\u00fcl\u00e9sekre \u00e9s felv\u00e1s\u00e1rl\u00e1sokra, nemzetk\u00f6zi \u00fczleti, t\u00e1vk\u00f6zl\u00e9si, versenyjogi \u00e9s v\u00e9djegyekkel kapcsolatos \u00fcgyekre \u00f6sszpontos\u00edtja.<\/p>\n<div class=\"ads-in-post2\"><script async src=\"https:\/\/pagead2.googlesyndication.com\/pagead\/js\/adsbygoogle.js\"><\/script>\r\n<ins class=\"adsbygoogle\"\r\n     style=\"display:block\"\r\n     data-ad-format=\"fluid\"\r\n     data-ad-layout-key=\"-6t+ed+2i-1n-4w\"\r\n     data-ad-client=\"ca-pub-1959107119989764\"\r\n     data-ad-slot=\"4008251320\"><\/ins>\r\n<script>\r\n     (adsbygoogle = window.adsbygoogle || []).push({});\r\n<\/script><\/div>\n<em>\u201cNagy \u00f6r\u00f6m\u00fcnkre szolg\u00e1l, hogy a k\u00f6z\u00e9p-kelet-eur\u00f3pai \u00e9s d\u00e9lkelet-eur\u00f3pai r\u00e9gi\u00f3 egyik vezet\u0151 \u00fcgyv\u00e9di irod\u00e1j\u00e1hoz csatlakozhatunk \u00e9s a Wolf Theiss kiv\u00e1l\u00f3 csapat\u00e1hoz tartozhatunk&#8221;<\/em> mondta Er\u0151s \u00c1kos. <em>&#8222;Egy\u00fcttm\u0171k\u00f6dve nemcsak Magyarorsz\u00e1gon, hanem a CEE r\u00e9gi\u00f3ban is a legmagasabb szinten szolg\u00e1lhatjuk tov\u00e1bb \u00fcgyfeleinket.&#8221;<\/em><\/p>\n<p>Faludi Zolt\u00e1n, a Wolf Theiss budapesti irod\u00e1j\u00e1nak vezet\u0151 partnere a k\u00f6vetkez\u0151ket mondta: <em>\u201c\u00d6r\u00f6mmel v\u00e1rjuk azokat az \u00faj lehet\u0151s\u00e9geket, amiket ez a b\u0151v\u00fcl\u00e9s hoz. \u00c1kos, \u00c1kos, Judit, \u00c1gnes \u00e9s Art\u00far tov\u00e1bb er\u0151s\u00edtik a budapesti irod\u00e1t, szakmai tud\u00e1suk pedig nagy \u00e9rt\u00e9k jelent \u00fcgyfeleinknek.\u201d<\/em><\/p>\n<p>&#8222;<em>Komoly lehet\u0151s\u00e9geket l\u00e1tunk arra, hogy hat\u00e1rokon \u00e1t\u00edvel\u0151 tranzakci\u00f3k sor\u00e1n, els\u0151sorban a k\u00f6z\u00e9p- \u00e9s kelet-eur\u00f3pai ter\u00fcleten, \u00e9p\u00edthess\u00fcnk a csatlakoz\u00f3 koll\u00e9g\u00e1k M&amp;A \u00e9s energetikai projektekben szerzett szaktud\u00e1s\u00e1ra, tapasztalataira.<\/em>\u201d mondta Kenyeres L\u00e1szl\u00f3, a Wolf Theiss budapesti irod\u00e1j\u00e1nak partnere.<\/p>\n<p>&#8222;<em>Er\u0151s \u00c1kos \u00e9rkez\u00e9se fontos m\u00e9rf\u00f6ldk\u00f6vet jelent az iroda magyarorsz\u00e1gi praxis\u00e1nak fejl\u0151d\u00e9s\u00e9ben \u00e9s tov\u00e1bbi l\u00e9p\u00e9s irod\u00e1nk dinamikus terjeszked\u00e9s\u00e9ben a r\u00e9gi\u00f3ban.<\/em>\u201d &#8211; jegyezte meg T\u00f3th J\u00e1nos, a budapesti t\u00e1rsas\u00e1gi jogi, egyes\u00fcl\u00e9si \u00e9s felv\u00e1s\u00e1rl\u00e1si praxis\u00e1nak vezet\u0151je.<\/p>\n<p>\u201c<em>\u00d6r\u00f6mmel \u00fcdv\u00f6z\u00f6lj\u00fck \u00c1kost \u00e9s csapat\u00e1t az irod\u00e1n\u00e1l<\/em>,\u201d mondta Erik Steger, a Wolf Theiss vezet\u0151 partnere. &#8222;<em>Region\u00e1lis platformunkon Magyarorsz\u00e1g kulcsfontoss\u00e1g\u00fa piac, izgalmas lehet\u0151s\u00e9gekkel. Az \u00faj koll\u00e9g\u00e1k \u00e9rkez\u00e9se t\u00f6k\u00e9letesen kieg\u00e9sz\u00edti megl\u00e9v\u0151 magyarorsz\u00e1gi piacvezet\u0151 praxisunkat.<\/em>&#8221;<\/p>\n<p><strong>A WOLF THEISS<\/strong><\/p>\n<p>A k\u00f6zelm\u00faltban <em>Az \u00c9v \u00dcgyv\u00e9di Irod\u00e1ja Magyarorsz\u00e1gon<\/em> d\u00edjat elnyer\u0151 Faludi Wolf Theiss 2007 november\u00e9ben jelent meg a hazai piacon a Wolf Theiss h\u00e1l\u00f3zat teljes jog\u00fa tagjak\u00e9nt, \u00e9s az az\u00f3ta eltelt 10 \u00e9v alatt m\u00e9lt\u00e1n v\u00edvta ki rangos \u00e9s az \u00fczleti \u00e9letben meghat\u00e1roz\u00f3 s\u00fallyal jelen l\u00e9v\u0151 \u00fcgyfelei elismer\u00e9s\u00e9t. Jelenleg t\u00f6bb mint 20 f\u0151t meghalad\u00f3 jogi csapata prominens magyar \u00e9s nemzetk\u00f6zi t\u00e1rsas\u00e1goknak, bankoknak \u00e9s befektet\u0151knek, valamint mag\u00e1n- \u00e9s \u00e1llami int\u00e9zm\u00e9nyeknek ny\u00fajt jogi szolg\u00e1ltat\u00e1sokat nemzetk\u00f6zi \u00e9s hazai tranzakci\u00f3kban, peres elj\u00e1r\u00e1sokban \u00e9s ad\u00f3\u00fcgyekben egyar\u00e1nt. Az iroda energetikai praxis\u00e1t a vezet\u0151 nemzetk\u00f6zi \u00fcgyv\u00e9di rangsorok egy\u00f6ntet\u0171en a &#8222;Tier 1&#8221;, azaz a legmagasabb, piacvezet\u0151 kateg\u00f3ri\u00e1ba sorolj\u00e1k.<\/p>\n","protected":false},"excerpt":{"rendered":"<p>A Wolf Theiss \u00faj koll\u00e9g\u00e1k csatlakoz\u00e1s\u00e1t jelentette be Budapesten: Er\u0151s \u00c1kos, M&amp;A szak\u00e9rt\u0151, a Squire Patton Boggs kor\u00e1bbi budapesti irod\u00e1j\u00e1nak vezet\u0151 partnere, N\u00e1dor Judit \u00e9s Tam\u00e1si Art\u00far szenior \u00fcgyv\u00e9dek \u00e9s Budai \u00c1gnes \u00fcgyv\u00e9d a Squire Patton Boggs-t\u00f3l csatlakoznak az irod\u00e1hoz, hogy tov\u00e1bb er\u0151s\u00edts\u00e9k a Wolf Theiss kiemelked\u0151 t\u00e1rsas\u00e1gi jogi\/M&amp;A \u00e9s peres praxisait.<\/p>\n","protected":false},"author":1,"featured_media":0,"comment_status":"closed","ping_status":"open","sticky":false,"template":"","format":"standard","meta":[],"categories":[19],"tags":[],"_links":{"self":[{"href":"https:\/\/gazdasagportal.hu\/index.php\/wp-json\/wp\/v2\/posts\/108842"}],"collection":[{"href":"https:\/\/gazdasagportal.hu\/index.php\/wp-json\/wp\/v2\/posts"}],"about":[{"href":"https:\/\/gazdasagportal.hu\/index.php\/wp-json\/wp\/v2\/types\/post"}],"author":[{"embeddable":true,"href":"https:\/\/gazdasagportal.hu\/index.php\/wp-json\/wp\/v2\/users\/1"}],"replies":[{"embeddable":true,"href":"https:\/\/gazdasagportal.hu\/index.php\/wp-json\/wp\/v2\/comments?post=108842"}],"version-history":[{"count":1,"href":"https:\/\/gazdasagportal.hu\/index.php\/wp-json\/wp\/v2\/posts\/108842\/revisions"}],"predecessor-version":[{"id":108843,"href":"https:\/\/gazdasagportal.hu\/index.php\/wp-json\/wp\/v2\/posts\/108842\/revisions\/108843"}],"wp:attachment":[{"href":"https:\/\/gazdasagportal.hu\/index.php\/wp-json\/wp\/v2\/media?parent=108842"}],"wp:term":[{"taxonomy":"category","embeddable":true,"href":"https:\/\/gazdasagportal.hu\/index.php\/wp-json\/wp\/v2\/categories?post=108842"},{"taxonomy":"post_tag","embeddable":true,"href":"https:\/\/gazdasagportal.hu\/index.php\/wp-json\/wp\/v2\/tags?post=108842"}],"curies":[{"name":"wp","href":"https:\/\/api.w.org\/{rel}","templated":true}]}}