{"id":108833,"date":"2018-09-13T12:00:17","date_gmt":"2018-09-13T10:00:17","guid":{"rendered":"http:\/\/gazdasagportal.hu\/?p=108833"},"modified":"2018-09-13T12:00:17","modified_gmt":"2018-09-13T10:00:17","slug":"digitalisan-felkeszultebbnek-erzik-magukat-a-magyar-cegek","status":"publish","type":"post","link":"https:\/\/gazdasagportal.hu\/index.php\/digitalisan-felkeszultebbnek-erzik-magukat-a-magyar-cegek\/","title":{"rendered":"Digit\u00e1lisan felk\u00e9sz\u00fcltebbnek \u00e9rzik magukat a magyar c\u00e9gek"},"content":{"rendered":"<p><strong>\u00d6sszetettebben l\u00e1tj\u00e1k \u00e9s felk\u00e9sz\u00fcltebbnek \u00e9rzik magukat a digitaliz\u00e1ci\u00f3ra a magyar c\u00e9gek, mint k\u00e9t \u00e9vvel ezel\u0151tt &#8211; mondta Dale A. Martin, a Siemens Zrt. eln\u00f6k-vez\u00e9rigazgat\u00f3ja a 2018-as digitaliz\u00e1ci\u00f3s kutat\u00e1s eredm\u00e9nyeit bemutat\u00f3 sajt\u00f3t\u00e1j\u00e9koztat\u00f3n cs\u00fct\u00f6rt\u00f6k\u00f6n Budapesten.<\/strong><!--more--><\/p>\n<div class=\"ads-in-post1\"><div id=\"gazdasagportal.hu_fullbanner_wideboard\"><\/div>\r\n<\/div>\n<p>    Hozz\u00e1tette: a megk\u00e9rdezett v\u00e1llalatok t\u00f6bbs\u00e9ge \u00fagy l\u00e1tja, hogy a digitaliz\u00e1ci\u00f3 tov\u00e1bbra is versenyel\u0151nyt jelent a hazai \u00e9s a region\u00e1lis piacon. A digitaliz\u00e1ci\u00f3 a n\u00f6veked\u00e9s hajt\u00f3ereje, seg\u00edts\u00e9g\u00e9vel a v\u00e1llalatok hat\u00e9konyabb\u00e1, rugalmasabb\u00e1 \u00e9s gyorsabb\u00e1 tehetik m\u0171k\u00f6d\u00e9s\u00fcket, ami elengedhetetlen a jelenlegi piaci k\u00f6rnyezetben. A digit\u00e1lis \u00e1talakul\u00e1sb\u00f3l igazi versenyel\u0151nyre pedig azok tudnak majd szert tenni, akik felismerik \u00e9s \u00e9lni is tudnak a bel\u0151le fakad\u00f3 sz\u00e1mos \u00faj \u00fczleti lehet\u0151s\u00e9ggel &#8211; h\u00fazta al\u00e1.<br \/>\n    Madar Norbert, a GKI Digital kutat\u00e1svezet\u0151je arr\u00f3l besz\u00e9lt, hogy a magyar k\u00f6z\u00e9p- \u00e9s nagyv\u00e1llalatok digitaliz\u00e1ci\u00f3s indexe 2018-ban 3,5-\u00f6s \u00e9rt\u00e9ket \u00e9rt el az \u00f6tfokozat\u00fa sk\u00e1l\u00e1n, a 2016-ossal megegyez\u0151en. Hozz\u00e1tette: v\u00e1ltozott ugyanakkor a v\u00e1llalatok k\u00f6r\u00e9ben a digitaliz\u00e1ci\u00f3 meg\u00edt\u00e9l\u00e9se, a c\u00e9gek 61 sz\u00e1zal\u00e9ka szerint a digitaliz\u00e1ci\u00f3 hozz\u00e1j\u00e1rult hat\u00e9konys\u00e1guk n\u00f6vel\u00e9s\u00e9hez.<br \/>\n<div class=\"ads-in-post2\"><script async src=\"https:\/\/pagead2.googlesyndication.com\/pagead\/js\/adsbygoogle.js\"><\/script>\r\n<ins class=\"adsbygoogle\"\r\n     style=\"display:block\"\r\n     data-ad-format=\"fluid\"\r\n     data-ad-layout-key=\"-6t+ed+2i-1n-4w\"\r\n     data-ad-client=\"ca-pub-1959107119989764\"\r\n     data-ad-slot=\"4008251320\"><\/ins>\r\n<script>\r\n     (adsbygoogle = window.adsbygoogle || []).push({});\r\n<\/script><\/div>\n     Az \u00e1gazatok k\u00f6z\u00fcl a magas fok\u00fa digitaliz\u00e1lts\u00e1g versenyel\u0151nyk\u00e9nt az energiaszektorban jelenik meg a legjobban, a szerepl\u0151k 30 sz\u00e1zal\u00e9ka k\u00f6zepes, 64 sz\u00e1zal\u00e9ka nagy versenyel\u0151nyt tulajdon\u00edt a digitaliz\u00e1ci\u00f3nak &#8211; mondta az eln\u00f6k-vez\u00e9rigazgat\u00f3.<br \/>\n    Madar Norbert r\u00e1mutatott: a digitaliz\u00e1ci\u00f3 alatt a megk\u00e9rdezettek t\u00f6bbnyire a szervezet megl\u00e9v\u0151 szoftvereinek \u00f6sszekapcsol\u00e1s\u00e1t, h\u00e1l\u00f3zatban val\u00f3 kezel\u00e9s\u00e9t, illetve a digit\u00e1lis adatgy\u0171jt\u00e9st \u00e9s adatelemz\u00e9st \u00e9rtik, ami a kor\u00e1bbin\u00e1l \u00f6sszetettebb l\u00e1t\u00e1sm\u00f3dot mutat. T\u00edzb\u0151l h\u00e9t c\u00e9g szerint a digitaliz\u00e1ci\u00f3t legink\u00e1bb a munkaer\u0151hi\u00e1ny h\u00e1tr\u00e1ltatja, ami minden \u00e1gazatban megjelenik. Emellett az anyagi felt\u00e9teleket is ide sorolt\u00e1k, ugyanakkor a szervezetek rugalmatlans\u00e1ga cs\u00f6kkent.<br \/>\n    Ismertette: a GKI Digital lakoss\u00e1gi kutat\u00e1s\u00e1ban a v\u00e1laszol\u00f3k a navig\u00e1ci\u00f3s t\u00e9rk\u00e9pet, az online m\u00e9di\u00e1t, a digit\u00e1lis fot\u00f3albumot, valamint a jegyv\u00e1s\u00e1rl\u00e1st emelt\u00e9k ki, ahol a legink\u00e1bb elterjedt a digitaliz\u00e1ci\u00f3.<br \/>\n    Koncz P\u00e9ter, a Nemzeti K\u00f6zm\u0171vek vez\u00e9rigazgat\u00f3-helyettese jelent\u0151s eredm\u00e9nynek nevezte, hogy az \u00fcgyfelek 30 sz\u00e1zal\u00e9k\u00e1nak &#8211; f\u00e9lmilli\u00f3 embernek &#8211; m\u00e1r pap\u00edrmentesen sz\u00e1ml\u00e1znak.<br \/>\n    A Siemens Zrt. megb\u00edz\u00e1s\u00e1b\u00f3l a GKI Digital mintegy 500 magyar kis-, k\u00f6z\u00e9p- \u00e9s nagyv\u00e1llalat k\u00f6r\u00e9ben k\u00e9sz\u00edtett reprezentat\u00edv felm\u00e9r\u00e9st. A kutat\u00e1sban a Siemens sz\u00e1m\u00e1ra relev\u00e1ns \u00f6t \u00e1gazatban &#8211; energia, eg\u00e9szs\u00e9g\u00fcgy, k\u00f6zleked\u00e9s, ipari gy\u00e1rt\u00e1s \u00e9s ingatlanfejleszt\u00e9s &#8211; tev\u00e9kenyked\u0151 c\u00e9geket vizsg\u00e1lt\u00e1k \u00e9s id\u00e9n a k\u00f6z\u00e9p- \u00e9s nagyv\u00e1llalatok mellett a kisv\u00e1llalati szektort is bevont\u00e1k.<br \/>\n    A Siemens AG a vil\u00e1g egyik vezet\u0151 technol\u00f3giai v\u00e1llalata, a legut\u00f3bbi, tavaly szeptember 30-\u00e1val z\u00e1rult gazdas\u00e1gi \u00e9vben a Siemens 83 milli\u00e1rd eur\u00f3 \u00e1rbev\u00e9telt, valamint 6,2 milli\u00e1rd eur\u00f3 ad\u00f3z\u00e1s ut\u00e1ni eredm\u00e9nyt \u00e9rt el \u00e9s mintegy 372 ezer munkat\u00e1rsat foglalkoztatott vil\u00e1gszerte. Magyarorsz\u00e1gon t\u00f6bb mint 3500 munkat\u00e1rsat foglalkoztat.<br \/>\n(MTI)<\/p>\n","protected":false},"excerpt":{"rendered":"<p>\u00d6sszetettebben l\u00e1tj\u00e1k \u00e9s felk\u00e9sz\u00fcltebbnek \u00e9rzik magukat a digitaliz\u00e1ci\u00f3ra a magyar c\u00e9gek, mint k\u00e9t \u00e9vvel ezel\u0151tt &#8211; mondta Dale A. Martin, a Siemens Zrt. eln\u00f6k-vez\u00e9rigazgat\u00f3ja a 2018-as digitaliz\u00e1ci\u00f3s kutat\u00e1s eredm\u00e9nyeit bemutat\u00f3 sajt\u00f3t\u00e1j\u00e9koztat\u00f3n cs\u00fct\u00f6rt\u00f6k\u00f6n Budapesten.<\/p>\n","protected":false},"author":1,"featured_media":0,"comment_status":"closed","ping_status":"open","sticky":false,"template":"","format":"standard","meta":[],"categories":[4,19],"tags":[],"_links":{"self":[{"href":"https:\/\/gazdasagportal.hu\/index.php\/wp-json\/wp\/v2\/posts\/108833"}],"collection":[{"href":"https:\/\/gazdasagportal.hu\/index.php\/wp-json\/wp\/v2\/posts"}],"about":[{"href":"https:\/\/gazdasagportal.hu\/index.php\/wp-json\/wp\/v2\/types\/post"}],"author":[{"embeddable":true,"href":"https:\/\/gazdasagportal.hu\/index.php\/wp-json\/wp\/v2\/users\/1"}],"replies":[{"embeddable":true,"href":"https:\/\/gazdasagportal.hu\/index.php\/wp-json\/wp\/v2\/comments?post=108833"}],"version-history":[{"count":1,"href":"https:\/\/gazdasagportal.hu\/index.php\/wp-json\/wp\/v2\/posts\/108833\/revisions"}],"predecessor-version":[{"id":108834,"href":"https:\/\/gazdasagportal.hu\/index.php\/wp-json\/wp\/v2\/posts\/108833\/revisions\/108834"}],"wp:attachment":[{"href":"https:\/\/gazdasagportal.hu\/index.php\/wp-json\/wp\/v2\/media?parent=108833"}],"wp:term":[{"taxonomy":"category","embeddable":true,"href":"https:\/\/gazdasagportal.hu\/index.php\/wp-json\/wp\/v2\/categories?post=108833"},{"taxonomy":"post_tag","embeddable":true,"href":"https:\/\/gazdasagportal.hu\/index.php\/wp-json\/wp\/v2\/tags?post=108833"}],"curies":[{"name":"wp","href":"https:\/\/api.w.org\/{rel}","templated":true}]}}