{"id":108784,"date":"2018-09-12T12:42:20","date_gmt":"2018-09-12T10:42:20","guid":{"rendered":"http:\/\/gazdasagportal.hu\/?p=108784"},"modified":"2018-09-12T12:42:20","modified_gmt":"2018-09-12T10:42:20","slug":"equilor-iden-lenduletesen-folytatodik-a-gdp-novekedese","status":"publish","type":"post","link":"https:\/\/gazdasagportal.hu\/index.php\/equilor-iden-lenduletesen-folytatodik-a-gdp-novekedese\/","title":{"rendered":"Equilor: id\u00e9n lend\u00fcletesen folytat\u00f3dik a GDP n\u00f6veked\u00e9se"},"content":{"rendered":"<p><strong>Az Equilor Befektet\u00e9si Zrt. elemz\u0151i szerint id\u00e9n folytat\u00f3dik a magyar gazdas\u00e1g lend\u00fcletes n\u00f6veked\u00e9se, de j\u00f6v\u0151re lassulhat a gazdas\u00e1g dinamik\u00e1ja, id\u00e9n 4,2 sz\u00e1zal\u00e9kkal, j\u00f6v\u0151re 3,3 sz\u00e1zal\u00e9kkal emelkedhet a GDP &#8211; mondta Holecz No\u00e9mi, a t\u00e1rsas\u00e1g vezet\u0151 elemz\u0151je szerd\u00e1n Budapesten.<\/strong><!--more--><\/p>\n<div class=\"ads-in-post1\"><div id=\"gazdasagportal.hu_fullbanner_wideboard\"><\/div>\r\n<\/div>\n<p>    Elmondta: az Equilor szak\u00e9rt\u0151i id\u00e9n 2,9 sz\u00e1zal\u00e9kos, j\u00f6v\u0151re 3,2 sz\u00e1zal\u00e9kos \u00e9ves \u00e1tlagos infl\u00e1ci\u00f3t v\u00e1rnak. Jelezte: ha a ny\u00e1ron megemelkedett p\u00e9nzroml\u00e1si \u00fctem, azaz a 3,4 sz\u00e1zal\u00e9kos infl\u00e1ci\u00f3 a k\u00f6vetkez\u0151 h\u00f3napokban is &#8222;kitart&#8221;, akkor is \u00e9ves szinten 2,9 sz\u00e1zal\u00e9kos marad az infl\u00e1ci\u00f3.<br \/>\n    A t\u00e1rsas\u00e1gn\u00e1l azzal sz\u00e1molnak, hogy a forint\/eur\u00f3 \u00e1rfolyam 323-328-as s\u00e1vban marad.<br \/>\n    A vezet\u0151 elemz\u0151 kiemelte: a Magyar Nemzeti Bank egyel\u0151re kitart az &#8222;ultralaza&#8221; monet\u00e1ris politik\u00e1ja mellett. Ezzel Magyarorsz\u00e1g k\u00fcl\u00f6nb\u00f6zik a r\u00e9gi\u00f3 t\u00f6bbi orsz\u00e1g\u00e1ban folytatott monet\u00e1ris politik\u00e1t\u00f3l, amit a forint \u00e1rfolyam\u00e1nak a t\u00e9rs\u00e9g orsz\u00e1gainak deviz\u00e1ihoz k\u00e9pest tapasztalhat\u00f3 nagyobb le\u00e9rt\u00e9kel\u0151d\u00e9se is mutat. Hozz\u00e1tette: a forint tart\u00f3san gyenge \u00e1rfolyama egy 65 doll\u00e1r feletti hord\u00f3nk\u00e9nti olaj\u00e1r eset\u00e9n az infl\u00e1ci\u00f3 felp\u00f6rg\u00e9s\u00e9t hozhatja mag\u00e1val.<br \/>\n<div class=\"ads-in-post2\"><script async src=\"https:\/\/pagead2.googlesyndication.com\/pagead\/js\/adsbygoogle.js\"><\/script>\r\n<ins class=\"adsbygoogle\"\r\n     style=\"display:block\"\r\n     data-ad-format=\"fluid\"\r\n     data-ad-layout-key=\"-6t+ed+2i-1n-4w\"\r\n     data-ad-client=\"ca-pub-1959107119989764\"\r\n     data-ad-slot=\"4008251320\"><\/ins>\r\n<script>\r\n     (adsbygoogle = window.adsbygoogle || []).push({});\r\n<\/script><\/div>\n    Holecz No\u00e9mi elmondta: a nyitott \u00e9s export-orient\u00e1lt magyar gazdas\u00e1gra a glob\u00e1lis \u00e9s az eur\u00f3pai gazdas\u00e1gi n\u00f6veked\u00e9s pozit\u00edv, de a r\u00e9gi\u00f3t \u00e9rint\u0151 t\u0151kekivon\u00e1s, \u00e9s egy, az Eur\u00f3pai Uni\u00f3ra is kiterjed\u0151 amerikai kereskedelmi h\u00e1bor\u00fa lehet\u0151s\u00e9ge negat\u00edv hat\u00e1ssal van. R\u00e1mutatott: a t\u00f6r\u00f6k v\u00e1ls\u00e1g eleny\u00e9sz\u0151 m\u00e9rt\u00e9kben hat Magyarorsz\u00e1gra, azonban a devizapiaci hat\u00e1sok a j\u00f6v\u0151ben \u00e9rinthetik a forintot is, ami a hazai infl\u00e1ci\u00f3 tov\u00e1bbi megemelked\u00e9s\u00e9t id\u00e9zheti el\u0151.<br \/>\n    Magyarorsz\u00e1gon a n\u00f6veked\u00e9st a bels\u0151 kereslet, a lakoss\u00e1gi fogyaszt\u00e1s is t\u00e1mogatja, a banki hitelez\u00e9s beindult, az ipari termel\u00e9s az aut\u00f3ipar dominanci\u00e1j\u00e1val folyamatosan er\u0151s\u00f6dik. A n\u00f6veked\u00e9s lend\u00fclete j\u00f6v\u0151re t\u00f6bb ok miatt is gyeng\u00fclhet, a mostani uni\u00f3s t\u00e1mogat\u00e1sok kifut\u00e1sa p\u00e9ld\u00e1ul visszafoghatja a beruh\u00e1z\u00e1sokat &#8211; fejtette ki a vezet\u0151 elemz\u0151.<br \/>\n    Nagy k\u00e9rd\u00e9s az is, hogy az Egyes\u00fclt \u00c1llamok eln\u00f6k\u00e9nek tervei, az amerikai kereskedelmi h\u00e1bor\u00fa esetleges kiterjed\u00e9se hogyan \u00e9rinti majd a n\u00e9met aut\u00f3ipart. Ha a n\u00e9met aut\u00f3kra esetleg nagyobb v\u00e9d\u0151v\u00e1mot vetnek ki az Egyes\u00fclt \u00c1llamokban, az el\u0151bb-ut\u00f3bb hat majd ezen nagyobb n\u00e9met aut\u00f3ipari c\u00e9gek magyarorsz\u00e1gi befektet\u00e9seinek termel\u00e9s\u00e9re is &#8211; v\u00e9lekedett Holecz No\u00e9mi.<br \/>\n    K\u00e9rd\u00e9sre elmondta: id\u00e9n m\u00e1r nem v\u00e1rhat\u00f3 az orsz\u00e1g felmin\u0151s\u00edt\u00e9se, arra sz\u00e1m\u00edtanak, hogy a j\u00f6v\u0151 \u00e9v elej\u00e9n felmin\u0151s\u00edtik Magyarorsz\u00e1g ad\u00f3sbesorol\u00e1s\u00e1t, de ez nagyban f\u00fcgg a felt\u00f6rekv\u0151 piacok akkori helyzet\u00e9t\u0151l.<br \/>\n(MTI)<\/p>\n","protected":false},"excerpt":{"rendered":"<p>Az Equilor Befektet\u00e9si Zrt. elemz\u0151i szerint id\u00e9n folytat\u00f3dik a magyar gazdas\u00e1g lend\u00fcletes n\u00f6veked\u00e9se, de j\u00f6v\u0151re lassulhat a gazdas\u00e1g dinamik\u00e1ja, id\u00e9n 4,2 sz\u00e1zal\u00e9kkal, j\u00f6v\u0151re 3,3 sz\u00e1zal\u00e9kkal emelkedhet a GDP &#8211; mondta Holecz No\u00e9mi, a t\u00e1rsas\u00e1g vezet\u0151 elemz\u0151je szerd\u00e1n Budapesten.<\/p>\n","protected":false},"author":1,"featured_media":0,"comment_status":"closed","ping_status":"open","sticky":false,"template":"","format":"standard","meta":[],"categories":[19],"tags":[],"_links":{"self":[{"href":"https:\/\/gazdasagportal.hu\/index.php\/wp-json\/wp\/v2\/posts\/108784"}],"collection":[{"href":"https:\/\/gazdasagportal.hu\/index.php\/wp-json\/wp\/v2\/posts"}],"about":[{"href":"https:\/\/gazdasagportal.hu\/index.php\/wp-json\/wp\/v2\/types\/post"}],"author":[{"embeddable":true,"href":"https:\/\/gazdasagportal.hu\/index.php\/wp-json\/wp\/v2\/users\/1"}],"replies":[{"embeddable":true,"href":"https:\/\/gazdasagportal.hu\/index.php\/wp-json\/wp\/v2\/comments?post=108784"}],"version-history":[{"count":1,"href":"https:\/\/gazdasagportal.hu\/index.php\/wp-json\/wp\/v2\/posts\/108784\/revisions"}],"predecessor-version":[{"id":108785,"href":"https:\/\/gazdasagportal.hu\/index.php\/wp-json\/wp\/v2\/posts\/108784\/revisions\/108785"}],"wp:attachment":[{"href":"https:\/\/gazdasagportal.hu\/index.php\/wp-json\/wp\/v2\/media?parent=108784"}],"wp:term":[{"taxonomy":"category","embeddable":true,"href":"https:\/\/gazdasagportal.hu\/index.php\/wp-json\/wp\/v2\/categories?post=108784"},{"taxonomy":"post_tag","embeddable":true,"href":"https:\/\/gazdasagportal.hu\/index.php\/wp-json\/wp\/v2\/tags?post=108784"}],"curies":[{"name":"wp","href":"https:\/\/api.w.org\/{rel}","templated":true}]}}