{"id":108782,"date":"2018-09-12T11:41:45","date_gmt":"2018-09-12T09:41:45","guid":{"rendered":"http:\/\/gazdasagportal.hu\/?p=108782"},"modified":"2018-09-12T11:41:45","modified_gmt":"2018-09-12T09:41:45","slug":"juliusban-csokkent-eves-bazison-az-euroovezet-ipari-termelese","status":"publish","type":"post","link":"https:\/\/gazdasagportal.hu\/index.php\/juliusban-csokkent-eves-bazison-az-euroovezet-ipari-termelese\/","title":{"rendered":"J\u00faliusban cs\u00f6kkent \u00e9ves b\u00e1zison az eur\u00f3\u00f6vezet ipari termel\u00e9se"},"content":{"rendered":"<p><strong>M\u00e1sf\u00e9l \u00e9ve az els\u0151 alkalommal cs\u00f6kkent \u00e9ves b\u00e1zison az eur\u00f3\u00f6vezet ipari termel\u00e9se j\u00faliusban az Eur\u00f3pai Uni\u00f3 statisztikai hivatala, az Eurostat szerd\u00e1n k\u00f6zz\u00e9tett kimutat\u00e1sa szerint. <\/strong><!--more--><\/p>\n<div class=\"ads-in-post1\"><div id=\"gazdasagportal.hu_fullbanner_wideboard\"><\/div>\r\n<\/div>\n<p>    Az eur\u00f3\u00f6vezetben az egy \u00e9vvel kor\u00e1bbihoz k\u00e9pest 0,1 sz\u00e1zal\u00e9kkal cs\u00f6kkent az ipari termel\u00e9s az id\u00e9n j\u00faliusban a j\u00faniusi 2,3 sz\u00e1zal\u00e9kos \u00e9ves n\u00f6veked\u00e9s ut\u00e1n. A piac 1,0 sz\u00e1zal\u00e9kos \u00e9ves n\u00f6veked\u00e9st v\u00e1rt j\u00faliusra. Az ipari termel\u00e9s m\u00e1sf\u00e9l \u00e9ve, 2017 janu\u00e1rja \u00f3ta az els\u0151 alkalommal cs\u00f6kkent \u00e9ves b\u00e1zison az eur\u00f3\u00f6vezetben.<br \/>\n    Az Eur\u00f3pai Uni\u00f3ban 0,8 sz\u00e1zal\u00e9kkal n\u00f6vekedett az ipari termel\u00e9s j\u00faliusban az egy \u00e9vvel kor\u00e1bbihoz k\u00e9pest. J\u00faniusban 2,5 sz\u00e1zal\u00e9k volt az \u00e9ves n\u00f6veked\u00e9s.<br \/>\n<div class=\"ads-in-post2\"><script async src=\"https:\/\/pagead2.googlesyndication.com\/pagead\/js\/adsbygoogle.js\"><\/script>\r\n<ins class=\"adsbygoogle\"\r\n     style=\"display:block\"\r\n     data-ad-format=\"fluid\"\r\n     data-ad-layout-key=\"-6t+ed+2i-1n-4w\"\r\n     data-ad-client=\"ca-pub-1959107119989764\"\r\n     data-ad-slot=\"4008251320\"><\/ins>\r\n<script>\r\n     (adsbygoogle = window.adsbygoogle || []).push({});\r\n<\/script><\/div>\n    Az id\u00e9n j\u00faliusban szezon\u00e1lis kiigaz\u00edt\u00e1ssal a v\u00e1rt 0,5 sz\u00e1zal\u00e9kot meghalad\u00f3 0,8 sz\u00e1zal\u00e9kkal cs\u00f6kkent az eur\u00f3\u00f6vezet 19 tag\u00e1llam\u00e1nak ipari termel\u00e9se az el\u0151z\u0151 havihoz, a j\u00faniusihoz k\u00e9pest. Az Eur\u00f3pai Uni\u00f3 28 tag\u00e1llam\u00e1nak az ipari termel\u00e9se pedig 0,7 sz\u00e1zal\u00e9kkal bizonyult alacsonyabbnak az el\u0151z\u0151 havin\u00e1l.<br \/>\n    J\u00faniusban az eur\u00f3\u00f6vezet ipari termel\u00e9s\u00e9nek havi cs\u00f6kken\u00e9se 0,8 sz\u00e1zal\u00e9k, az Eur\u00f3pai Uni\u00f3\u00e9 pedig 0,5 sz\u00e1zal\u00e9k volt.<br \/>\n    Az ipari termel\u00e9s legnagyobb havi cs\u00f6kken\u00e9s\u00e9t M\u00e1lt\u00e1n regisztr\u00e1lt\u00e1k j\u00faliusban, 6,3 sz\u00e1zal\u00e9kosat. Horv\u00e1torsz\u00e1gban 5,0 sz\u00e1zal\u00e9k, Sv\u00e9dorsz\u00e1gban 4,1 sz\u00e1zal\u00e9k volt az ipari termel\u00e9s havi cs\u00f6kken\u00e9se. Magyarorsz\u00e1gon 1,9 sz\u00e1zal\u00e9kkal cs\u00f6kkent az ipari termel\u00e9s j\u00faliusban az el\u0151z\u0151 havihoz k\u00e9pest.<br \/>\n    A legnagyobb n\u00f6veked\u00e9s havi b\u00e1zison D\u00e1ni\u00e1ban volt j\u00faliusban, 3,6 sz\u00e1zal\u00e9kos. \u00cdrorsz\u00e1gban 2,8 sz\u00e1zal\u00e9kkal, Lettorsz\u00e1gban 1,8 sz\u00e1zal\u00e9kkal n\u0151tt az ipari termel\u00e9s j\u00faliusban az el\u0151z\u0151 havihoz k\u00e9pest.<br \/>\n    \u00c9ves \u00f6sszevet\u00e9sben Lengyelorsz\u00e1gban n\u0151tt a legnagyobb m\u00e9rt\u00e9kben az ipari termel\u00e9s j\u00faliusban, 7,9 sz\u00e1zal\u00e9kkal. A Cseh K\u00f6zt\u00e1rsas\u00e1gban 6,7 sz\u00e1zal\u00e9k, Szlov\u00e9ni\u00e1ban 5,9 sz\u00e1zal\u00e9k volt az \u00e9ves n\u00f6veked\u00e9s. Magyarorsz\u00e1gon 3,9 sz\u00e1zal\u00e9kkal n\u0151tt j\u00faliusban az ipari termel\u00e9s az egy \u00e9vvel kor\u00e1bbihoz k\u00e9pest.<br \/>\n    A legnagyobb \u00e9ves cs\u00f6kken\u00e9st M\u00e1lt\u00e1n mutatt\u00e1k ki j\u00faliusban, 6,4 sz\u00e1zal\u00e9kosat, \u00cdrorsz\u00e1gban 6,2 sz\u00e1zal\u00e9kosat, Hollandi\u00e1ban pedig 2,1 sz\u00e1zal\u00e9kosat.<br \/>\n(MTI)<\/p>\n","protected":false},"excerpt":{"rendered":"<p>M\u00e1sf\u00e9l \u00e9ve az els\u0151 alkalommal cs\u00f6kkent \u00e9ves b\u00e1zison az eur\u00f3\u00f6vezet ipari termel\u00e9se j\u00faliusban az Eur\u00f3pai Uni\u00f3 statisztikai hivatala, az Eurostat szerd\u00e1n k\u00f6zz\u00e9tett kimutat\u00e1sa szerint.<\/p>\n","protected":false},"author":1,"featured_media":0,"comment_status":"closed","ping_status":"open","sticky":false,"template":"","format":"standard","meta":[],"categories":[12,246],"tags":[],"_links":{"self":[{"href":"https:\/\/gazdasagportal.hu\/index.php\/wp-json\/wp\/v2\/posts\/108782"}],"collection":[{"href":"https:\/\/gazdasagportal.hu\/index.php\/wp-json\/wp\/v2\/posts"}],"about":[{"href":"https:\/\/gazdasagportal.hu\/index.php\/wp-json\/wp\/v2\/types\/post"}],"author":[{"embeddable":true,"href":"https:\/\/gazdasagportal.hu\/index.php\/wp-json\/wp\/v2\/users\/1"}],"replies":[{"embeddable":true,"href":"https:\/\/gazdasagportal.hu\/index.php\/wp-json\/wp\/v2\/comments?post=108782"}],"version-history":[{"count":1,"href":"https:\/\/gazdasagportal.hu\/index.php\/wp-json\/wp\/v2\/posts\/108782\/revisions"}],"predecessor-version":[{"id":108783,"href":"https:\/\/gazdasagportal.hu\/index.php\/wp-json\/wp\/v2\/posts\/108782\/revisions\/108783"}],"wp:attachment":[{"href":"https:\/\/gazdasagportal.hu\/index.php\/wp-json\/wp\/v2\/media?parent=108782"}],"wp:term":[{"taxonomy":"category","embeddable":true,"href":"https:\/\/gazdasagportal.hu\/index.php\/wp-json\/wp\/v2\/categories?post=108782"},{"taxonomy":"post_tag","embeddable":true,"href":"https:\/\/gazdasagportal.hu\/index.php\/wp-json\/wp\/v2\/tags?post=108782"}],"curies":[{"name":"wp","href":"https:\/\/api.w.org\/{rel}","templated":true}]}}