{"id":108723,"date":"2018-09-10T20:48:08","date_gmt":"2018-09-10T18:48:08","guid":{"rendered":"http:\/\/gazdasagportal.hu\/?p=108723"},"modified":"2018-09-10T20:48:08","modified_gmt":"2018-09-10T18:48:08","slug":"dizelbotrany-pert-inditottak-reszvenyesek-a-volkswagen-csoport-ellen-nemetorszagban","status":"publish","type":"post","link":"https:\/\/gazdasagportal.hu\/index.php\/dizelbotrany-pert-inditottak-reszvenyesek-a-volkswagen-csoport-ellen-nemetorszagban\/","title":{"rendered":"D\u00edzelbotr\u00e1ny &#8211; Pert ind\u00edtottak r\u00e9szv\u00e9nyesek a Volkswagen csoport ellen N\u00e9metorsz\u00e1gban"},"content":{"rendered":"<p><strong>Pert ind\u00edtottak r\u00e9szv\u00e9nyesek a Volkswagen (VW) csoport ellen h\u00e9tf\u0151n N\u00e9metorsz\u00e1gban az aut\u00f3gy\u00e1rt\u00f3 t\u00e1rsas\u00e1g d\u00edzelbotr\u00e1ny\u00e1val \u00f6sszef\u00fcgg\u00e9sben.<\/strong><!--more--><\/p>\n<div class=\"ads-in-post1\"><div id=\"gazdasagportal.hu_fullbanner_wideboard\"><\/div>\r\n<\/div>\n<p>    A braunschweigi tartom\u00e1nyi fels\u0151b\u00edr\u00f3s\u00e1gon elindult elj\u00e1r\u00e1s c\u00e9lja annak meg\u00e1llap\u00edt\u00e1sa, hogy a VW eleget tett-e a r\u00e9szv\u00e9nyesei \u00e9s a t\u0151kepiac ir\u00e1nti t\u00e1j\u00e9koztat\u00e1si k\u00f6telezetts\u00e9geinek a d\u00edzel\u00fczem\u0171 gy\u00e1rtm\u00e1nyok k\u00e1rosanyag-kibocs\u00e1t\u00e1s\u00e1val kapcsolatos vissza\u00e9l\u00e9s \u00fcgy\u00e9ben.<br \/>\n    A t\u00e1rsas\u00e1gt\u00f3l csaknem 1700 r\u00e9szv\u00e9nyes k\u00f6vetel k\u00e1rt\u00e9r\u00edt\u00e9st, int\u00e9zm\u00e9nyi befektet\u0151k \u00e9s kisbefektet\u0151k egyar\u00e1nt. \u00c1ll\u00e1spontjuk szerint a VW vezet\u00e9s\u00e9ben m\u00e1r 2008-ban tudt\u00e1k, hogy nem tudj\u00e1k teljes\u00edteni a d\u00edzel\u00fczem\u0171 j\u00e1rm\u0171vekre az Egyes\u00fclt \u00c1llamokban bevezetett szigor\u00fa k\u00e1rosanyag-kibocs\u00e1t\u00e1si k\u00f6vetelm\u00e9nyeket, amit k\u00f6z\u00f6lni kellett volna a r\u00e9szv\u00e9nyesekkel \u00e9s a piaccal.<br \/>\n    Azonban a t\u00e1rsas\u00e1g eltitkolta a fejleszt\u00e9sek kudarc\u00e1t \u00e9s a kibocs\u00e1t\u00e1si \u00e9rt\u00e9keket meghamis\u00edt\u00f3 szoftvert telep\u00edtett d\u00edzelmotorok vez\u00e9rl\u0151 egys\u00e9g\u00e9be, \u00e9s ezzel megk\u00e1ros\u00edtotta a r\u00e9szv\u00e9nyeseket, mert amikor 2015-ben nyilv\u00e1noss\u00e1gra ker\u00fclt a csal\u00e1s, a VW-r\u00e9szv\u00e9ny \u00e1rfolyama t\u00f6bb mint 40 sz\u00e1zal\u00e9kkal gyeng\u00fclt.<br \/>\n<div class=\"ads-in-post2\"><script async src=\"https:\/\/pagead2.googlesyndication.com\/pagead\/js\/adsbygoogle.js\"><\/script>\r\n<ins class=\"adsbygoogle\"\r\n     style=\"display:block\"\r\n     data-ad-format=\"fluid\"\r\n     data-ad-layout-key=\"-6t+ed+2i-1n-4w\"\r\n     data-ad-client=\"ca-pub-1959107119989764\"\r\n     data-ad-slot=\"4008251320\"><\/ins>\r\n<script>\r\n     (adsbygoogle = window.adsbygoogle || []).push({});\r\n<\/script><\/div>\n    A r\u00e9szv\u00e9nyesek szerint egy\u00fcttesen mintegy 9 milli\u00e1rd eur\u00f3 (3000 milli\u00e1rd forint) k\u00e1rt szenvedtek. A VW szerint nem t\u00f6rt\u00e9nt szab\u00e1lys\u00e9rt\u00e9s, a t\u00e1rsas\u00e1g mindenben eleget tett k\u00f6telezetts\u00e9geinek.<br \/>\n    A braunschweigi tartom\u00e1nyi fels\u0151b\u00edr\u00f3s\u00e1gon egy \u00fagynevezett mintaperben pr\u00f3b\u00e1lj\u00e1k tiszt\u00e1zni a helyzetet, ami azt jelenti, hogy csak egy r\u00e9szv\u00e9nyesi csoport \u00fcgy\u00e9ben d\u00f6ntenek, \u00e9s az \u00edt\u00e9letet az \u00f6sszes t\u00f6bbi esetben alkalmazz\u00e1k. A b\u00edr\u00f3s\u00e1g 13 t\u00e1rgyal\u00e1si napot t\u0171z\u00f6tt ki. \u00c1gazati szak\u00e9rt\u0151k szerint viszont a per elh\u00faz\u00f3dhat, ak\u00e1r \u00e9vekig is tarthat.<br \/>\n    Amennyiben a b\u00edr\u00f3s\u00e1g arra a meg\u00e1llap\u00edt\u00e1sra jut, hogy a VW megs\u00e9rtett valamilyen szab\u00e1lyt \u00e9s k\u00e1rt okozott a r\u00e9szv\u00e9nyeseknek, \u00fajabb elj\u00e1r\u00e1sok keret\u00e9ben kell meghat\u00e1rozni a k\u00e1rt\u00e9r\u00edt\u00e9s \u00e9rt\u00e9k\u00e9t.<br \/>\n    Arndt Ellinghorst az Evercore nemzetk\u00f6zi befektet\u00e9si banki tan\u00e1csad\u00f3 t\u00e1rsas\u00e1g vezet\u0151 aut\u00f3piaci elemz\u0151je a lehets\u00e9ges k\u00e1rt\u00e9r\u00edt\u00e9s m\u00e9rt\u00e9k\u00e9r\u0151l a ZDF n\u00e9met orsz\u00e1gos k\u00f6ztelev\u00edzi\u00f3nak nyilatkozva felid\u00e9zte, hogy a VW-t m\u00e1r t\u00f6bb mint 25 milli\u00e1rd eur\u00f3ra b\u00fcntett\u00e9k a d\u00edzelbotr\u00e1nnyal kapcsolatban. Hozz\u00e1tette: a t\u00e1rsas\u00e1g likvidit\u00e1si helyzet\u00e9t tekintve egy\u00e9rtelm\u0171, hogy azt is \u00e1tv\u00e9szeln\u00e9, ha a r\u00e9szv\u00e9nyesek \u00e1ltal k\u00f6vetelt teljes \u00f6sszeget, 9 milli\u00e1rd eur\u00f3t ki kellene fizetnie.<br \/>\n    Matthias Casper, a m\u00fcnsteri egyetem (Westf\u00e4lische Wilhelms-Universit\u00e4t &#8211; WWU) szak\u00e9rt\u0151je elmondta: az esetleges \u00fajabb elj\u00e1r\u00e1sok \u00f6sszetetts\u00e9ge \u00e9s hossz\u00fas\u00e1ga miatt val\u00f3sz\u00edn\u0171, hogy a VW peren k\u00edv\u00fcl egyezne meg a r\u00e9szv\u00e9nyesekkel a k\u00e1rt\u00e9r\u00edt\u00e9sr\u0151l, amelynek v\u00e9gs\u0151 \u00f6sszege az eredeti k\u00f6vetel\u00e9snek nagyj\u00e1b\u00f3l a fele, vagy ak\u00e1r ann\u00e1l kevesebb is lehet.<br \/>\n    A VW d\u00edzelbotr\u00e1nya 2015 szeptember\u00e9ben kezd\u0151d\u00f6tt, amikor az Egyes\u00fclt \u00c1llamok K\u00f6rnyezetv\u00e9delmi \u00dcgyn\u00f6ks\u00e9ge (EPA) megv\u00e1dolta a c\u00e9get, hogy olyan szoftvert telep\u00edtett 482 ezer d\u00edzel\u00fczem\u0171 j\u00e1rm\u0171 kipufog\u00f3g\u00e1z-tiszt\u00edt\u00f3 berendez\u00e9s\u00e9be, amely \u00e9rz\u00e9keli a m\u00e9r\u00e9s k\u00f6r\u00fclm\u00e9nyeit. Az aut\u00f3 \u00edgy a teszteken a val\u00f3s\u00e1gos nitrog\u00e9n-oxid-kibocs\u00e1t\u00e1s t\u00f6red\u00e9k\u00e9t produk\u00e1lja, vagyis csal a vizsg\u00e1n. A VW elismerte a csal\u00e1st. Az \u00fcgy vil\u00e1gszerte a VW mintegy 11 milli\u00f3 g\u00e9pj\u00e1rm\u0171v\u00e9t \u00e9rinti, ezek k\u00f6z\u00fcl 8,5 milli\u00f3t az EU-ban adtak el.<br \/>\n    A VW a vil\u00e1g legnagyobb g\u00e9pj\u00e1rm\u0171gy\u00e1rt\u00f3ja, tavaly 10,74 milli\u00f3 g\u00e9pj\u00e1rm\u0171vet \u00e9rt\u00e9kes\u00edtett, ami 4,3 sz\u00e1zal\u00e9kos n\u00f6veked\u00e9s az egy \u00e9vvel kor\u00e1bbihoz k\u00e9pest. A csoporthoz tartozik a n\u00e9vad\u00f3 Volkswagen \u00e9s az Audi mellett a Skoda, a Seat, a Bentley, a Bugatti, a Lamborghini \u00e9s a Porsche aut\u00f3m\u00e1rka, valamint a Ducati sportmotorker\u00e9kp\u00e1r, \u00e9s saj\u00e1t m\u00e1rk\u00e1j\u00fa haszonj\u00e1rm\u0171vei mellett a Scania \u00e9s a MAN teherg\u00e9pj\u00e1rm\u0171veket is a VW gy\u00e1rtja.<br \/>\n(MTI)<\/p>\n","protected":false},"excerpt":{"rendered":"<p>Pert ind\u00edtottak r\u00e9szv\u00e9nyesek a Volkswagen (VW) csoport ellen h\u00e9tf\u0151n N\u00e9metorsz\u00e1gban az aut\u00f3gy\u00e1rt\u00f3 t\u00e1rsas\u00e1g d\u00edzelbotr\u00e1ny\u00e1val \u00f6sszef\u00fcgg\u00e9sben.<\/p>\n","protected":false},"author":1,"featured_media":0,"comment_status":"closed","ping_status":"open","sticky":false,"template":"","format":"standard","meta":[],"categories":[8,246],"tags":[],"_links":{"self":[{"href":"https:\/\/gazdasagportal.hu\/index.php\/wp-json\/wp\/v2\/posts\/108723"}],"collection":[{"href":"https:\/\/gazdasagportal.hu\/index.php\/wp-json\/wp\/v2\/posts"}],"about":[{"href":"https:\/\/gazdasagportal.hu\/index.php\/wp-json\/wp\/v2\/types\/post"}],"author":[{"embeddable":true,"href":"https:\/\/gazdasagportal.hu\/index.php\/wp-json\/wp\/v2\/users\/1"}],"replies":[{"embeddable":true,"href":"https:\/\/gazdasagportal.hu\/index.php\/wp-json\/wp\/v2\/comments?post=108723"}],"version-history":[{"count":1,"href":"https:\/\/gazdasagportal.hu\/index.php\/wp-json\/wp\/v2\/posts\/108723\/revisions"}],"predecessor-version":[{"id":108724,"href":"https:\/\/gazdasagportal.hu\/index.php\/wp-json\/wp\/v2\/posts\/108723\/revisions\/108724"}],"wp:attachment":[{"href":"https:\/\/gazdasagportal.hu\/index.php\/wp-json\/wp\/v2\/media?parent=108723"}],"wp:term":[{"taxonomy":"category","embeddable":true,"href":"https:\/\/gazdasagportal.hu\/index.php\/wp-json\/wp\/v2\/categories?post=108723"},{"taxonomy":"post_tag","embeddable":true,"href":"https:\/\/gazdasagportal.hu\/index.php\/wp-json\/wp\/v2\/tags?post=108723"}],"curies":[{"name":"wp","href":"https:\/\/api.w.org\/{rel}","templated":true}]}}