{"id":108719,"date":"2018-09-10T15:56:41","date_gmt":"2018-09-10T13:56:41","guid":{"rendered":"http:\/\/gazdasagportal.hu\/?p=108719"},"modified":"2018-09-10T15:56:41","modified_gmt":"2018-09-10T13:56:41","slug":"elkeszult-az-1-000-000-dik-auto-a-kecskemeti-mercedes-benz-gyarban","status":"publish","type":"post","link":"https:\/\/gazdasagportal.hu\/index.php\/elkeszult-az-1-000-000-dik-auto-a-kecskemeti-mercedes-benz-gyarban\/","title":{"rendered":"Elk\u00e9sz\u00fclt az 1.000.000-dik aut\u00f3 a kecskem\u00e9ti Mercedes-Benz gy\u00e1rban"},"content":{"rendered":"<p><strong>Leg\u00f6rd\u00fclt a gy\u00e1rt\u00f3sorr\u00f3l az egymilliomodik szem\u00e9lyaut\u00f3, amely b\u00fcszk\u00e9n viselheti a \u201eMade-in-Kecskem\u00e9t\u201d feliratot. A Mercedes-Benz gy\u00e1r folyamatos fejl\u0151d\u00e9s\u00e9t az is j\u00f3l mutatja, hogy a 2012-es termel\u00e9si starthoz k\u00e9pest mintegy 4 esztend\u0151re volt sz\u00fcks\u00e9g ahhoz, hogy elk\u00e9sz\u00fclj\u00f6n az els\u0151 500.000 aut\u00f3, de a m\u00e1sodik f\u00e9lmilli\u00f3hoz m\u00e1r mind\u00f6ssze k\u00e9t \u00e9s f\u00e9l \u00e9vre volt sz\u00fcks\u00e9g. A rastatti testv\u00e9rgy\u00e1rral szoros egy\u00fcttm\u0171k\u00f6d\u00e9sben m\u0171k\u00f6d\u0151 kecskem\u00e9ti gy\u00e1r kezdetben B-oszt\u00e1ly\u00fa, majd Mercedes-Benz CLA \u00e9s CLA-Shooting Brake kompaktaut\u00f3k gy\u00e1rt\u00e1s\u00e1ra rendezkedett be, de az idei \u00e9v m\u00e1jus\u00e1t\u00f3l a B-oszt\u00e1ly hely\u00e9t \u00e1tvette a febru\u00e1rban bemutatott \u00faj A-oszt\u00e1ly. Az egymilliomodik aut\u00f3 is egy A-oszt\u00e1ly lett: a feh\u00e9r sz\u00edn\u0171 A180d AMG-line t\u00edpus\u00fa szem\u00e9lyaut\u00f3t egy olaszorsz\u00e1gi aut\u00f3szalonban rendelt\u00e9k meg, s B\u00e1cs-Kiskun megy\u00e9b\u0151l eg\u00e9szen Toszk\u00e1n\u00e1ig fog utazni az \u00faj tulajdonos\u00e1hoz.<\/strong><!--more--><\/p>\n<div class=\"ads-in-post1\"><div id=\"gazdasagportal.hu_fullbanner_wideboard\"><\/div>\r\n<\/div>\n<p>&nbsp;<\/p>\n<ul>\n<li>A Mercedes-Benz gy\u00e1r 2012 tavasz\u00e1n kezdte meg termel\u00e9s\u00e9t Kecskem\u00e9ten, majd 6,5 \u00e9v eltelt\u00e9vel el\u00e9rte az egymilli\u00f3s darabsz\u00e1mot. Ennyi aut\u00f3val k\u00e9tszer ki lehetne rakni a kecskem\u00e9ti gy\u00e1r \u00e9s rastatti testv\u00e9rgy\u00e1ra k\u00f6z\u00f6tti aut\u00f3utat oda-vissza.<\/li>\n<li>A jubileumi aut\u00f3 egy feh\u00e9r Mercedes-Benz A-oszt\u00e1ly A180d AMG-line t\u00edpus, amely Toszk\u00e1n\u00e1ban, Olaszorsz\u00e1gban tal\u00e1lt gazd\u00e1ra.<\/li>\n<li>Ezzel egyid\u0151ben a kiz\u00e1r\u00f3lag Magyarorsz\u00e1gon k\u00e9sz\u00fcl\u0151 Mercedes-Benz CLA a n\u00e9met piacon elnyerte a J.D. Power 2018 Germany VDS d\u00edjat, amelyet t\u00f6bb mint 14 ezer aut\u00f3tulajdonos v\u00e9lem\u00e9nye alapj\u00e1n \u00edt\u00e9ltek oda. A felm\u00e9r\u00e9s t\u00f6rt\u00e9net\u00e9ben el\u0151sz\u00f6r fordult el\u0151, hogy Magyarorsz\u00e1gon gy\u00e1rtott aut\u00f3t v\u00e1lasztottak a tart\u00f3san legmegb\u00edzhat\u00f3bbnak.<\/li>\n<\/ul>\n<p>&nbsp;<\/p><div id=\"gazda-640168888\" class=\"gazda-tartalomban gazda-entity-placement\"><script async src=\"https:\/\/pagead2.googlesyndication.com\/pagead\/js\/adsbygoogle.js\"><\/script>\r\n<ins class=\"adsbygoogle\"\r\n     style=\"display:block\"\r\n     data-ad-format=\"fluid\"\r\n     data-ad-layout-key=\"-6t+ed+2i-1n-4w\"\r\n     data-ad-client=\"ca-pub-1959107119989764\"\r\n     data-ad-slot=\"4008251320\"><\/ins>\r\n<script>\r\n     (adsbygoogle = window.adsbygoogle || []).push({});\r\n<\/script><\/div>\n<p><strong>Fontos elismer\u00e9s a Kecskem\u00e9ten gy\u00e1rtott CLA-nak<\/strong><\/p>\n<p>A gy\u00e1rt\u00e1si jubileummal egy id\u0151ben nyerte el a Mercedes-Benz CLA a J.D. Power 2018 Germany VDS hossz\u00fa t\u00e1v\u00fa megb\u00edzhat\u00f3s\u00e1got igazol\u00f3 d\u00edj\u00e1t a k\u00f6z\u00e9pkateg\u00f3ri\u00e1j\u00fa szem\u00e9lyaut\u00f3k k\u00f6z\u00f6tt. Ezzel a d\u00edj t\u00f6rt\u00e9net\u00e9ben el\u0151sz\u00f6r fordult el\u0151, hogy egy Magyarorsz\u00e1gon gy\u00e1rtott szem\u00e9lyaut\u00f3t min\u0151s\u00edtettek tart\u00f3san legmegb\u00edzhat\u00f3bbnak a n\u00e9met v\u00e1s\u00e1rl\u00f3k. A J.D. Power szervezetet 1968-ben alap\u00edtott\u00e1k Kaliforni\u00e1ban, s az 1970-es \u00e9vekt\u0151l lett igaz\u00e1n ismert f\u00fcggetlen aut\u00f3ipari elemz\u00e9sei, valamint a vev\u0151i v\u00e9lem\u00e9nyek ki\u00e9rt\u00e9kel\u00e9sei \u00e1ltal. A CLA-t t\u00f6bb mint 14 ezer aut\u00f3tulajdonos megk\u00e9rdez\u00e9s\u00e9vel v\u00e9gzett kutat\u00e1s alapj\u00e1n \u00edt\u00e9lt\u00e9k N\u00e9metorsz\u00e1gban a legmegb\u00edzhat\u00f3bbnak a k\u00f6z\u00e9pkateg\u00f3ri\u00e1ban. A Mercedes-Benz CLA-t \u00e9s CLA-Shooting Brake-et kiz\u00e1r\u00f3lag Magyarorsz\u00e1gon gy\u00e1rtj\u00e1k, s Kecskem\u00e9tr\u0151l sz\u00e1ll\u00edtj\u00e1k k\u00f6z\u00faton, vas\u00faton, majd haj\u00f3kkal a vil\u00e1g minden pontj\u00e1ra, K\u00edn\u00e1t\u00f3l az Egyes\u00fclt \u00c1llamokig.<\/p>\n<p>\u201eAz egymilliomodik aut\u00f3 legy\u00e1rt\u00e1sa m\u00e9rf\u00f6ldk\u0151 a gy\u00e1runk \u00e9let\u00e9ben. A Mercedes-Benz sikere Magyarorsz\u00e1g\u00e9, \u00e9s legf\u0151k\u00e9pp a kiv\u00e1l\u00f3 magyar munkat\u00e1rsaink\u00e9 is egyben. Ennek a k\u00f6z\u00f6s sikernek a legf\u0151bb z\u00e1loga, hogy a magyar emberek a gy\u00e1rt\u00f3sorr\u00f3l 2012-ben els\u0151k\u00e9nt leg\u00f6rd\u00fclt aut\u00f3t\u00f3l a mostani, egymilliomodik p\u00e9ld\u00e1nyig folyamatosan k\u00e9pesek olyan cs\u00facsmin\u0151s\u00e9get el\u0151\u00e1ll\u00edtani Kecskem\u00e9ten, amely m\u00e9lt\u00f3 a v\u00e1s\u00e1rl\u00f3ink bizalm\u00e1ra. Nagyszer\u0171 \u00e9s \u00e9rdekes v\u00e9letlen, hogy ugyanekkor kapta meg a kiz\u00e1r\u00f3lag n\u00e1lunk gy\u00e1rtott CLA a vev\u0151i el\u00e9gedetts\u00e9get t\u00fckr\u00f6z\u0151 kiv\u00e1l\u00f3s\u00e1gi d\u00edjat. A kecskem\u00e9ti modellnek oda\u00edt\u00e9lt d\u00edj k\u00fcl\u00f6nleges jelent\u0151s\u00e9g\u00e9t az adja, hogy hossz\u00fa t\u00e1v\u00fa v\u00e1s\u00e1rl\u00f3i tapasztalatokon alapszik.\u201d &#8211; mondta Christian Wolff, a Mercedes-Benz Manufacturing Hungary Kft. \u00fcgyvezet\u0151 igazgat\u00f3ja.<\/p>\n<div class=\"ads-in-post2\"><script async src=\"https:\/\/pagead2.googlesyndication.com\/pagead\/js\/adsbygoogle.js\"><\/script>\r\n<ins class=\"adsbygoogle\"\r\n     style=\"display:block\"\r\n     data-ad-format=\"fluid\"\r\n     data-ad-layout-key=\"-6t+ed+2i-1n-4w\"\r\n     data-ad-client=\"ca-pub-1959107119989764\"\r\n     data-ad-slot=\"4008251320\"><\/ins>\r\n<script>\r\n     (adsbygoogle = window.adsbygoogle || []).push({});\r\n<\/script><\/div>\nA Mercedes-Benz kecskem\u00e9ti telephely\u00e9n m\u00e1r jav\u00e1ban zajlanak gy\u00e1rb\u0151v\u00edt\u00e9s el\u0151k\u00e9sz\u00edt\u0151 munk\u00e1latai. A termel\u00e9s v\u00e1rhat\u00f3an 2020-ban kezd\u0151dik meg a cs\u00facstechnol\u00f3gi\u00e1val rendelkez\u0151, az ipar 4.0 szellemis\u00e9g\u00e9t megval\u00f3s\u00edt\u00f3 hat\u00e9kony, teljesen rugalmas, \u00fan. full-flex gy\u00e1rt\u00e1si egys\u00e9gben. A legmodernebb termel\u00e9si rendszer keret\u00e9ben k\u00fcl\u00f6nb\u00f6z\u0151 j\u00e1rm\u0171-architekt\u00far\u00e1j\u00fa \u00e9s meghajt\u00e1s\u00fa modellek gurulhatnak majd le a szalagr\u00f3l, \u00edgy nem csak a termel\u00e9si kapacit\u00e1sok b\u0151v\u00fclnek, de a Mercedes-Benz versenyk\u00e9pess\u00e9ge is tov\u00e1bb n\u00f6vekedhet. A gy\u00e1rb\u0151v\u00edt\u00e9s eredm\u00e9nyek\u00e9nt \u00faj pr\u00e9s\u00fczem, tov\u00e1bb\u00e1 \u00faj karossz\u00e9ria-, fel\u00fcletkezel\u0151- \u00e9s \u00f6sszeszerel\u0151 \u00fczemek j\u00f6nnek l\u00e9tre. A beruh\u00e1z\u00e1s teljes \u00f6sszege 1 milli\u00e1rd eur\u00f3, s t\u00f6bb mint 2500 \u00fajabb munkahelyet teremt majd Kecskem\u00e9ten.<\/p>\n<p><strong>A Mercedes-Benz kecskem\u00e9ti gy\u00e1ra<\/strong><\/p>\n<p>A kecskem\u00e9ti Mercedes-Benz gy\u00e1r jelenleg mintegy 4.000 munkat\u00e1rsat foglalkoztat. 2017-ben t\u00f6bb mint 190.000 Mercedes-Benz kompakt aut\u00f3t \u00e1ll\u00edtottak el\u0151. Els\u0151 modellk\u00e9nt 2012-ben a Mercedes-Benz B-oszt\u00e1lya g\u00f6rd\u00fclt le a szalagr\u00f3l. Ezt k\u00f6vette 2013-ban a n\u00e9gyajt\u00f3s kompakt CLA kup\u00e9, majd 2015-ben a CLA Shooting Brake. Ez ut\u00f3bbi k\u00e9t modellt az eg\u00e9sz vil\u00e1gon kiz\u00e1r\u00f3lag Kecskem\u00e9ten gy\u00e1rtj\u00e1k. 2018 m\u00e1jusa \u00f3ta az \u00faj A-oszt\u00e1ly eg\u00e9sz\u00edti ki a magyar gy\u00e1rt\u00f3helysz\u00edn term\u00e9kpalett\u00e1j\u00e1t.<\/p>\n<p>&nbsp;<\/p>\n<p>&nbsp;<\/p>\n","protected":false},"excerpt":{"rendered":"<p>Leg\u00f6rd\u00fclt a gy\u00e1rt\u00f3sorr\u00f3l az egymilliomodik szem\u00e9lyaut\u00f3, amely b\u00fcszk\u00e9n viselheti a \u201eMade-in-Kecskem\u00e9t\u201d feliratot. A Mercedes-Benz gy\u00e1r folyamatos fejl\u0151d\u00e9s\u00e9t az is j\u00f3l mutatja, hogy a 2012-es termel\u00e9si starthoz k\u00e9pest mintegy 4 esztend\u0151re volt sz\u00fcks\u00e9g ahhoz, hogy elk\u00e9sz\u00fclj\u00f6n az els\u0151 500.000 aut\u00f3, de a m\u00e1sodik f\u00e9lmilli\u00f3hoz m\u00e1r mind\u00f6ssze k\u00e9t \u00e9s f\u00e9l \u00e9vre volt sz\u00fcks\u00e9g. A rastatti testv\u00e9rgy\u00e1rral szoros &#8230;<\/p>\n","protected":false},"author":1,"featured_media":0,"comment_status":"closed","ping_status":"open","sticky":false,"template":"","format":"standard","meta":[],"categories":[4,19],"tags":[],"_links":{"self":[{"href":"https:\/\/gazdasagportal.hu\/index.php\/wp-json\/wp\/v2\/posts\/108719"}],"collection":[{"href":"https:\/\/gazdasagportal.hu\/index.php\/wp-json\/wp\/v2\/posts"}],"about":[{"href":"https:\/\/gazdasagportal.hu\/index.php\/wp-json\/wp\/v2\/types\/post"}],"author":[{"embeddable":true,"href":"https:\/\/gazdasagportal.hu\/index.php\/wp-json\/wp\/v2\/users\/1"}],"replies":[{"embeddable":true,"href":"https:\/\/gazdasagportal.hu\/index.php\/wp-json\/wp\/v2\/comments?post=108719"}],"version-history":[{"count":1,"href":"https:\/\/gazdasagportal.hu\/index.php\/wp-json\/wp\/v2\/posts\/108719\/revisions"}],"predecessor-version":[{"id":108720,"href":"https:\/\/gazdasagportal.hu\/index.php\/wp-json\/wp\/v2\/posts\/108719\/revisions\/108720"}],"wp:attachment":[{"href":"https:\/\/gazdasagportal.hu\/index.php\/wp-json\/wp\/v2\/media?parent=108719"}],"wp:term":[{"taxonomy":"category","embeddable":true,"href":"https:\/\/gazdasagportal.hu\/index.php\/wp-json\/wp\/v2\/categories?post=108719"},{"taxonomy":"post_tag","embeddable":true,"href":"https:\/\/gazdasagportal.hu\/index.php\/wp-json\/wp\/v2\/tags?post=108719"}],"curies":[{"name":"wp","href":"https:\/\/api.w.org\/{rel}","templated":true}]}}