{"id":108715,"date":"2018-09-10T14:32:31","date_gmt":"2018-09-10T12:32:31","guid":{"rendered":"http:\/\/gazdasagportal.hu\/?p=108715"},"modified":"2018-09-10T14:32:31","modified_gmt":"2018-09-10T12:32:31","slug":"terv-szerint-halad-a-wallis-autos-cegeinek-tozsdere-lepese","status":"publish","type":"post","link":"https:\/\/gazdasagportal.hu\/index.php\/terv-szerint-halad-a-wallis-autos-cegeinek-tozsdere-lepese\/","title":{"rendered":"Terv szerint halad a Wallis aut\u00f3s c\u00e9geinek t\u0151zsd\u00e9re l\u00e9p\u00e9se"},"content":{"rendered":"<p><strong>Terv szerint halad a Wallis csoport n\u00e9gy aut\u00f3s c\u00e9g\u00e9nek t\u0151zsd\u00e9re l\u00e9p\u00e9se, az Altera Nyrt. kor\u00e1bban elhat\u00e1rozott z\u00e1rtk\u00f6r\u0171 t\u0151keemel\u00e9s\u00e9nek c\u00e9gb\u00edr\u00f3s\u00e1gi folyamata elindul, amely ut\u00e1n 15,8 milli\u00e1rd forintos apporttal az Altera tulajdon\u00e1ba ker\u00fclnek a Wallis \u00e9rintett v\u00e1llalatai &#8211; k\u00f6z\u00f6lte az Altera h\u00e9tf\u0151n az MTI-vel.<\/strong><!--more--><\/p>\n<div class=\"ads-in-post1\"><div id=\"gazdasagportal.hu_fullbanner_wideboard\"><\/div>\r\n<\/div>\n<p>    A t\u00e1j\u00e9koztat\u00e1s szerint a tranzakci\u00f3val a Budapesti \u00c9rt\u00e9kt\u0151zsde standard kateg\u00f3ri\u00e1j\u00e1ban jegyzett Altera alapt\u0151k\u00e9je k\u00f6zel a t\u00edzszeres\u00e9re, 3,4 milli\u00e1rd forintra emelkedik, kapitaliz\u00e1ci\u00f3ja az elm\u00falt 180 napos, 777 forintos \u00e1tlag r\u00e9szv\u00e9ny\u00e1rfolyam\u00e1val sz\u00e1molva 26 milli\u00e1rd forint lesz.<br \/>\n    Prutkay Zolt\u00e1n, az Altera Nyrt. eln\u00f6k-vez\u00e9rigazgat\u00f3ja a k\u00f6zlem\u00e9nyben ismertette, hogy a v\u00e1llalat tulajdon\u00e1ba ker\u00fcl a Wallis Automotive Europe, a Wallis Motor Pest, a Wallis Motor Duna \u00e9s a Wallis Aut\u00f3k\u00f6lcs\u00f6nz\u0151. A n\u00e9gy c\u00e9g  tavalyi \u00e1rbev\u00e9tele 66,3 milli\u00e1rd forintot, ad\u00f3zott eredm\u00e9nye 1,8 milli\u00e1rd forintot tett ki.<br \/>\n<div class=\"ads-in-post2\"><script async src=\"https:\/\/pagead2.googlesyndication.com\/pagead\/js\/adsbygoogle.js\"><\/script>\r\n<ins class=\"adsbygoogle\"\r\n     style=\"display:block\"\r\n     data-ad-format=\"fluid\"\r\n     data-ad-layout-key=\"-6t+ed+2i-1n-4w\"\r\n     data-ad-client=\"ca-pub-1959107119989764\"\r\n     data-ad-slot=\"4008251320\"><\/ins>\r\n<script>\r\n     (adsbygoogle = window.adsbygoogle || []).push({});\r\n<\/script><\/div>\n    Az eln\u00f6k-vez\u00e9rigazgat\u00f3 k\u00f6z\u00f6lte: az Altera \u00e1talakul\u00e1s\u00e1hoz kapcsol\u00f3d\u00f3 jogi, p\u00e9nz\u00fcgyi \u00e9s egy\u00e9b folyamatok lez\u00e1r\u00e1s\u00e1t k\u00f6vet\u0151en, az apport keret\u00e9ben kibocs\u00e1tott \u00faj r\u00e9szv\u00e9nyek az idei utols\u00f3 negyed\u00e9vben jelenhetnek meg a Budapesti \u00c9rt\u00e9kt\u0151zsd\u00e9n. A folyamatot k\u00f6zgy\u0171l\u00e9s z\u00e1rhatja m\u00e9g az idei \u00e9vben, \u00edgy a Wallis aut\u00f3s c\u00e9geinek 2018-as sz\u00e1mait m\u00e1r a t\u0151zsdei c\u00e9g fogja k\u00f6zz\u00e9tenni. C\u00e9ljuk, hogy a r\u00e9szv\u00e9nyek beker\u00fcljenek a t\u0151zsde pr\u00e9mium kateg\u00f3ri\u00e1j\u00e1ba, a BUX, valamint a CECE indexekbe &#8211; tette hozz\u00e1.<br \/>\n    M\u00fcllner Zsolt, a Wallis Csoport vez\u00e9rigazgat\u00f3ja a k\u00f6zlem\u00e9nyben r\u00e1mutatott arra, hogy a csoportnak jelent\u0151s tapasztalatai voltak a magyar t\u0151kepiacon, hiszen a t\u00f6bbs\u00e9gi tulajdon\u00e1ban l\u00e9v\u0151 energetikai szolg\u00e1ltat\u00f3 \u00e9s keresked\u0151 Alteo Nyrt. r\u00e9szv\u00e9nyei 2010 \u00f3ta vannak jelen a magyar t\u0151zsd\u00e9n, a csoporthoz tartoz\u00f3 Wing Zrt. ingatlanfejleszt\u0151 \u00e9s befektet\u0151 c\u00e9g pedig az egyik legnagyobb k\u00f6tv\u00e9nykibocs\u00e1t\u00f3 a B\u00c9T-en.(MTI)<\/p>\n","protected":false},"excerpt":{"rendered":"<p>Terv szerint halad a Wallis csoport n\u00e9gy aut\u00f3s c\u00e9g\u00e9nek t\u0151zsd\u00e9re l\u00e9p\u00e9se, az Altera Nyrt. kor\u00e1bban elhat\u00e1rozott z\u00e1rtk\u00f6r\u0171 t\u0151keemel\u00e9s\u00e9nek c\u00e9gb\u00edr\u00f3s\u00e1gi folyamata elindul, amely ut\u00e1n 15,8 milli\u00e1rd forintos apporttal az Altera tulajdon\u00e1ba ker\u00fclnek a Wallis \u00e9rintett v\u00e1llalatai &#8211; k\u00f6z\u00f6lte az Altera h\u00e9tf\u0151n az MTI-vel.<\/p>\n","protected":false},"author":1,"featured_media":0,"comment_status":"closed","ping_status":"open","sticky":false,"template":"","format":"standard","meta":[],"categories":[7],"tags":[],"_links":{"self":[{"href":"https:\/\/gazdasagportal.hu\/index.php\/wp-json\/wp\/v2\/posts\/108715"}],"collection":[{"href":"https:\/\/gazdasagportal.hu\/index.php\/wp-json\/wp\/v2\/posts"}],"about":[{"href":"https:\/\/gazdasagportal.hu\/index.php\/wp-json\/wp\/v2\/types\/post"}],"author":[{"embeddable":true,"href":"https:\/\/gazdasagportal.hu\/index.php\/wp-json\/wp\/v2\/users\/1"}],"replies":[{"embeddable":true,"href":"https:\/\/gazdasagportal.hu\/index.php\/wp-json\/wp\/v2\/comments?post=108715"}],"version-history":[{"count":1,"href":"https:\/\/gazdasagportal.hu\/index.php\/wp-json\/wp\/v2\/posts\/108715\/revisions"}],"predecessor-version":[{"id":108716,"href":"https:\/\/gazdasagportal.hu\/index.php\/wp-json\/wp\/v2\/posts\/108715\/revisions\/108716"}],"wp:attachment":[{"href":"https:\/\/gazdasagportal.hu\/index.php\/wp-json\/wp\/v2\/media?parent=108715"}],"wp:term":[{"taxonomy":"category","embeddable":true,"href":"https:\/\/gazdasagportal.hu\/index.php\/wp-json\/wp\/v2\/categories?post=108715"},{"taxonomy":"post_tag","embeddable":true,"href":"https:\/\/gazdasagportal.hu\/index.php\/wp-json\/wp\/v2\/tags?post=108715"}],"curies":[{"name":"wp","href":"https:\/\/api.w.org\/{rel}","templated":true}]}}