{"id":108713,"date":"2018-09-10T12:55:03","date_gmt":"2018-09-10T10:55:03","guid":{"rendered":"http:\/\/gazdasagportal.hu\/?p=108713"},"modified":"2018-09-10T12:55:03","modified_gmt":"2018-09-10T10:55:03","slug":"romlott-a-sentix-szeptemberi-euroovezeti-befektetoi-bizalmi-indexe","status":"publish","type":"post","link":"https:\/\/gazdasagportal.hu\/index.php\/romlott-a-sentix-szeptemberi-euroovezeti-befektetoi-bizalmi-indexe\/","title":{"rendered":"Romlott a Sentix szeptemberi eur\u00f3\u00f6vezeti befektet\u0151i bizalmi indexe"},"content":{"rendered":"<p><strong>Nem v\u00e1rt m\u00e9rt\u00e9kben romlott a frankfurti Sentix gazdas\u00e1gkutat\u00f3 int\u00e9zet szeptemberi eur\u00f3\u00f6vezeti befektet\u0151i bizalmi indexe.<\/strong><!--more--><\/p>\n<div class=\"ads-in-post1\"><div id=\"gazdasagportal.hu_fullbanner_wideboard\"><\/div>\r\n<\/div>\n<p>A Sentix \u00e1ltal h\u00e9tf\u0151n k\u00f6zz\u00e9tett felm\u00e9r\u00e9s szerint az eur\u00f3\u00f6vezeti befektet\u0151i bizalmi index szeptemberre vonatkoz\u00f3an 12,0 pontra cs\u00f6kkent az el\u0151z\u0151 havi 14,7 pontr\u00f3l a v\u00e1rt 13,8 pont helyett.<br \/>\nA Sentix 2800 befektet\u00e9si szakember \u00e9s elemz\u0151 megk\u00e9rdez\u00e9s\u00e9vel \u00e1ll\u00edtja \u00f6ssze az elk\u00f6vetkez\u0151 hat h\u00f3napra vonatkoz\u00f3 kil\u00e1t\u00e1sok meg\u00edt\u00e9l\u00e9s\u00e9t sz\u00e1mszer\u0171s\u00edt\u0151 index\u00e9t. A mutat\u00f3 nulla feletti \u00e9rt\u00e9ke optimista meg\u00edt\u00e9l\u00e9st, nulla alatti \u00e9rt\u00e9ke pedig pesszimista meg\u00edt\u00e9l\u00e9st t\u00fckr\u00f6z.<br \/>\nA befektet\u0151knek a kil\u00e1t\u00e1sokr\u00f3l alkotott meg\u00edt\u00e9l\u00e9s\u00e9t a felm\u00e9r\u00e9s tan\u00fas\u00e1ga szerint szeptemberben legink\u00e1bb a felt\u00f6rekv\u0151 \u00e1zsiai \u00e9s latin-amerikai piacok gyenge teljes\u00edtm\u00e9nye rontotta.<br \/>\n<div class=\"ads-in-post2\"><script async src=\"https:\/\/pagead2.googlesyndication.com\/pagead\/js\/adsbygoogle.js\"><\/script>\r\n<ins class=\"adsbygoogle\"\r\n     style=\"display:block\"\r\n     data-ad-format=\"fluid\"\r\n     data-ad-layout-key=\"-6t+ed+2i-1n-4w\"\r\n     data-ad-client=\"ca-pub-1959107119989764\"\r\n     data-ad-slot=\"4008251320\"><\/ins>\r\n<script>\r\n     (adsbygoogle = window.adsbygoogle || []).push({});\r\n<\/script><\/div>\nAz Egyes\u00fclt \u00c1llamok gazdas\u00e1ga a felm\u00e9r\u00e9s tan\u00fas\u00e1ga szerint kifejezetten j\u00f3l teljes\u00edt nemzetk\u00f6zi \u00f6sszehasonl\u00edt\u00e1sban, a t\u00f6bbi r\u00e9gi\u00f3t azonban sokkal ink\u00e1bb megterheli a nemzetk\u00f6zi kereskedelmi konfliktust \u00e9lez\u0151 amerikai retorika &#8211; fejti ki a Sentix elemz\u00e9se.<br \/>\n<a title=\"Hely megnyit\u00e1sa\" href=\"http:\/\/www.sentix.de\/\" target=\"_blank\" rel=\"noopener noreferrer\">http:\/\/www.sentix.de\/<\/a><\/p>\n<p>&nbsp;<\/p><div id=\"gazda-1744163790\" class=\"gazda-tartalomban gazda-entity-placement\"><script async src=\"https:\/\/pagead2.googlesyndication.com\/pagead\/js\/adsbygoogle.js\"><\/script>\r\n<ins class=\"adsbygoogle\"\r\n     style=\"display:block\"\r\n     data-ad-format=\"fluid\"\r\n     data-ad-layout-key=\"-6t+ed+2i-1n-4w\"\r\n     data-ad-client=\"ca-pub-1959107119989764\"\r\n     data-ad-slot=\"4008251320\"><\/ins>\r\n<script>\r\n     (adsbygoogle = window.adsbygoogle || []).push({});\r\n<\/script><\/div>\n","protected":false},"excerpt":{"rendered":"<p>Nem v\u00e1rt m\u00e9rt\u00e9kben romlott a frankfurti Sentix gazdas\u00e1gkutat\u00f3 int\u00e9zet szeptemberi eur\u00f3\u00f6vezeti befektet\u0151i bizalmi indexe.<\/p>\n","protected":false},"author":1,"featured_media":0,"comment_status":"closed","ping_status":"open","sticky":false,"template":"","format":"standard","meta":[],"categories":[246],"tags":[],"_links":{"self":[{"href":"https:\/\/gazdasagportal.hu\/index.php\/wp-json\/wp\/v2\/posts\/108713"}],"collection":[{"href":"https:\/\/gazdasagportal.hu\/index.php\/wp-json\/wp\/v2\/posts"}],"about":[{"href":"https:\/\/gazdasagportal.hu\/index.php\/wp-json\/wp\/v2\/types\/post"}],"author":[{"embeddable":true,"href":"https:\/\/gazdasagportal.hu\/index.php\/wp-json\/wp\/v2\/users\/1"}],"replies":[{"embeddable":true,"href":"https:\/\/gazdasagportal.hu\/index.php\/wp-json\/wp\/v2\/comments?post=108713"}],"version-history":[{"count":1,"href":"https:\/\/gazdasagportal.hu\/index.php\/wp-json\/wp\/v2\/posts\/108713\/revisions"}],"predecessor-version":[{"id":108714,"href":"https:\/\/gazdasagportal.hu\/index.php\/wp-json\/wp\/v2\/posts\/108713\/revisions\/108714"}],"wp:attachment":[{"href":"https:\/\/gazdasagportal.hu\/index.php\/wp-json\/wp\/v2\/media?parent=108713"}],"wp:term":[{"taxonomy":"category","embeddable":true,"href":"https:\/\/gazdasagportal.hu\/index.php\/wp-json\/wp\/v2\/categories?post=108713"},{"taxonomy":"post_tag","embeddable":true,"href":"https:\/\/gazdasagportal.hu\/index.php\/wp-json\/wp\/v2\/tags?post=108713"}],"curies":[{"name":"wp","href":"https:\/\/api.w.org\/{rel}","templated":true}]}}