{"id":108711,"date":"2018-09-10T11:38:07","date_gmt":"2018-09-10T09:38:07","guid":{"rendered":"http:\/\/gazdasagportal.hu\/?p=108711"},"modified":"2018-09-10T11:38:07","modified_gmt":"2018-09-10T09:38:07","slug":"augusztusban-fel-eve-a-legmagasabb-inflacio-alakult-ki-kinaban","status":"publish","type":"post","link":"https:\/\/gazdasagportal.hu\/index.php\/augusztusban-fel-eve-a-legmagasabb-inflacio-alakult-ki-kinaban\/","title":{"rendered":"Augusztusban f\u00e9l \u00e9ve a legmagasabb infl\u00e1ci\u00f3 alakult ki K\u00edn\u00e1ban"},"content":{"rendered":"<p><strong>Augusztusban a v\u00e1rakoz\u00e1sokat meghalad\u00f3 m\u00e9rt\u00e9k\u0171, hat h\u00f3napja a legmagasabb infl\u00e1ci\u00f3 alakult ki K\u00edn\u00e1ban a nemzeti statisztikai hivatal h\u00e9tf\u0151i jelent\u00e9se szerint.<\/strong><!--more--><\/p>\n<div class=\"ads-in-post1\"><div id=\"gazdasagportal.hu_fullbanner_wideboard\"><\/div>\r\n<\/div>\n<p>    Augusztusban a fogyaszt\u00f3i \u00e1rak \u00e9ves emelked\u00e9s\u00e9nek a m\u00e9rt\u00e9ke 2,3 sz\u00e1zal\u00e9kra emelkedett az el\u0151z\u0151 havi 2,1 sz\u00e1zal\u00e9kos infl\u00e1ci\u00f3 ut\u00e1n. A piac 2,2 sz\u00e1zal\u00e9kos infl\u00e1ci\u00f3t v\u00e1rt augusztusra.<br \/>\n    Az el\u0151z\u0151 havihoz k\u00e9pest 0,7 sz\u00e1zal\u00e9kkal emelkedtek a fogyaszt\u00f3i \u00e1rak augusztusban a j\u00faliusi 0,3 sz\u00e1zal\u00e9kos havi emelked\u00e9s ut\u00e1n. A piac 0,5 sz\u00e1zal\u00e9kos havi \u00e1remelked\u00e9st v\u00e1rt augusztusra. A t\u00e9nyleges 0,7 sz\u00e1zal\u00e9k a legmagasabb havi \u00e1remelked\u00e9s volt az id\u00e9n febru\u00e1r \u00f3ta.<br \/>\n<div class=\"ads-in-post2\"><script async src=\"https:\/\/pagead2.googlesyndication.com\/pagead\/js\/adsbygoogle.js\"><\/script>\r\n<ins class=\"adsbygoogle\"\r\n     style=\"display:block\"\r\n     data-ad-format=\"fluid\"\r\n     data-ad-layout-key=\"-6t+ed+2i-1n-4w\"\r\n     data-ad-client=\"ca-pub-1959107119989764\"\r\n     data-ad-slot=\"4008251320\"><\/ins>\r\n<script>\r\n     (adsbygoogle = window.adsbygoogle || []).push({});\r\n<\/script><\/div>\n    A termel\u0151i \u00e1rak a v\u00e1rt 4,0 sz\u00e1zal\u00e9k helyett 4,1 sz\u00e1zal\u00e9kkal emelkedtek augusztusban K\u00edn\u00e1ban az egy \u00e9vvel kor\u00e1bbihoz k\u00e9pest. J\u00faliusban 4,6 sz\u00e1zal\u00e9k volt az \u00e9ves \u00e1remelked\u00e9s m\u00e9rt\u00e9ke.<br \/>\n(MTI)<\/p>\n","protected":false},"excerpt":{"rendered":"<p>Augusztusban a v\u00e1rakoz\u00e1sokat meghalad\u00f3 m\u00e9rt\u00e9k\u0171, hat h\u00f3napja a legmagasabb infl\u00e1ci\u00f3 alakult ki K\u00edn\u00e1ban a nemzeti statisztikai hivatal h\u00e9tf\u0151i jelent\u00e9se szerint.<\/p>\n","protected":false},"author":1,"featured_media":0,"comment_status":"closed","ping_status":"open","sticky":false,"template":"","format":"standard","meta":[],"categories":[246],"tags":[],"_links":{"self":[{"href":"https:\/\/gazdasagportal.hu\/index.php\/wp-json\/wp\/v2\/posts\/108711"}],"collection":[{"href":"https:\/\/gazdasagportal.hu\/index.php\/wp-json\/wp\/v2\/posts"}],"about":[{"href":"https:\/\/gazdasagportal.hu\/index.php\/wp-json\/wp\/v2\/types\/post"}],"author":[{"embeddable":true,"href":"https:\/\/gazdasagportal.hu\/index.php\/wp-json\/wp\/v2\/users\/1"}],"replies":[{"embeddable":true,"href":"https:\/\/gazdasagportal.hu\/index.php\/wp-json\/wp\/v2\/comments?post=108711"}],"version-history":[{"count":1,"href":"https:\/\/gazdasagportal.hu\/index.php\/wp-json\/wp\/v2\/posts\/108711\/revisions"}],"predecessor-version":[{"id":108712,"href":"https:\/\/gazdasagportal.hu\/index.php\/wp-json\/wp\/v2\/posts\/108711\/revisions\/108712"}],"wp:attachment":[{"href":"https:\/\/gazdasagportal.hu\/index.php\/wp-json\/wp\/v2\/media?parent=108711"}],"wp:term":[{"taxonomy":"category","embeddable":true,"href":"https:\/\/gazdasagportal.hu\/index.php\/wp-json\/wp\/v2\/categories?post=108711"},{"taxonomy":"post_tag","embeddable":true,"href":"https:\/\/gazdasagportal.hu\/index.php\/wp-json\/wp\/v2\/tags?post=108711"}],"curies":[{"name":"wp","href":"https:\/\/api.w.org\/{rel}","templated":true}]}}