{"id":108638,"date":"2018-09-07T11:06:03","date_gmt":"2018-09-07T09:06:03","guid":{"rendered":"http:\/\/gazdasagportal.hu\/?p=108638"},"modified":"2018-09-07T11:06:03","modified_gmt":"2018-09-07T09:06:03","slug":"jelentosen-csokkent-nemetorszag-kulkereskedelmi-tobblete-juliusban","status":"publish","type":"post","link":"https:\/\/gazdasagportal.hu\/index.php\/jelentosen-csokkent-nemetorszag-kulkereskedelmi-tobblete-juliusban\/","title":{"rendered":"Jelent\u0151sen cs\u00f6kkent N\u00e9metorsz\u00e1g k\u00fclkereskedelmi t\u00f6bblete j\u00faliusban"},"content":{"rendered":"<p><strong>Jelent\u0151sen visszaesett N\u00e9metorsz\u00e1g k\u00fclkereskedelmi t\u00f6bblete j\u00faliusban, miut\u00e1n az export volumene cs\u00f6kkent, az import\u00e9 viszont m\u00e9rs\u00e9kelt \u00fctemben n\u0151tt.<\/strong><!--more--><\/p>\n<div class=\"ads-in-post1\"><div id=\"gazdasagportal.hu_fullbanner_wideboard\"><\/div>\r\n<\/div>\n<p>    A n\u00e9met statisztikai hivatal (Destatis) p\u00e9nteken k\u00f6zz\u00e9tett el\u0151zetes adatai szerint j\u00faliusban az el\u0151z\u0151 h\u00f3naphoz k\u00e9pest, szezon\u00e1lis \u00e9s napt\u00e1ri hat\u00e1ssal kiigaz\u00edtva, a kivitel \u00e9rt\u00e9ke 0,9 sz\u00e1zal\u00e9kkal, 110,3 milli\u00e1rd eur\u00f3ra s\u00fcllyedt, m\u00edg a behozatal\u00e9 2,8 sz\u00e1zal\u00e9kkal, 94,5 milli\u00e1rd eur\u00f3ra n\u0151tt.<br \/>\n    A kereskedelmi m\u00e9rleg t\u00f6bblete t\u00f6bb mint n\u00e9gy\u00e9ves m\u00e9lypontra, 15,8 milli\u00e1rd eur\u00f3ra m\u00e9rs\u00e9kl\u0151d\u00f6tt, szemben az elemz\u0151k \u00e1ltal v\u00e1rt 19,0 milli\u00e1rd, illetve a j\u00faniusban el\u00e9rt 19,3 milli\u00e1rd eur\u00f3s szufficittel.<br \/>\n<div class=\"ads-in-post2\"><script async src=\"https:\/\/pagead2.googlesyndication.com\/pagead\/js\/adsbygoogle.js\"><\/script>\r\n<ins class=\"adsbygoogle\"\r\n     style=\"display:block\"\r\n     data-ad-format=\"fluid\"\r\n     data-ad-layout-key=\"-6t+ed+2i-1n-4w\"\r\n     data-ad-client=\"ca-pub-1959107119989764\"\r\n     data-ad-slot=\"4008251320\"><\/ins>\r\n<script>\r\n     (adsbygoogle = window.adsbygoogle || []).push({});\r\n<\/script><\/div>\n    Elemz\u0151k az export \u00e9s import egyar\u00e1nt 0,2 sz\u00e1zal\u00e9kos emelked\u00e9s\u00e9t v\u00e1rt\u00e1k a j\u00faniusban m\u00e9rt 0,1 illetve 1,3 sz\u00e1zal\u00e9kos n\u00f6veked\u00e9s ut\u00e1n.<br \/>\n    A kiigaz\u00edtatlan adatok szerint az idei \u00e9v hetedik h\u00f3napj\u00e1ban N\u00e9metorsz\u00e1g exportja 111,0 milli\u00e1rd eur\u00f3t, importja pedig 94,5 milli\u00e1rd eur\u00f3t tett ki. Tavaly j\u00faliushoz k\u00e9pest az export \u00e9rt\u00e9ke 7,6 sz\u00e1zal\u00e9kkal, a behozatal\u00e9 pedig 12,0 sz\u00e1zal\u00e9kkal n\u0151tt. A kereskedelmi m\u00e9rleg 15,5 milli\u00e1rd eur\u00f3s t\u00f6bblettel z\u00e1rt, m\u00edg egy \u00e9vvel kor\u00e1bban 18,7 milli\u00e1rd eur\u00f3 volt a szufficit.<br \/>\n    A foly\u00f3 fizet\u00e9si m\u00e9rleg egyenlege 15,3 milli\u00e1rd eur\u00f3s t\u00f6bbletet mutatott j\u00faliusban az el\u0151z\u0151 havi 26,6 milli\u00e1rd eur\u00f3 ut\u00e1n. Tavaly j\u00faliusban 18,7 milli\u00e1rd eur\u00f3t tett ki a t\u00f6bblet.<br \/>\n    Az idei els\u0151 h\u00e9t h\u00f3nap v\u00e9g\u00e9n a n\u00e9met k\u00fclkereskedelmi m\u00e9rleg akt\u00edvuma 138,3 milli\u00e1rd eur\u00f3t tett ki, a foly\u00f3 fizet\u00e9si m\u00e9rlegben pedig 150,2 milli\u00e1rd eur\u00f3s t\u00f6bblet alakult ki.<br \/>\n    N\u00e9metorsz\u00e1g massz\u00edv k\u00fclkereskedelmi t\u00f6bblete v\u00f6r\u00f6s poszt\u00f3 j\u00f3 p\u00e1r eur\u00f3pai \u00e9s tengerent\u00fali sz\u00f6vets\u00e9ges \u00e9s partner sz\u00e1m\u00e1ra, k\u00fcl\u00f6n\u00f6sen Donald Trump amerikai eln\u00f6k fogalmaz meg \u00e9les b\u00edr\u00e1latokat. Bar\u00e1ti korm\u00e1nyok \u00e9s olyan nemzetk\u00f6zi szervezetek, mint a Nemzetk\u00f6zi Valutaalap is rendszeresen arra buzd\u00edtja Berlint, hogy a kiad\u00e1sok n\u00f6vel\u00e9s\u00e9vel \u00e9s a bels\u0151 fogyaszt\u00e1s \u00f6szt\u00f6nz\u00e9s\u00e9vel seg\u00edtsen enyh\u00edteni az egyens\u00falytalans\u00e1gokat.(MTI)<\/p>\n","protected":false},"excerpt":{"rendered":"<p>Jelent\u0151sen visszaesett N\u00e9metorsz\u00e1g k\u00fclkereskedelmi t\u00f6bblete j\u00faliusban, miut\u00e1n az export volumene cs\u00f6kkent, az import\u00e9 viszont m\u00e9rs\u00e9kelt \u00fctemben n\u0151tt.<\/p>\n","protected":false},"author":1,"featured_media":0,"comment_status":"closed","ping_status":"open","sticky":false,"template":"","format":"standard","meta":[],"categories":[246],"tags":[],"_links":{"self":[{"href":"https:\/\/gazdasagportal.hu\/index.php\/wp-json\/wp\/v2\/posts\/108638"}],"collection":[{"href":"https:\/\/gazdasagportal.hu\/index.php\/wp-json\/wp\/v2\/posts"}],"about":[{"href":"https:\/\/gazdasagportal.hu\/index.php\/wp-json\/wp\/v2\/types\/post"}],"author":[{"embeddable":true,"href":"https:\/\/gazdasagportal.hu\/index.php\/wp-json\/wp\/v2\/users\/1"}],"replies":[{"embeddable":true,"href":"https:\/\/gazdasagportal.hu\/index.php\/wp-json\/wp\/v2\/comments?post=108638"}],"version-history":[{"count":1,"href":"https:\/\/gazdasagportal.hu\/index.php\/wp-json\/wp\/v2\/posts\/108638\/revisions"}],"predecessor-version":[{"id":108639,"href":"https:\/\/gazdasagportal.hu\/index.php\/wp-json\/wp\/v2\/posts\/108638\/revisions\/108639"}],"wp:attachment":[{"href":"https:\/\/gazdasagportal.hu\/index.php\/wp-json\/wp\/v2\/media?parent=108638"}],"wp:term":[{"taxonomy":"category","embeddable":true,"href":"https:\/\/gazdasagportal.hu\/index.php\/wp-json\/wp\/v2\/categories?post=108638"},{"taxonomy":"post_tag","embeddable":true,"href":"https:\/\/gazdasagportal.hu\/index.php\/wp-json\/wp\/v2\/tags?post=108638"}],"curies":[{"name":"wp","href":"https:\/\/api.w.org\/{rel}","templated":true}]}}