{"id":108550,"date":"2018-09-04T20:18:35","date_gmt":"2018-09-04T18:18:35","guid":{"rendered":"http:\/\/gazdasagportal.hu\/?p=108550"},"modified":"2018-09-04T20:18:35","modified_gmt":"2018-09-04T18:18:35","slug":"uj-migranshullamtol-tart-az-olasz-kormany-a-libiai-harcok-miatt","status":"publish","type":"post","link":"https:\/\/gazdasagportal.hu\/index.php\/uj-migranshullamtol-tart-az-olasz-kormany-a-libiai-harcok-miatt\/","title":{"rendered":"\u00daj migr\u00e1nshull\u00e1mt\u00f3l tart az olasz korm\u00e1ny a l\u00edbiai harcok miatt"},"content":{"rendered":"<p><strong>\u00daj migr\u00e1nshull\u00e1mt\u00f3l tart az olasz korm\u00e1ny a ki\u00fajult l\u00edbiai harcok miatt &#8211; \u00edrta az olasz sajt\u00f3 kedden.<\/strong><!--more--><\/p>\n<div class=\"ads-in-post1\"><div id=\"gazdasagportal.hu_fullbanner_wideboard\"><\/div>\r\n<\/div>\n<p>    A Corriere della Sera napilap \u00e9rtes\u00fcl\u00e9sei szerint a L\u00edbi\u00e1ban nyolc napja tart\u00f3 harcok miatt az \u00e9szak-afrikai orsz\u00e1gban megsz\u0171nt az ellen\u0151rz\u00e9s a tengerpart fel\u00e9 vezet\u0151 utakon \u00e9s a partvid\u00e9ken.<br \/>\n    A helyzet az olasz parti \u0151rs\u00e9g munk\u00e1j\u00e1t is nehez\u00edti, mivel haj\u00f3i nem tudnak \u00fczemanyagot felvenni L\u00edbi\u00e1ban.<br \/>\n    A sajt\u00f3 szerint az embercsemp\u00e9szek azonnal ind\u00edthatj\u00e1k a migr\u00e1nsokkal teli cs\u00f3nakokat \u00e9s haj\u00f3kat Olaszorsz\u00e1g fel\u00e9, ha a l\u00edbiai hat\u00f3s\u00e1gok elvesz\u00edtik a partvid\u00e9k feletti ellen\u0151rz\u00e9st. Az olasz lapok 50 ezerre teszik az indul\u00e1sra k\u00e9sz migr\u00e1nsok sz\u00e1m\u00e1t.<br \/>\n    Elemz\u0151k eml\u00e9keztettek, ez t\u00f6rt\u00e9nt tavaly j\u00faniusban is, amikor 36 \u00f3ra alatt t\u00f6bb mint 12 ezer ember \u00e9rkezett az olasz partokra. Azzal a k\u00fcl\u00f6nbs\u00e9ggel, hogy jelenleg az olasz korm\u00e1ny nem engedi kik\u00f6tni az it\u00e1liai partokon a migr\u00e1nsokat sz\u00e1ll\u00edt\u00f3 haj\u00f3kat.<br \/>\n<div class=\"ads-in-post2\"><script async src=\"https:\/\/pagead2.googlesyndication.com\/pagead\/js\/adsbygoogle.js\"><\/script>\r\n<ins class=\"adsbygoogle\"\r\n     style=\"display:block\"\r\n     data-ad-format=\"fluid\"\r\n     data-ad-layout-key=\"-6t+ed+2i-1n-4w\"\r\n     data-ad-client=\"ca-pub-1959107119989764\"\r\n     data-ad-slot=\"4008251320\"><\/ins>\r\n<script>\r\n     (adsbygoogle = window.adsbygoogle || []).push({});\r\n<\/script><\/div>\n    Tripoliban t\u00f6bb mint egy hete \u00fajultak ki az \u00f6sszecsap\u00e1sok a nemzetk\u00f6zileg elismert l\u00edbiai egys\u00e9gkorm\u00e1nyt vezet\u0151 F\u00e1jez esz-Szarr\u00e1dzshoz h\u0171 csapatok \u00e9s az orsz\u00e1g keleti fel\u00e9t ural\u00f3 Halifa Haft\u00e1r t\u00e1bornok vezette egys\u00e9gek k\u00f6z\u00f6tt.<br \/>\n    A Corriere \u00fagy tudja, hogy az olasz korm\u00e1ny diplom\u00e1ciai \u00e9s titkosszolg\u00e1lati csatorn\u00e1kon azt igyekszik felm\u00e9rni, kivel lehet jelenleg L\u00edbi\u00e1ban egy\u00fcttm\u0171k\u00f6dni az embercsemp\u00e9sz-szervezetekkel szembeni fell\u00e9p\u00e9sben. Az \u00fajs\u00e1g megjegyezte, hogy a l\u00edbiai helyzet fokoz\u00f3d\u00e1sa a migr\u00e1ci\u00f3s meg\u00e1llapod\u00e1sok felborul\u00e1s\u00e1hoz vezethet.<br \/>\n    Tripolib\u00f3l m\u00e1r evaku\u00e1lt\u00e1k az olasz nagyk\u00f6vets\u00e9g diplomat\u00e1inak t\u00f6bbs\u00e9g\u00e9t \u00e9s az ENI olasz energiav\u00e1llalat m\u0171szaki embereit. Tripoliban az olasz haditenger\u00e9szet 100 katon\u00e1ja is \u00e1llom\u00e1sozik, tov\u00e1bbi 300 olasz katona pedig a Miszr\u00e1t\u00e1ban m\u0171k\u00f6d\u0151 katonai t\u00e1bori k\u00f3rh\u00e1zban szolg\u00e1l.<br \/>\n    Az olasz korm\u00e1ny k\u00f6zlem\u00e9nyben &#8222;kategorikusan&#8221; kiz\u00e1rta, hogy speci\u00e1lis egys\u00e9geket k\u00fcld L\u00edbi\u00e1ba.<br \/>\n    Matteo Salvini a korm\u00e1nyp\u00e1rt Liga vezet\u0151je is kiz\u00e1rta az olasz katonai beavatkoz\u00e1st, hangs\u00falyozva, hogy a l\u00edbiai helyzet\u00e9rt Emmanuel Macron francia eln\u00f6k a felel\u0151s, mivel fesz\u00fclts\u00e9get teremtett, amikor l\u00edbiai v\u00e1laszt\u00e1sokat szorgalmazott.<br \/>\n    Franciaorsz\u00e1g \u00e1ll a l\u00edbiai polg\u00e1rh\u00e1bor\u00fa m\u00f6g\u00f6tt &#8211; jelentette ki Roberto Fico, az olasz k\u00e9pvisel\u0151h\u00e1z eln\u00f6ke, az \u00d6t Csillag Mozgalom (M5S) politikusa is.<br \/>\n(MTI)<\/p>\n","protected":false},"excerpt":{"rendered":"<p>\u00daj migr\u00e1nshull\u00e1mt\u00f3l tart az olasz korm\u00e1ny a ki\u00fajult l\u00edbiai harcok miatt &#8211; \u00edrta az olasz sajt\u00f3 kedden.<\/p>\n","protected":false},"author":1,"featured_media":0,"comment_status":"closed","ping_status":"open","sticky":false,"template":"","format":"standard","meta":[],"categories":[12],"tags":[],"_links":{"self":[{"href":"https:\/\/gazdasagportal.hu\/index.php\/wp-json\/wp\/v2\/posts\/108550"}],"collection":[{"href":"https:\/\/gazdasagportal.hu\/index.php\/wp-json\/wp\/v2\/posts"}],"about":[{"href":"https:\/\/gazdasagportal.hu\/index.php\/wp-json\/wp\/v2\/types\/post"}],"author":[{"embeddable":true,"href":"https:\/\/gazdasagportal.hu\/index.php\/wp-json\/wp\/v2\/users\/1"}],"replies":[{"embeddable":true,"href":"https:\/\/gazdasagportal.hu\/index.php\/wp-json\/wp\/v2\/comments?post=108550"}],"version-history":[{"count":1,"href":"https:\/\/gazdasagportal.hu\/index.php\/wp-json\/wp\/v2\/posts\/108550\/revisions"}],"predecessor-version":[{"id":108551,"href":"https:\/\/gazdasagportal.hu\/index.php\/wp-json\/wp\/v2\/posts\/108550\/revisions\/108551"}],"wp:attachment":[{"href":"https:\/\/gazdasagportal.hu\/index.php\/wp-json\/wp\/v2\/media?parent=108550"}],"wp:term":[{"taxonomy":"category","embeddable":true,"href":"https:\/\/gazdasagportal.hu\/index.php\/wp-json\/wp\/v2\/categories?post=108550"},{"taxonomy":"post_tag","embeddable":true,"href":"https:\/\/gazdasagportal.hu\/index.php\/wp-json\/wp\/v2\/tags?post=108550"}],"curies":[{"name":"wp","href":"https:\/\/api.w.org\/{rel}","templated":true}]}}