{"id":108540,"date":"2018-09-04T16:10:00","date_gmt":"2018-09-04T14:10:00","guid":{"rendered":"http:\/\/gazdasagportal.hu\/?p=108540"},"modified":"2018-09-04T16:10:00","modified_gmt":"2018-09-04T14:10:00","slug":"magyarorszag-a-hetedik-legkedveltebb-befektetesi-celpont","status":"publish","type":"post","link":"https:\/\/gazdasagportal.hu\/index.php\/magyarorszag-a-hetedik-legkedveltebb-befektetesi-celpont\/","title":{"rendered":"Magyarorsz\u00e1g a hetedik legkedveltebb befektet\u00e9si c\u00e9lpont"},"content":{"rendered":"<p><strong>Magyarorsz\u00e1g vil\u00e1gszerte a hetedik legkedveltebb befektet\u00e9si c\u00e9lpont az IBM Global Location Trends leg\u00fajabb, 2017-es adatokat tartalmaz\u00f3 jelent\u00e9se szerint &#8211; mondta Menczer Tam\u00e1s t\u00e1j\u00e9koztat\u00e1s\u00e9rt \u00e9s Magyarorsz\u00e1g nemzetk\u00f6zi megjelen\u00edt\u00e9s\u00e9\u00e9rt felel\u0151s \u00e1llamtitk\u00e1r sajt\u00f3t\u00e1j\u00e9koztat\u00f3n, Budapesten, kedden.<\/strong><!--more--><\/p>\n<div class=\"ads-in-post1\"><div id=\"gazdasagportal.hu_fullbanner_wideboard\"><\/div>\r\n<\/div>\n<p>    Hozz\u00e1tette: a magas hozz\u00e1adott \u00e9rt\u00e9k\u0171 k\u00fclf\u00f6ldi befektet\u00e9sek rangsor\u00e1ban Magyarorsz\u00e1g szint\u00e9n az \u00e9lvonalban, a 16. helyen \u00e1ll.<br \/>\n    Az orsz\u00e1got a gazdas\u00e1gi k\u00f6rnyezet teszi vonz\u00f3v\u00e1 a befektet\u0151k sz\u00e1m\u00e1ra, itt tal\u00e1lhat\u00f3 Eur\u00f3p\u00e1n bel\u00fcl az egyik legalacsonyabb szem\u00e9lyi j\u00f6vedelemad\u00f3, a legalacsonyabb t\u00e1rsas\u00e1gi ad\u00f3 \u00e9s a szoci\u00e1lis hozz\u00e1j\u00e1rul\u00e1si ad\u00f3 is folyamatosan cs\u00f6kken &#8211; fejtette ki.<br \/>\n    Az \u00e1llamtitk\u00e1r szerint 2010-ben, amikor a munkan\u00e9lk\u00fclis\u00e9g 12,5 sz\u00e1zal\u00e9kon \u00e1llt, nyilv\u00e1nval\u00f3 volt, hogy az \u00faj korm\u00e1ny egyik legfontosabb feladata a munkahelyteremt\u00e9s. A korm\u00e1ny felfog\u00e1sa szerint, ha &#8222;munka van, minden van&#8221;, a munka adja a kisz\u00e1m\u00edthat\u00f3s\u00e1got \u00e9s az \u00f6nbecs\u00fcl\u00e9st &#8211; mondta az \u00e1llamtitk\u00e1r. M\u00e1ra a munkan\u00e9lk\u00fclis\u00e9g 3,5 sz\u00e1zal\u00e9kra cs\u00f6kkent, aki akar, az ma tud dolgozni Magyarorsz\u00e1gon &#8211; tette hozz\u00e1 Menczer Tam\u00e1s.<br \/>\n<div class=\"ads-in-post2\"><script async src=\"https:\/\/pagead2.googlesyndication.com\/pagead\/js\/adsbygoogle.js\"><\/script>\r\n<ins class=\"adsbygoogle\"\r\n     style=\"display:block\"\r\n     data-ad-format=\"fluid\"\r\n     data-ad-layout-key=\"-6t+ed+2i-1n-4w\"\r\n     data-ad-client=\"ca-pub-1959107119989764\"\r\n     data-ad-slot=\"4008251320\"><\/ins>\r\n<script>\r\n     (adsbygoogle = window.adsbygoogle || []).push({});\r\n<\/script><\/div>\n    A korm\u00e1ny t\u00e1mogat\u00e1si-\u00f6szt\u00f6nz\u00e9si politik\u00e1ja is v\u00e1ltozott, ma m\u00e1r olyan beruh\u00e1z\u00f3k is kaphatnak t\u00e1mogat\u00e1st, akik a munkahelyek meg\u0151rz\u00e9se mellett technol\u00f3giai fejleszt\u00e9st, moderniz\u00e1ci\u00f3t hajtanak v\u00e9gre &#8211; mutatott r\u00e1 Menczer Tam\u00e1s.<br \/>\n    A Befektet\u00e9si \u00dcgyn\u00f6ks\u00e9g az idei \u00e9vben is eredm\u00e9nyes munk\u00e1t v\u00e9gez, ezt a legjobban a ny\u00e1ron bejelentett BMW-beruh\u00e1z\u00e1s mutatja &#8211; hangs\u00falyozta Menczer Tam\u00e1s, hozz\u00e1t\u00e9ve, hogy a BMW-beruh\u00e1z\u00e1s ezer \u00faj munkahelyet teremt k\u00f6zvetlen\u00fcl, a besz\u00e1ll\u00edt\u00f3kon kereszt\u00fcl pedig enn\u00e9l sokkal t\u00f6bbet.<br \/>\n    Az \u00e1llamtitk\u00e1r szerint a BMW a legmodernebb aut\u00f3ipari technol\u00f3gi\u00e1kat telep\u00edti haz\u00e1nkba, hiszen a c\u00e9g a hagyom\u00e1nyos meghajt\u00e1s\u00fa aut\u00f3k mellett elektromos aut\u00f3k gy\u00e1rt\u00e1s\u00e1t is v\u00e9gzi majd Debrecenben.<br \/>\n    \u00c9sik R\u00f3bert, a Nemzeti Befektet\u00e9si \u00dcgyn\u00f6ks\u00e9g (HIPA) eln\u00f6ke elmondta, tavaly az IBM felm\u00e9r\u00e9se szerint 121 k\u00fclf\u00f6ldi befektet\u0151 \u00e1ltal v\u00e9grehajtott beruh\u00e1z\u00e1s val\u00f3sult meg Magyarorsz\u00e1gon \u00f6sszesen 17 500 munkahelyet teremtve, ami az \u00e9vente k\u00e9sz\u00fcl\u0151 felm\u00e9r\u00e9s 2002-es indul\u00e1sa \u00f3ta a legmagasabb \u00e9rt\u00e9k.<br \/>\n    Az eur\u00f3pai f\u0151v\u00e1rosok rangsor\u00e1ban Budapest a hatodik lett 2017-ben a k\u00fclf\u00f6ldi m\u0171k\u00f6d\u0151t\u0151ke \u00e1ltal teremtett 5500 \u00faj munkahellyel &#8211; ismertette a HIPA eln\u00f6ke. A visegr\u00e1di orsz\u00e1gok k\u00f6z\u00f6tt ebben a rangsorban Budapest az els\u0151 helyen van &#8211; f\u0171zte hozz\u00e1.<br \/>\n    Ami a 2018-as \u00e9vet illeti, az els\u0151 f\u00e9l\u00e9vben 46 sikeres, \u00f6sszesen t\u00f6bb mint 2 milli\u00e1rd eur\u00f3 \u00e9rt\u00e9k\u0171 befektet\u00e9si t\u00e1rgyal\u00e1st folytatott le az \u00fcgyn\u00f6ks\u00e9g &#8211; t\u00e1j\u00e9koztatott \u00c9sik R\u00f3bert utalva arra, hogy a HIPA t\u00f6rt\u00e9net\u00e9ben ez eddig a legmagasabb egy f\u00e9l\u00e9vre jut\u00f3 \u00f6sszeg. Janu\u00e1rt\u00f3l j\u00faniusig \u00f6sszesen h\u00e9tezer \u00faj munkahelyr\u0151l hoztak d\u00f6nt\u00e9st a HIP\u00c1-val t\u00e1rgyal\u00f3 k\u00fclf\u00f6ldi befektet\u0151k &#8211; jegyezte meg.<br \/>\n    \u00c9sik R\u00f3bert arra is kit\u00e9rt, hogy az \u00fcgyn\u00f6ks\u00e9g list\u00e1j\u00e1nak \u00e9l\u00e9n hagyom\u00e1nyosan az Amerikai Egyes\u00fclt \u00c1llamok, N\u00e9metorsz\u00e1g \u00e9s Jap\u00e1n tal\u00e1lhat\u00f3, ugyanakkor az els\u0151 f\u00e9l\u00e9vben a t\u0151ke nagys\u00e1g\u00e1t n\u00e9zve D\u00e9l-Korea szerepel az els\u0151 helyen.<br \/>\n(MTI)<\/p>\n","protected":false},"excerpt":{"rendered":"<p>Magyarorsz\u00e1g vil\u00e1gszerte a hetedik legkedveltebb befektet\u00e9si c\u00e9lpont az IBM Global Location Trends leg\u00fajabb, 2017-es adatokat tartalmaz\u00f3 jelent\u00e9se szerint &#8211; mondta Menczer Tam\u00e1s t\u00e1j\u00e9koztat\u00e1s\u00e9rt \u00e9s Magyarorsz\u00e1g nemzetk\u00f6zi megjelen\u00edt\u00e9s\u00e9\u00e9rt felel\u0151s \u00e1llamtitk\u00e1r sajt\u00f3t\u00e1j\u00e9koztat\u00f3n, Budapesten, kedden.<\/p>\n","protected":false},"author":1,"featured_media":0,"comment_status":"closed","ping_status":"open","sticky":false,"template":"","format":"standard","meta":[],"categories":[4,19],"tags":[],"_links":{"self":[{"href":"https:\/\/gazdasagportal.hu\/index.php\/wp-json\/wp\/v2\/posts\/108540"}],"collection":[{"href":"https:\/\/gazdasagportal.hu\/index.php\/wp-json\/wp\/v2\/posts"}],"about":[{"href":"https:\/\/gazdasagportal.hu\/index.php\/wp-json\/wp\/v2\/types\/post"}],"author":[{"embeddable":true,"href":"https:\/\/gazdasagportal.hu\/index.php\/wp-json\/wp\/v2\/users\/1"}],"replies":[{"embeddable":true,"href":"https:\/\/gazdasagportal.hu\/index.php\/wp-json\/wp\/v2\/comments?post=108540"}],"version-history":[{"count":1,"href":"https:\/\/gazdasagportal.hu\/index.php\/wp-json\/wp\/v2\/posts\/108540\/revisions"}],"predecessor-version":[{"id":108541,"href":"https:\/\/gazdasagportal.hu\/index.php\/wp-json\/wp\/v2\/posts\/108540\/revisions\/108541"}],"wp:attachment":[{"href":"https:\/\/gazdasagportal.hu\/index.php\/wp-json\/wp\/v2\/media?parent=108540"}],"wp:term":[{"taxonomy":"category","embeddable":true,"href":"https:\/\/gazdasagportal.hu\/index.php\/wp-json\/wp\/v2\/categories?post=108540"},{"taxonomy":"post_tag","embeddable":true,"href":"https:\/\/gazdasagportal.hu\/index.php\/wp-json\/wp\/v2\/tags?post=108540"}],"curies":[{"name":"wp","href":"https:\/\/api.w.org\/{rel}","templated":true}]}}