{"id":108524,"date":"2018-09-04T11:47:04","date_gmt":"2018-09-04T09:47:04","guid":{"rendered":"http:\/\/gazdasagportal.hu\/?p=108524"},"modified":"2018-09-04T11:47:04","modified_gmt":"2018-09-04T09:47:04","slug":"a-tavalyinal-kevesebb-kart-okoztak-az-idei-nyari-viharok","status":"publish","type":"post","link":"https:\/\/gazdasagportal.hu\/index.php\/a-tavalyinal-kevesebb-kart-okoztak-az-idei-nyari-viharok\/","title":{"rendered":"A tavalyin\u00e1l kevesebb k\u00e1rt okoztak az idei ny\u00e1ri viharok"},"content":{"rendered":"<p><strong>A tavalyihoz k\u00e9pest id\u00e9n kevesebb k\u00e1rt okozott a ny\u00e1ri viharszezon, b\u00e1r a szeptember eleji es\u0151z\u00e9sek m\u00e9g sokat ronthatnak az eddigi m\u00e9rlegen &#8211; k\u00f6z\u00f6lte a Magyar Biztos\u00edt\u00f3k Sz\u00f6vets\u00e9ge (Mabisz) kedden az MTI-vel.<\/strong><!--more--><\/p>\n<div class=\"ads-in-post1\"><div id=\"gazdasagportal.hu_fullbanner_wideboard\"><\/div>\r\n<\/div>\n<p>    A t\u00e1j\u00e9koztat\u00e1s szerint az idei ny\u00e1ri viharm\u00e9rleg nem v\u00e9gleges \u00f6sszes\u00edt\u00e9se alapj\u00e1n a biztos\u00edt\u00f3k m\u00e1jus 1. \u00e9s augusztus 31. k\u00f6z\u00f6tt csaknem 3,2 milli\u00e1rd forintot fizettek ki, a t\u00e1rsas\u00e1gokhoz ebben a peri\u00f3dusban 57 016 bejelent\u00e9s \u00e9rkezett egy\u00e9ni \u00e9s t\u00e1rsash\u00e1zak r\u00e9sz\u00e9r\u0151l vihar, felh\u0151szakad\u00e1s, j\u00e9gver\u00e9s, tet\u0151be\u00e1z\u00e1s c\u00edm\u00e9n.<br \/>\n    Tavaly ugyanis ezen n\u00e9gy h\u00f3nap alatt t\u00f6bb mint 103 ezer k\u00e1resem\u00e9nyre 6 milli\u00e1rd forint \u00f6sszeg\u0171 k\u00e1rt t\u00e9r\u00edtettek meg a biztos\u00edt\u00f3k. 2010-2017 k\u00f6z\u00f6tt a m\u00e1jus-augusztusi id\u0151szakban \u00f6sszesen csaknem 1 milli\u00f3 100 ezer k\u00e1rt rendeztek a t\u00e1rsas\u00e1gok, k\u00f6zel 80 milli\u00e1rd forint \u00e9rt\u00e9kben.<br \/>\n<div class=\"ads-in-post2\"><script async src=\"https:\/\/pagead2.googlesyndication.com\/pagead\/js\/adsbygoogle.js\"><\/script>\r\n<ins class=\"adsbygoogle\"\r\n     style=\"display:block\"\r\n     data-ad-format=\"fluid\"\r\n     data-ad-layout-key=\"-6t+ed+2i-1n-4w\"\r\n     data-ad-client=\"ca-pub-1959107119989764\"\r\n     data-ad-slot=\"4008251320\"><\/ins>\r\n<script>\r\n     (adsbygoogle = window.adsbygoogle || []).push({});\r\n<\/script><\/div>\n    A sz\u00f6vets\u00e9g szerint az elm\u00falt \u00e9vek biztos\u00edt\u00f3i adataib\u00f3l nem lehet trendszer\u0171 k\u00f6vetkeztet\u00e9seket levonni az id\u0151j\u00e1r\u00e1s sz\u00e9ls\u0151s\u00e9gesebb\u00e9 v\u00e1l\u00e1s\u00e1r\u00f3l, ebben az \u00e9vtizedben p\u00e9ld\u00e1ul a 2010-es \u00e9v volt a katasztr\u00f3f\u00e1kt\u00f3l legink\u00e1bb s\u00fajtott, akkor 312 ezer k\u00e1rbejelent\u00e9sre 30 milli\u00e1rd forintot fizettek ki a biztos\u00edt\u00f3k.<br \/>\n    Az id\u00e9n is, mint szinte minden \u00e9vben, a legs\u0171r\u0171bben lakott Pest megy\u00e9ben \u00e9s a f\u0151v\u00e1rosban s\u00e9r\u00fclt meg a legt\u00f6bb lakoss\u00e1gi ingatlan, emellett P\u00e9csr\u0151l \u00e9s k\u00f6rny\u00e9k\u00e9r\u0151l \u00e9rkezett szokatlanul sok bejelent\u00e9s. A legt\u00f6bbsz\u00f6r a h\u00e1zak tet\u0151szerkezete s\u00e9r\u00fclt meg, illetve az ebb\u0151l ered\u0151 be\u00e1z\u00e1s jelentette a leggyakoribb k\u00e1rt\u00edpust &#8211; k\u00f6z\u00f6lte a Mabisz.<br \/>\n    A viszonylag m\u00e9rs\u00e9keltebb viharok idej\u00e9n is egyre t\u00f6bb k\u00e1rt okoznak viszont a vill\u00e1mcsap\u00e1sok, amelyek 2010 \u00f3ta mintegy harmadannyival terhelt\u00e9k meg a t\u00e1rsas\u00e1gok k\u00e1rr\u00e1ford\u00edt\u00e1si \u00f6sszegeit, mint a viharok. Tavaly eg\u00e9sz \u00e9vben 2350 els\u0151dleges, \u00e9s t\u00f6bb mint 30 ezer m\u00e1sodlagos hat\u00e1s nyom\u00e1n 2,6 milli\u00e1rd forintot t\u00e9r\u00edtettek meg \u00fcgyfeleiknek a t\u00e1rsas\u00e1gok, id\u00e9n az els\u0151 nyolc h\u00f3napban m\u00e1r 2,3 milli\u00e1rd forint k\u00f6rny\u00e9k\u00e9n j\u00e1r ez az \u00f6sszeg &#8211; k\u00f6z\u00f6lte a Mabisz.<br \/>\n(MTI)<\/p>\n","protected":false},"excerpt":{"rendered":"<p>A tavalyihoz k\u00e9pest id\u00e9n kevesebb k\u00e1rt okozott a ny\u00e1ri viharszezon, b\u00e1r a szeptember eleji es\u0151z\u00e9sek m\u00e9g sokat ronthatnak az eddigi m\u00e9rlegen &#8211; k\u00f6z\u00f6lte a Magyar Biztos\u00edt\u00f3k Sz\u00f6vets\u00e9ge (Mabisz) kedden az MTI-vel.<\/p>\n","protected":false},"author":1,"featured_media":0,"comment_status":"closed","ping_status":"open","sticky":false,"template":"","format":"standard","meta":[],"categories":[4,51,19],"tags":[],"_links":{"self":[{"href":"https:\/\/gazdasagportal.hu\/index.php\/wp-json\/wp\/v2\/posts\/108524"}],"collection":[{"href":"https:\/\/gazdasagportal.hu\/index.php\/wp-json\/wp\/v2\/posts"}],"about":[{"href":"https:\/\/gazdasagportal.hu\/index.php\/wp-json\/wp\/v2\/types\/post"}],"author":[{"embeddable":true,"href":"https:\/\/gazdasagportal.hu\/index.php\/wp-json\/wp\/v2\/users\/1"}],"replies":[{"embeddable":true,"href":"https:\/\/gazdasagportal.hu\/index.php\/wp-json\/wp\/v2\/comments?post=108524"}],"version-history":[{"count":1,"href":"https:\/\/gazdasagportal.hu\/index.php\/wp-json\/wp\/v2\/posts\/108524\/revisions"}],"predecessor-version":[{"id":108525,"href":"https:\/\/gazdasagportal.hu\/index.php\/wp-json\/wp\/v2\/posts\/108524\/revisions\/108525"}],"wp:attachment":[{"href":"https:\/\/gazdasagportal.hu\/index.php\/wp-json\/wp\/v2\/media?parent=108524"}],"wp:term":[{"taxonomy":"category","embeddable":true,"href":"https:\/\/gazdasagportal.hu\/index.php\/wp-json\/wp\/v2\/categories?post=108524"},{"taxonomy":"post_tag","embeddable":true,"href":"https:\/\/gazdasagportal.hu\/index.php\/wp-json\/wp\/v2\/tags?post=108524"}],"curies":[{"name":"wp","href":"https:\/\/api.w.org\/{rel}","templated":true}]}}