{"id":108503,"date":"2018-09-03T21:40:43","date_gmt":"2018-09-03T19:40:43","guid":{"rendered":"http:\/\/gazdasagportal.hu\/?p=108503"},"modified":"2018-09-03T21:40:43","modified_gmt":"2018-09-03T19:40:43","slug":"tovabbi-jelentos-esozesekre-figyelmeztet-a-meteorologiai-szolgalat","status":"publish","type":"post","link":"https:\/\/gazdasagportal.hu\/index.php\/tovabbi-jelentos-esozesekre-figyelmeztet-a-meteorologiai-szolgalat\/","title":{"rendered":"Tov\u00e1bbi jelent\u0151s es\u0151z\u00e9sekre figyelmeztet a meteorol\u00f3giai szolg\u00e1lat"},"content":{"rendered":"<p><strong>Tov\u00e1bbi jelent\u0151s es\u0151z\u00e9sekre figyelmeztet az Orsz\u00e1gos Meteorol\u00f3giai Szolg\u00e1lat.<\/strong><!--more--><\/p>\n<div class=\"ads-in-post1\"><div id=\"gazdasagportal.hu_fullbanner_wideboard\"><\/div>\r\n<\/div>\n<p>    H\u00e9tf\u0151n Facebook-oldalukon k\u00f6zz\u00e9tett vide\u00f3jukban elmondt\u00e1k: az elm\u00falt napokban heves es\u0151z\u00e9seket okoz\u00f3 l\u00e9g\u00f6rv\u00e9ny kiss\u00e9 kelet fel\u00e9 mozdul el. Ennek nyom\u00e1n az orsz\u00e1g \u00e9szakkeleti cs\u00fccsk\u00e9t lesz\u00e1m\u00edtva, az eddig sz\u00e1razon maradt ter\u00fcleteken is v\u00e1rhat\u00f3 csapad\u00e9k. \u00dajabb jelent\u0151s mennyis\u00e9g\u0171 &#8211; n\u00e9hol ak\u00e1r egy havi \u00e1tlagnak megfelel\u0151 &#8211; es\u0151 hullik majd le.<br \/>\n    Keddre virrad\u00f3 \u00e9jszaka is folytat\u00f3dik a csapad\u00e9kos id\u0151, n\u00e9hol csak csendesen esik majd, m\u00e1sutt szakadni fog az es\u0151. T\u00f6bbfel\u00e9 d\u00f6rg\u00e9s, vill\u00e1ml\u00e1s k\u00eds\u00e9rheti a zivatarokat. Kedden napk\u00f6zben csak r\u00f6vid id\u0151szakokra s\u00fcthet ki a nap. K\u00fcl\u00f6n\u00f6sen a Dun\u00e1nt\u00fal \u00e9szaki fel\u00e9n v\u00e1rhat\u00f3 ter\u00fcleti \u00e1tlagban jelent\u0151s csapad\u00e9k. A nappali felmeleged\u00e9s keleten is m\u00e9rs\u00e9kl\u0151dni fog.<br \/>\n<div class=\"ads-in-post2\"><script async src=\"https:\/\/pagead2.googlesyndication.com\/pagead\/js\/adsbygoogle.js\"><\/script>\r\n<ins class=\"adsbygoogle\"\r\n     style=\"display:block\"\r\n     data-ad-format=\"fluid\"\r\n     data-ad-layout-key=\"-6t+ed+2i-1n-4w\"\r\n     data-ad-client=\"ca-pub-1959107119989764\"\r\n     data-ad-slot=\"4008251320\"><\/ins>\r\n<script>\r\n     (adsbygoogle = window.adsbygoogle || []).push({});\r\n<\/script><\/div>\n    Szerd\u00e1t\u00f3l v\u00e1rhat\u00f3 ism\u00e9t t\u00f6bb naps\u00fct\u00e9s, s ezzel egy\u00fctt a h\u0151m\u00e9rs\u00e9klet is emelkedni fog &#8211; hangzott el a vide\u00f3ban.<br \/>\n    Az Orsz\u00e1gos Meteorol\u00f3giai Szolg\u00e1lat az MTI-hez eljuttatott vesz\u00e9lyjelz\u00e9se szerint keddre a felh\u0151szakad\u00e1s vesz\u00e9lye miatt Baranya, B\u00e1cs-Kiskun, B\u00e9k\u00e9s, Csongr\u00e1d, Hajd\u00fa-Bihar, J\u00e1sz-Nagykun-Szolnok \u00e9s Tolna megy\u00e9re adtak ki els\u0151fok\u00fa figyelmeztet\u00e9st.<br \/>\n    Emellett Budapestre, Pest, Fej\u00e9r, Gy\u0151r-Moson-Sopron, Kom\u00e1rom-Esztergom, Somogy, Vas, Veszpr\u00e9m \u00e9s Zala megy\u00e9re a 24 \u00f3ra alatt v\u00e1rhat\u00f3 jelent\u0151s mennyis\u00e9g\u0171 csapad\u00e9k miatt is kiadt\u00e1k az els\u0151fok\u00fa figyelmeztet\u00e9st.<br \/>\n    Az el\u0151rejelz\u00e9s szerint a legalacsonyabb h\u0151m\u00e9rs\u00e9klet 14-20 fok k\u00f6z\u00f6tt alakul. A legmagasabb nappali h\u0151m\u00e9rs\u00e9klet t\u00f6bbnyire 20-26 fok k\u00f6z\u00f6tt val\u00f3sz\u00edn\u0171. A tart\u00f3san csapad\u00e9kos \u00e9szaknyugaton viszont mind\u00f6ssze 18, m\u00edg az \u00e9szakkeleti hat\u00e1rn\u00e1l 27 fok is lehet.(MTI)<\/p>\n","protected":false},"excerpt":{"rendered":"<p>Tov\u00e1bbi jelent\u0151s es\u0151z\u00e9sekre figyelmeztet az Orsz\u00e1gos Meteorol\u00f3giai Szolg\u00e1lat.<\/p>\n","protected":false},"author":1,"featured_media":0,"comment_status":"closed","ping_status":"open","sticky":false,"template":"","format":"standard","meta":[],"categories":[4],"tags":[],"_links":{"self":[{"href":"https:\/\/gazdasagportal.hu\/index.php\/wp-json\/wp\/v2\/posts\/108503"}],"collection":[{"href":"https:\/\/gazdasagportal.hu\/index.php\/wp-json\/wp\/v2\/posts"}],"about":[{"href":"https:\/\/gazdasagportal.hu\/index.php\/wp-json\/wp\/v2\/types\/post"}],"author":[{"embeddable":true,"href":"https:\/\/gazdasagportal.hu\/index.php\/wp-json\/wp\/v2\/users\/1"}],"replies":[{"embeddable":true,"href":"https:\/\/gazdasagportal.hu\/index.php\/wp-json\/wp\/v2\/comments?post=108503"}],"version-history":[{"count":1,"href":"https:\/\/gazdasagportal.hu\/index.php\/wp-json\/wp\/v2\/posts\/108503\/revisions"}],"predecessor-version":[{"id":108504,"href":"https:\/\/gazdasagportal.hu\/index.php\/wp-json\/wp\/v2\/posts\/108503\/revisions\/108504"}],"wp:attachment":[{"href":"https:\/\/gazdasagportal.hu\/index.php\/wp-json\/wp\/v2\/media?parent=108503"}],"wp:term":[{"taxonomy":"category","embeddable":true,"href":"https:\/\/gazdasagportal.hu\/index.php\/wp-json\/wp\/v2\/categories?post=108503"},{"taxonomy":"post_tag","embeddable":true,"href":"https:\/\/gazdasagportal.hu\/index.php\/wp-json\/wp\/v2\/tags?post=108503"}],"curies":[{"name":"wp","href":"https:\/\/api.w.org\/{rel}","templated":true}]}}