{"id":108477,"date":"2018-09-03T06:56:04","date_gmt":"2018-09-03T04:56:04","guid":{"rendered":"http:\/\/gazdasagportal.hu\/?p=108477"},"modified":"2018-09-03T06:56:04","modified_gmt":"2018-09-03T04:56:04","slug":"gki-a-vartnal-gyorsabb-a-novekedes-de-lassul-az-uteme","status":"publish","type":"post","link":"https:\/\/gazdasagportal.hu\/index.php\/gki-a-vartnal-gyorsabb-a-novekedes-de-lassul-az-uteme\/","title":{"rendered":"GKI: a v\u00e1rtn\u00e1l gyorsabb a n\u00f6veked\u00e9s, de lassul az \u00fcteme"},"content":{"rendered":"<p><strong>A GKI 4,2 sz\u00e1zal\u00e9kra emelte el\u0151rejelz\u00e9s\u00e9t a magyar gazdas\u00e1g ez \u00e9vi b\u0151v\u00fcl\u00e9s\u00e9re, ugyanakkor \u00fagy v\u00e9lik, hogy j\u00f6v\u0151re a gazdas\u00e1gi b\u0151v\u00fcl\u00e9s 3 sz\u00e1zal\u00e9k k\u00f6zel\u00e9be m\u00e9rs\u00e9kl\u0151dik &#8211; k\u00f6z\u00f6lte a GKI Gazdas\u00e1gkutat\u00f3 Zrt. az MTI-vel.<\/strong><!--more--><\/p>\n<div class=\"ads-in-post1\"><div id=\"gazdasagportal.hu_fullbanner_wideboard\"><\/div>\r\n<\/div>\n<p>    A gazdas\u00e1gkutat\u00f3 elemz\u00e9s\u00e9ben kiemeli: a magyar gazdas\u00e1g 2018 m\u00e1sodik negyed\u00e9v\u00e9ben a v\u00e1rtn\u00e1l \u00e9s a legt\u00f6bb uni\u00f3s tag\u00e1llamn\u00e1l gyorsabban b\u0151v\u00fclt, ugyanakkor a dinamika az EU m\u00f3dszertana szerint sz\u00e1m\u00edtva a m\u00e1sodik negyed\u00e9ve lassul.<br \/>\n    Megl\u00e1t\u00e1suk szerint az EU-transzferekkel finansz\u00edrozott beruh\u00e1z\u00e1sok \u00e9s a v\u00e1laszt\u00e1sok \u00e1ltal is gerjesztett lakoss\u00e1gi fogyaszt\u00e1s n\u00f6veked\u00e9se az idei \u00e9v h\u00e1tralev\u0151 id\u0151szak\u00e1t\u00f3l kezdve v\u00e1rhat\u00f3an lassul. Egyre nagyobb bizonytalans\u00e1g \u00e9s f\u00e9kez\u0151d\u00e9s v\u00e1rhat\u00f3 az Eur\u00f3pai Uni\u00f3ban is, p\u00e9ld\u00e1ul a t\u00f6r\u00f6k \u00e9s az olasz helyzet, a kereskedelmi h\u00e1bor\u00fa vesz\u00e9lye \u00e9s az amerikai jegybank szerep\u00e9t bet\u00f6lt\u0151 Fed kamatemel\u00e9sei miatt.<br \/>\n    Kiemelik: id\u00e9n Magyarorsz\u00e1gon a leggyorsabban az \u00e9p\u00edt\u0151ipar, a mez\u0151gazdas\u00e1g, az infokommunik\u00e1ci\u00f3s \u00e1gazat \u00e9s a kereskedelem b\u0151v\u00fcl, de ezen bel\u00fcl az \u00e9p\u00edt\u0151ipar sz\u00e1rnyal\u00e1sa a magas b\u00e1zis miatt kisebb lesz a tavalyin\u00e1l. Tavalyhoz k\u00e9pest v\u00e1rhat\u00f3an az ipar is lassul, m\u00e9g javul\u00f3 m\u00e1sodik f\u00e9l\u00e9v eset\u00e9n is; f\u0151leg a j\u00e1rm\u0171iparban zajl\u00f3 \u00e1talakul\u00e1s \u00e9s piaci bizonytalans\u00e1g miatt. Pozit\u00edvum viszont, hogy az Audi itteni termel\u00e9se tal\u00e1n m\u00e1r t\u00fal van a m\u00e9lyponton &#8211; mutattak r\u00e1 a progn\u00f3zis k\u00e9sz\u00edt\u0151i.<br \/>\n<div class=\"ads-in-post2\"><script async src=\"https:\/\/pagead2.googlesyndication.com\/pagead\/js\/adsbygoogle.js\"><\/script>\r\n<ins class=\"adsbygoogle\"\r\n     style=\"display:block\"\r\n     data-ad-format=\"fluid\"\r\n     data-ad-layout-key=\"-6t+ed+2i-1n-4w\"\r\n     data-ad-client=\"ca-pub-1959107119989764\"\r\n     data-ad-slot=\"4008251320\"><\/ins>\r\n<script>\r\n     (adsbygoogle = window.adsbygoogle || []).push({});\r\n<\/script><\/div>\n    A piaci szolg\u00e1ltat\u00e1sok &#8211; f\u0151leg a kereskedelem \u00e9s a turizmus &#8211; gyorsan b\u0151v\u00fclnek. A beruh\u00e1z\u00e1sok b\u0151v\u00fcl\u00e9se a m\u00e1sodik negyed\u00e9vben felgyorsult, s ennek alapj\u00e1n a GKI 12 sz\u00e1zal\u00e9kra emelte az \u00e1ll\u00f3eszk\u00f6z-felhalmoz\u00e1s v\u00e1rhat\u00f3 n\u00f6veked\u00e9si \u00fctem\u00e9t. A m\u00e1sodik f\u00e9l\u00e9vben azonban, a magas tavalyi beruh\u00e1z\u00e1si szint miatt, m\u00e1r csak minim\u00e1lis b\u0151v\u00fcl\u00e9s v\u00e1rhat\u00f3.<br \/>\n    A brutt\u00f3 keresetek dinamik\u00e1ja csak nagyon lassan cs\u00f6kken, az infl\u00e1ci\u00f3 gyorsul, \u00edgy id\u00e9n a tavalyi k\u00e9tsz\u00e1mjegy\u0171n\u00e9l valamivel kisebb \u00fctem\u0171, de tov\u00e1bbra is nagyon magas, 7-8 sz\u00e1zal\u00e9kos re\u00e1lkereset-n\u00f6veked\u00e9s v\u00e1rhat\u00f3. Az imm\u00e1r hatodik \u00e9ve tart\u00f3 fogyaszt\u00e1s-b\u0151v\u00fcl\u00e9s 4,5 sz\u00e1zal\u00e9kkal feltehet\u0151leg az id\u00e9n \u00e9ri el cs\u00facspontj\u00e1t.<br \/>\n    A munkan\u00e9lk\u00fclis\u00e9g 2017 v\u00e9g\u00e9hez viszony\u00edtva m\u00e1r alig cs\u00f6kken, de a k\u00f6zmunk\u00e1sok sz\u00e1ma kedvez\u0151en m\u00e9rs\u00e9kl\u0151dik. A hivatalos munkan\u00e9lk\u00fclis\u00e9g Csehorsz\u00e1g \u00e9s N\u00e9metorsz\u00e1g ut\u00e1n Magyarorsz\u00e1gon a harmadik legkisebb az EU-ban. A k\u00f6zmunk\u00e1sok sz\u00e1ma azonban m\u00e9g most is csaknem el\u00e9ri a munkan\u00e9lk\u00fcliek\u00e9t, vel\u00fck egy\u00fctt a magyar munkan\u00e9lk\u00fclis\u00e9gi r\u00e1ta az EU \u00e1tlaga k\u00f6r\u00fcli lenne &#8211; jelezt\u00e9k.<br \/>\n    Az infl\u00e1ci\u00f3 j\u00faliusban m\u00e1r \u00f6t\u00f6dik h\u00f3napja gyorsult, s el\u00e9rte a 3,4 sz\u00e1zal\u00e9kot. Ez Rom\u00e1nia \u00e9s Bulg\u00e1ria ut\u00e1n a harmadik legmagasabb az EU-ban. Az idei \u00e9v sor\u00e1n n\u00e9mi tov\u00e1bbi emelked\u00e9s lehets\u00e9ges, t\u00f6bbek k\u00f6z\u00f6tt a gyenge forint k\u00f6vetkezt\u00e9ben, \u00e9ves \u00e1tlagban 3 sz\u00e1zal\u00e9k k\u00f6r\u00fcli \u00fctem v\u00e1rhat\u00f3.<br \/>\n    Az \u00e1llamh\u00e1ztart\u00e1s p\u00e9nzforgalmi hi\u00e1nya 2018 els\u0151 h\u00e9t h\u00f3napj\u00e1ban k\u00f6zel 1500 milli\u00e1rd forint volt, csaknem 10 sz\u00e1zal\u00e9kkal magasabb az eg\u00e9sz \u00e9vre el\u0151ir\u00e1nyzottn\u00e1l. Mivel az ad\u00f3bev\u00e9telek jellemz\u0151en kedvez\u0151en alakultak, ennek f\u0151 oka a csak lassan be\u00e9rkez\u0151 EU-t\u00e1mogat\u00e1sok megel\u0151legez\u00e9se, \u00e9s m\u00e1s, feltehet\u0151leg a k\u00f6zelg\u0151 \u00f6nkorm\u00e1nyzati v\u00e1laszt\u00e1sokt\u00f3l nem f\u00fcggetlen k\u00f6lts\u00e9gvet\u00e9si fejleszt\u00e9si kiad\u00e1sok (p\u00e9ld\u00e1ul a Modern v\u00e1rosok program) &#8211; mutattak r\u00e1.<br \/>\n    Az EU m\u00f3dszertana szerinti \u00e1llamh\u00e1ztart\u00e1si hi\u00e1ny &#8211; amelyben nem kell figyelembe venni az uni\u00f3s transzferek megel\u0151legez\u00e9s\u00e9t &#8211; feltehet\u0151leg a tervezettn\u00e9l valamivel kisebb &#8211; de a 2017. \u00e9vin\u00e9l nagyobb -, 2,2 sz\u00e1zal\u00e9k k\u00f6r\u00fcli lesz. A magas p\u00e9nzforgalmi hi\u00e1ny miatt ugyanakkor csak alig cs\u00f6kken\u0151, az EU elv\u00e1r\u00e1sait\u00f3l elmarad\u00f3, 73 sz\u00e1zal\u00e9k feletti GDP-ar\u00e1nyos \u00e1llamad\u00f3ss\u00e1g v\u00e1rhat\u00f3 &#8211; k\u00f6z\u00f6lte a GKI.<br \/>\n(MTI)<\/p>\n","protected":false},"excerpt":{"rendered":"<p>A GKI 4,2 sz\u00e1zal\u00e9kra emelte el\u0151rejelz\u00e9s\u00e9t a magyar gazdas\u00e1g ez \u00e9vi b\u0151v\u00fcl\u00e9s\u00e9re, ugyanakkor \u00fagy v\u00e9lik, hogy j\u00f6v\u0151re a gazdas\u00e1gi b\u0151v\u00fcl\u00e9s 3 sz\u00e1zal\u00e9k k\u00f6zel\u00e9be m\u00e9rs\u00e9kl\u0151dik &#8211; k\u00f6z\u00f6lte a GKI Gazdas\u00e1gkutat\u00f3 Zrt. az MTI-vel.<\/p>\n","protected":false},"author":1,"featured_media":0,"comment_status":"closed","ping_status":"open","sticky":false,"template":"","format":"standard","meta":[],"categories":[4,19],"tags":[],"_links":{"self":[{"href":"https:\/\/gazdasagportal.hu\/index.php\/wp-json\/wp\/v2\/posts\/108477"}],"collection":[{"href":"https:\/\/gazdasagportal.hu\/index.php\/wp-json\/wp\/v2\/posts"}],"about":[{"href":"https:\/\/gazdasagportal.hu\/index.php\/wp-json\/wp\/v2\/types\/post"}],"author":[{"embeddable":true,"href":"https:\/\/gazdasagportal.hu\/index.php\/wp-json\/wp\/v2\/users\/1"}],"replies":[{"embeddable":true,"href":"https:\/\/gazdasagportal.hu\/index.php\/wp-json\/wp\/v2\/comments?post=108477"}],"version-history":[{"count":1,"href":"https:\/\/gazdasagportal.hu\/index.php\/wp-json\/wp\/v2\/posts\/108477\/revisions"}],"predecessor-version":[{"id":108478,"href":"https:\/\/gazdasagportal.hu\/index.php\/wp-json\/wp\/v2\/posts\/108477\/revisions\/108478"}],"wp:attachment":[{"href":"https:\/\/gazdasagportal.hu\/index.php\/wp-json\/wp\/v2\/media?parent=108477"}],"wp:term":[{"taxonomy":"category","embeddable":true,"href":"https:\/\/gazdasagportal.hu\/index.php\/wp-json\/wp\/v2\/categories?post=108477"},{"taxonomy":"post_tag","embeddable":true,"href":"https:\/\/gazdasagportal.hu\/index.php\/wp-json\/wp\/v2\/tags?post=108477"}],"curies":[{"name":"wp","href":"https:\/\/api.w.org\/{rel}","templated":true}]}}