{"id":108362,"date":"2018-08-30T11:47:48","date_gmt":"2018-08-30T09:47:48","guid":{"rendered":"http:\/\/gazdasagportal.hu\/?p=108362"},"modified":"2018-08-30T11:47:48","modified_gmt":"2018-08-30T09:47:48","slug":"meteorologiai-szolgalat-a-20-szazad-vege-ota-jelentosen-emelkedik-a-hosegnapok-szama","status":"publish","type":"post","link":"https:\/\/gazdasagportal.hu\/index.php\/meteorologiai-szolgalat-a-20-szazad-vege-ota-jelentosen-emelkedik-a-hosegnapok-szama\/","title":{"rendered":"Meteorol\u00f3giai szolg\u00e1lat: a 20. sz\u00e1zad v\u00e9ge \u00f3ta jelent\u0151sen emelkedik a h\u0151s\u00e9gnapok sz\u00e1ma"},"content":{"rendered":"<p><strong>Id\u00e9n ny\u00e1ron egy, de szokatlanul hossz\u00fa h\u0151s\u00e9gperi\u00f3dus volt Magyarorsz\u00e1gon &#8211; \u00edrta legfrissebb elemz\u00e9s\u00e9ben az Orsz\u00e1gos Meteorol\u00f3giai Szolg\u00e1lat, kiemelve: a klimatol\u00f3giai adatsorokat vizsg\u00e1lva a 20. sz\u00e1zad v\u00e9ge \u00f3ta jelent\u0151sen emelkedik a h\u0151s\u00e9gnapok sz\u00e1ma.<\/strong><!--more--><\/p>\n<div class=\"ads-in-post1\"><div id=\"gazdasagportal.hu_fullbanner_wideboard\"><\/div>\r\n<\/div>\n<p>    Az 1970-es \u00e9vek nagyon kiegyenl\u00edtett nyarain a h\u0151s\u00e9gnapok sz\u00e1ma &#8211; amikor a h\u0151m\u00e9rs\u00e9klet 30 Celsius-fok fel\u00e9 emelkedik &#8211; m\u00e9g a t\u00edzet sem \u00e9rte el. A 2000-es \u00e9vekben sz\u00e1muk nem egyszer a 35-40-et is meghaladta, s\u0151t a t\u00f6bb szempontb\u00f3l rekordnak sz\u00e1m\u00edt\u00f3 2003-ban Budapesten 61 napon emelkedett a h\u0151m\u00e9rs\u00e9klet 30 fok f\u00f6l\u00e9.<br \/>\n    Azt \u00edrt\u00e1k: id\u00e9n is nagyon magas lesz a h\u0151s\u00e9gnapok sz\u00e1ma orsz\u00e1gos \u00e1tlagban. Ezzel egy\u00fctt megjegyezt\u00e9k: m\u00edg a kor\u00e1bbi nyarakon rendszerint t\u00f6bb, de r\u00f6videbb h\u0151hull\u00e1mb\u00f3l ad\u00f3dott a relat\u00edv magas sz\u00e1m, id\u00e9n egy szokatlanul hossz\u00fa h\u0151s\u00e9gperi\u00f3dus volt tapasztalhat\u00f3. A j\u00falius v\u00e9g\u00e9n kezd\u0151d\u00f6tt hossz\u00fa k\u00e1nikul\u00e1nak egy augusztus 24-\u00e9n \u00e9rkez\u0151 hidegfront vetett v\u00e9get.<br \/>\n<div class=\"ads-in-post2\"><script async src=\"https:\/\/pagead2.googlesyndication.com\/pagead\/js\/adsbygoogle.js\"><\/script>\r\n<ins class=\"adsbygoogle\"\r\n     style=\"display:block\"\r\n     data-ad-format=\"fluid\"\r\n     data-ad-layout-key=\"-6t+ed+2i-1n-4w\"\r\n     data-ad-client=\"ca-pub-1959107119989764\"\r\n     data-ad-slot=\"4008251320\"><\/ins>\r\n<script>\r\n     (adsbygoogle = window.adsbygoogle || []).push({});\r\n<\/script><\/div>\n    Az Orsz\u00e1gos Meteorol\u00f3giai Szolg\u00e1lat adatai alapj\u00e1n Mez\u0151kov\u00e1csh\u00e1z\u00e1n, P\u00fcsp\u00f6klad\u00e1nyban \u00e9s Szeghalom (T\u00f6viskes) telep\u00fcl\u00e9sen j\u00falius 24. \u00e9s augusztus 25. k\u00f6z\u00f6tt 33 egym\u00e1st k\u00f6vet\u0151 napon a napi maximum h\u0151m\u00e9rs\u00e9klet el\u00e9rte vagy meghaladta a 30 fokot. Erre &#8211; mint kiemelt\u00e9k &#8211; a XX. sz\u00e1zad eleje, a megb\u00edzhat\u00f3 meteorol\u00f3giai m\u00e9r\u00e9sek kezdete \u00f3ta nem volt p\u00e9lda Magyarorsz\u00e1gon.<br \/>\n    Az Alf\u00f6ld d\u00e9lkeleti r\u00e9sz\u00e9n is sokfel\u00e9 kiemelked\u0151en hossz\u00fa volt a h\u0151s\u00e9gperi\u00f3dus: Derekegyh\u00e1zon, Dombegyh\u00e1zon, Szik\u00e1ncson \u00e9s Sarkadon 32, a B\u00e9k\u00e9s megyei Eleken 31, Mak\u00f3n, Szegeden \u00e9s B\u00e9k\u00e9scsab\u00e1n 28 napon kereszt\u00fcl megszak\u00edt\u00e1s n\u00e9lk\u00fcl volt 30 fokn\u00e1l melegebb.<br \/>\n    A meteorol\u00f3giai szolg\u00e1lat kit\u00e9rt arra is, hogy b\u00e1r m\u00e9g nincs v\u00e9ge a ny\u00e1rnak, de a 2018-as \u00e9v legmelegebb \u00e9vszaka &#8211; meteorol\u00f3gus szemmel n\u00e9zve is &#8211; &#8222;furcsa szezonk\u00e9nt&#8221; vonul majd be a magyarorsz\u00e1gi kl\u00edmat\u00f6rt\u00e9netbe. A ny\u00e1r folyam\u00e1n &#8211; az elm\u00falt \u00e9vekkel ellent\u00e9tben &#8211; sz\u00e9ls\u0151s\u00e9gesen er\u0151s h\u0151hull\u00e1m nem alakult ki. Ezt bizony\u00edtja, hogy egyetlen napi legmagasabb h\u0151m\u00e9rs\u00e9kleti rekord sem d\u0151lt meg. S\u0151t az eddig m\u00e9rt legmagasabb h\u0151m\u00e9rs\u00e9klet, a Budakal\u00e1szon augusztus 9-\u00e9n m\u00e9rt 36,6 fok a 21. sz\u00e1zad nyarai k\u00f6z\u00fcl a m\u00e1sodik legalacsonyabb \u00e9rt\u00e9k &#8211; \u00edrt\u00e1k.(MTI)<\/p>\n","protected":false},"excerpt":{"rendered":"<p>Id\u00e9n ny\u00e1ron egy, de szokatlanul hossz\u00fa h\u0151s\u00e9gperi\u00f3dus volt Magyarorsz\u00e1gon &#8211; \u00edrta legfrissebb elemz\u00e9s\u00e9ben az Orsz\u00e1gos Meteorol\u00f3giai Szolg\u00e1lat, kiemelve: a klimatol\u00f3giai adatsorokat vizsg\u00e1lva a 20. sz\u00e1zad v\u00e9ge \u00f3ta jelent\u0151sen emelkedik a h\u0151s\u00e9gnapok sz\u00e1ma.<\/p>\n","protected":false},"author":1,"featured_media":0,"comment_status":"closed","ping_status":"open","sticky":false,"template":"","format":"standard","meta":[],"categories":[4],"tags":[],"_links":{"self":[{"href":"https:\/\/gazdasagportal.hu\/index.php\/wp-json\/wp\/v2\/posts\/108362"}],"collection":[{"href":"https:\/\/gazdasagportal.hu\/index.php\/wp-json\/wp\/v2\/posts"}],"about":[{"href":"https:\/\/gazdasagportal.hu\/index.php\/wp-json\/wp\/v2\/types\/post"}],"author":[{"embeddable":true,"href":"https:\/\/gazdasagportal.hu\/index.php\/wp-json\/wp\/v2\/users\/1"}],"replies":[{"embeddable":true,"href":"https:\/\/gazdasagportal.hu\/index.php\/wp-json\/wp\/v2\/comments?post=108362"}],"version-history":[{"count":1,"href":"https:\/\/gazdasagportal.hu\/index.php\/wp-json\/wp\/v2\/posts\/108362\/revisions"}],"predecessor-version":[{"id":108363,"href":"https:\/\/gazdasagportal.hu\/index.php\/wp-json\/wp\/v2\/posts\/108362\/revisions\/108363"}],"wp:attachment":[{"href":"https:\/\/gazdasagportal.hu\/index.php\/wp-json\/wp\/v2\/media?parent=108362"}],"wp:term":[{"taxonomy":"category","embeddable":true,"href":"https:\/\/gazdasagportal.hu\/index.php\/wp-json\/wp\/v2\/categories?post=108362"},{"taxonomy":"post_tag","embeddable":true,"href":"https:\/\/gazdasagportal.hu\/index.php\/wp-json\/wp\/v2\/tags?post=108362"}],"curies":[{"name":"wp","href":"https:\/\/api.w.org\/{rel}","templated":true}]}}