{"id":108325,"date":"2018-08-29T10:22:03","date_gmt":"2018-08-29T08:22:03","guid":{"rendered":"http:\/\/gazdasagportal.hu\/?p=108325"},"modified":"2018-08-29T10:22:03","modified_gmt":"2018-08-29T08:22:03","slug":"logisztikai-nehezsegek-fokozzak-az-epitoanyaghianyt","status":"publish","type":"post","link":"https:\/\/gazdasagportal.hu\/index.php\/logisztikai-nehezsegek-fokozzak-az-epitoanyaghianyt\/","title":{"rendered":"Logisztikai neh\u00e9zs\u00e9gek fokozz\u00e1k az \u00e9p\u00edt\u0151anyaghi\u00e1nyt"},"content":{"rendered":"<p><b>Recseg, ropog az ell\u00e1t\u00e1si l\u00e1nc az \u00e9p\u00edt\u0151iparban. M\u00e1ra nincs olyan ter\u00fclet, ahol ne lenne valamilyen probl\u00e9ma. Most \u00e9ppen logisztikai neh\u00e9zs\u00e9gek fokozz\u00e1k az \u00e9p\u00edt\u0151anyaghi\u00e1nyt az \u00e9p\u00edt\u0151ipar robban\u00e1sszer\u0171 n\u00f6veked\u00e9se miatt, domin\u00f3hat\u00e1st ind\u00edtva el.<\/b><!--more--><\/p>\n<div class=\"ads-in-post1\"><div id=\"gazdasagportal.hu_fullbanner_wideboard\"><\/div>\r\n<\/div>\n<p>Az \u00e9p\u00edt\u0151anyag gy\u00e1rt\u00f3 \u00e9s fogalmaz\u00f3 c\u00e9gek kapacit\u00e1sa nem k\u00e9pes l\u00e9p\u00e9st tartani az ugr\u00e1sszer\u0171en megn\u00f6vekedett \u00e9p\u00edt\u0151anyag kereslettel. Jelent\u0151sen hosszabbodtak az alapanyag \u00e9s k\u00e9szterm\u00e9k besz\u00e1ll\u00edt\u00e1si id\u0151k, emelkedtek a sz\u00e1ll\u00edt\u00e1si k\u00f6lts\u00e9gek, ami kihathat az \u00e9p\u00edt\u0151anyag \u00e1rakra is \u2013 sz\u00e1molt be tapasztalatair\u00f3l Markovich B\u00e9la, a Mapei Kft. \u00fcgyvezet\u0151je.<\/p>\n<p>A megn\u00f6vekedett keresletet a fuvaroz\u00f3k nem b\u00edrj\u00e1k kapacit\u00e1ssal, nincs el\u00e9g sof\u0151r, megn\u0151ttek a sz\u00e1ll\u00edt\u00e1si id\u0151k. A hosszabb sz\u00e1ll\u00edt\u00e1si id\u0151 miatt neh\u00e9zz\u00e9 v\u00e1lt a tervezhet\u0151s\u00e9g, nem mindig lehet tartani a terveket az ig\u00e9nyekkel. A gy\u00e1rt\u00f3k \u00e9s keresked\u0151k nem tudj\u00e1k tartani a sz\u00e1ll\u00edt\u00e1si hat\u00e1rid\u0151ket, nem tudnak hat\u00e1rid\u0151re sz\u00e1ll\u00edtani vagy nem olyan mennyis\u00e9get amire ig\u00e9ny lenne.<\/p><div id=\"gazda-2689758678\" class=\"gazda-tartalomban gazda-entity-placement\"><script async src=\"https:\/\/pagead2.googlesyndication.com\/pagead\/js\/adsbygoogle.js\"><\/script>\r\n<ins class=\"adsbygoogle\"\r\n     style=\"display:block\"\r\n     data-ad-format=\"fluid\"\r\n     data-ad-layout-key=\"-6t+ed+2i-1n-4w\"\r\n     data-ad-client=\"ca-pub-1959107119989764\"\r\n     data-ad-slot=\"4008251320\"><\/ins>\r\n<script>\r\n     (adsbygoogle = window.adsbygoogle || []).push({});\r\n<\/script><\/div>\n<div class=\"ads-in-post2\"><script async src=\"https:\/\/pagead2.googlesyndication.com\/pagead\/js\/adsbygoogle.js\"><\/script>\r\n<ins class=\"adsbygoogle\"\r\n     style=\"display:block\"\r\n     data-ad-format=\"fluid\"\r\n     data-ad-layout-key=\"-6t+ed+2i-1n-4w\"\r\n     data-ad-client=\"ca-pub-1959107119989764\"\r\n     data-ad-slot=\"4008251320\"><\/ins>\r\n<script>\r\n     (adsbygoogle = window.adsbygoogle || []).push({});\r\n<\/script><\/div>\n\u201eA kereslet n\u00f6veked\u00e9s\u00e9t j\u00f3l \u00e9rz\u00e9kelteti, hogy nem el\u00e9g, hogy tavaly le kellett \u00e1ll\u00edtanunk a Mapei Kft. hazai gy\u00e1rt\u00e1s\u00fa term\u00e9keinek exportj\u00e1t, de id\u00e9n m\u00e9g k\u00fclf\u00f6ldi behozatalra is szorultunk, mert nem tudunk eleget gy\u00e1rtani\u201d \u2013 mondta Markovich B\u00e9la.<\/p>\n<p>A probl\u00e9ma tov\u00e1bb gy\u0171r\u0171zik \u00e9s az ell\u00e1t\u00e1si l\u00e1nc minden szerepl\u0151j\u00e9re kihat. Cs\u00fasznak a kivitelez\u00e9si hat\u00e1rid\u0151k, ami mind az egy\u00e9bk\u00e9nt is kapacit\u00e1shi\u00e1nnyal k\u00fczd\u0151 szakember, mind pedig a megrendel\u0151 sz\u00e1m\u00e1ra \u00e9get\u0151 probl\u00e9m\u00e1t jelent.<\/p>\n<p>Markovich B\u00e9la elmondta, hogy a Mapei Kft. a helyzet kezel\u00e9se \u00e9rdek\u00e9ben sokkal szorosabb kommunik\u00e1ci\u00f3t folytat a kereskedelemmel, hogy fel tudjon k\u00e9sz\u00fclni az ig\u00e9nyekre. Emellett a megn\u00f6vekedett sz\u00e1ll\u00edt\u00e1si \u00e9s beszerz\u00e9si id\u0151t kalkul\u00e1lva igyekeznek megoldani a probl\u00e9m\u00e1t.<\/p>\n<p>Azonban megold\u00e1st a beszerz\u00e9si szok\u00e1sok megv\u00e1ltoz\u00e1sa jelenten\u00e9. Ugyanis, jelenleg az a jellemz\u0151, hogy a megrendel\u0151k egyik napr\u00f3l a m\u00e1sikra adj\u00e1k le a beszerz\u00e9si ig\u00e9nyeket. Azonban ez, a kereslet robban\u00e1sszer\u0171 megn\u00f6veked\u00e9s\u00e9vel tarthatatlann\u00e1 v\u00e1lt. El\u0151re kell tervezni \u00e9s id\u0151ben leadni a megrendel\u00e9seket. Minim\u00e1lisan azzal kell sz\u00e1molni, hogy a sz\u00e1ll\u00edt\u00e1si hat\u00e1rid\u0151k \u00e1tlagosan egyharmad\u00e1val n\u0151ttek.<\/p>\n<p><b>Mapei Kft &#8211; r\u0151l<\/b><\/p>\n<p>A Mapei Kft. az \u00e9p\u00edt\u0151ipari seg\u00e9danyaggy\u00e1rt\u00e1s,- \u00e9s forgalmaz\u00e1s egyik legjelent\u0151sebb piaci szerepl\u0151je Magyarorsz\u00e1gon. 1991. szeptember 1-j\u00e9n j\u00f6tt l\u00e9tre az osztr\u00e1k Mapei GmbH. alap\u00edt\u00e1s\u00e1ban, a Mapei S.p.A. le\u00e1nyv\u00e1llalatak\u00e9nt.<\/p>\n<p>A v\u00e1llalat jelenleg 178 f\u0151t foglalkoztat, forgalma 2017-ben 12,53 milli\u00e1rd forint volt a nett\u00f3 belf\u00f6ldi \u00e1rbev\u00e9tele.<\/p>\n<p>A Mapei Kft. egy 7500 m2 \u00f6sszter\u00fclet\u0171 gy\u00e1rat \u00e9s rakt\u00e1rt \u00fczemeltet S\u00f3sk\u00faton, ahol \u00e9ves szinten t\u00f6bb mint\u00a076 ezer tonna term\u00e9ket \u00e1ll\u00edt el\u0151. A v\u00e1llalat 2017-ben egy 2,4 milli\u00e1rd forintos beruh\u00e1z\u00e1sba kezdett, melynek keret\u00e9ben a dupl\u00e1j\u00e1ra b\u0151v\u00edti jelenlegi rakt\u00e1r- \u00e9s gy\u00e1rt\u00f3kapacit\u00e1s\u00e1t.<\/p>\n","protected":false},"excerpt":{"rendered":"<p>Recseg, ropog az ell\u00e1t\u00e1si l\u00e1nc az \u00e9p\u00edt\u0151iparban. M\u00e1ra nincs olyan ter\u00fclet, ahol ne lenne valamilyen probl\u00e9ma. Most \u00e9ppen logisztikai neh\u00e9zs\u00e9gek fokozz\u00e1k az \u00e9p\u00edt\u0151anyaghi\u00e1nyt az \u00e9p\u00edt\u0151ipar robban\u00e1sszer\u0171 n\u00f6veked\u00e9se miatt, domin\u00f3hat\u00e1st ind\u00edtva el.<\/p>\n","protected":false},"author":1,"featured_media":0,"comment_status":"closed","ping_status":"open","sticky":false,"template":"","format":"standard","meta":[],"categories":[19],"tags":[],"_links":{"self":[{"href":"https:\/\/gazdasagportal.hu\/index.php\/wp-json\/wp\/v2\/posts\/108325"}],"collection":[{"href":"https:\/\/gazdasagportal.hu\/index.php\/wp-json\/wp\/v2\/posts"}],"about":[{"href":"https:\/\/gazdasagportal.hu\/index.php\/wp-json\/wp\/v2\/types\/post"}],"author":[{"embeddable":true,"href":"https:\/\/gazdasagportal.hu\/index.php\/wp-json\/wp\/v2\/users\/1"}],"replies":[{"embeddable":true,"href":"https:\/\/gazdasagportal.hu\/index.php\/wp-json\/wp\/v2\/comments?post=108325"}],"version-history":[{"count":1,"href":"https:\/\/gazdasagportal.hu\/index.php\/wp-json\/wp\/v2\/posts\/108325\/revisions"}],"predecessor-version":[{"id":108326,"href":"https:\/\/gazdasagportal.hu\/index.php\/wp-json\/wp\/v2\/posts\/108325\/revisions\/108326"}],"wp:attachment":[{"href":"https:\/\/gazdasagportal.hu\/index.php\/wp-json\/wp\/v2\/media?parent=108325"}],"wp:term":[{"taxonomy":"category","embeddable":true,"href":"https:\/\/gazdasagportal.hu\/index.php\/wp-json\/wp\/v2\/categories?post=108325"},{"taxonomy":"post_tag","embeddable":true,"href":"https:\/\/gazdasagportal.hu\/index.php\/wp-json\/wp\/v2\/tags?post=108325"}],"curies":[{"name":"wp","href":"https:\/\/api.w.org\/{rel}","templated":true}]}}