{"id":108279,"date":"2018-08-28T04:04:31","date_gmt":"2018-08-28T02:04:31","guid":{"rendered":"http:\/\/gazdasagportal.hu\/?p=108279"},"modified":"2018-08-27T21:08:27","modified_gmt":"2018-08-27T19:08:27","slug":"europanak-meg-kell-szerveznie-a-sajat-vedelmet-az-egyesult-allamok-nelkul","status":"publish","type":"post","link":"https:\/\/gazdasagportal.hu\/index.php\/europanak-meg-kell-szerveznie-a-sajat-vedelmet-az-egyesult-allamok-nelkul\/","title":{"rendered":"Eur\u00f3p\u00e1nak meg kell szerveznie a saj\u00e1t v\u00e9delm\u00e9t az Egyes\u00fclt \u00c1llamok n\u00e9lk\u00fcl"},"content":{"rendered":"<p><strong>Emmanuel Macron francia \u00e1llamf\u0151 h\u00e9tf\u0151n bejelentette, hogy Franciaorsz\u00e1g a k\u00f6vetkez\u0151 h\u00f3napokban programot k\u00e9sz\u00edt el\u0151 az eur\u00f3pai biztons\u00e1g \u00e9s v\u00e9delem meger\u0151s\u00edt\u00e9s\u00e9re, amely a j\u00f6v\u0151ben nem \u00e9p\u00fclhet kiz\u00e1r\u00f3lag az Egyes\u00fclt \u00c1llamokra.<\/strong><!--more--><\/p>\n<div class=\"ads-in-post1\"><div id=\"gazdasagportal.hu_fullbanner_wideboard\"><\/div>\r\n<\/div>\n<p>    &#8222;Eur\u00f3pa nem helyezheti t\u00f6bb\u00e9 a biztons\u00e1g\u00e1t kiz\u00e1r\u00f3lag az Egyes\u00fclt \u00c1llamok kez\u00e9be. Nek\u00fcnk maguknak kell v\u00e1llalni a felel\u0151ss\u00e9get \u00e9s szavatolni a biztons\u00e1got, azaz az eur\u00f3pai szuverenit\u00e1st&#8221; &#8211; mondta a francia k\u00f6zt\u00e1rsas\u00e1gi eln\u00f6k a nagyk\u00f6vetek hagyom\u00e1nyos \u00e9ves \u00e9rtekezlet\u00e9t megnyit\u00f3 besz\u00e9d\u00e9ben, h\u00e9tf\u0151n P\u00e1rizsban. &#8222;Le kell vonnunk minden k\u00f6vetkeztet\u00e9st a hidegh\u00e1bor\u00fa v\u00e9g\u00e9b\u0151l&#8221; &#8211; tette hozz\u00e1, jelezve, hogy a k\u00e9rd\u00e9sr\u0151l valamennyi eur\u00f3pai partnerrel \u00e9s Oroszorsz\u00e1ggal egy\u00fctt k\u00f6z\u00f6sen kell gondolkodni. Macron szerint az ukr\u00e1n v\u00e1ls\u00e1ga megold\u00e1sa ugyanakkor &#8222;term\u00e9szetesen az el\u0151felt\u00e9tele a t\u00e9nyleges el\u0151rel\u00e9p\u00e9seknek Moszkv\u00e1val&#8221;.<br \/>\n<div class=\"ads-in-post2\"><script async src=\"https:\/\/pagead2.googlesyndication.com\/pagead\/js\/adsbygoogle.js\"><\/script>\r\n<ins class=\"adsbygoogle\"\r\n     style=\"display:block\"\r\n     data-ad-format=\"fluid\"\r\n     data-ad-layout-key=\"-6t+ed+2i-1n-4w\"\r\n     data-ad-client=\"ca-pub-1959107119989764\"\r\n     data-ad-slot=\"4008251320\"><\/ins>\r\n<script>\r\n     (adsbygoogle = window.adsbygoogle || []).push({});\r\n<\/script><\/div>\n    A francia \u00e1llamf\u0151 \u00fagy l\u00e1tja, hogy az eur\u00f3pai v\u00e9delmi \u00e9s biztons\u00e1gpolitika fel\u00fclvizsg\u00e1lata p\u00e1rbesz\u00e9det ig\u00e9nyel az internetes biztons\u00e1gr\u00f3l, a vegyi fegyverekr\u0151l, a hagyom\u00e1nyos fegyverekr\u0151l, a ter\u00fcleti konfliktusokr\u00f3l, az \u0171rbiztons\u00e1gr\u00f3l \u00e9s a sarkvid\u00e9ki ter\u00fcletek v\u00e9delm\u00e9r\u0151l is.<br \/>\n    Emmanuel Macron eml\u00e9keztetett arra, hogy tavaly szeptemberben a p\u00e1rizsi Sorbonne egyetemen egy &#8222;szuver\u00e9nebb, egys\u00e9gesebb \u00e9s demokratikusabb Eur\u00f3pa&#8221; l\u00e9trehoz\u00e1s\u00e1ra tett reformjavaslatokat, s az\u00f3ta ennek \u00e9rd\u00e9k\u00e9ben pr\u00f3b\u00e1lt sz\u00f6vets\u00e9geket k\u00f6tni az uni\u00f3s tag\u00e1llamokban.<br \/>\n    &#8222;Eur\u00f3pa nem hegemon m\u00f3don \u00e9p\u00edtkezik, nem P\u00e1rizsban, Br\u00fcsszelben vagy Berlinben&#8221; &#8211; hangs\u00falyozta a francia eln\u00f6k, elismerve ugyanakkor, hogy &#8222;n\u00e9zetelt\u00e9r\u00e9sek vannak Nyugat \u00e9s D\u00e9l k\u00f6z\u00f6tt a gazdas\u00e1gr\u00f3l, Kelet \u00e9s Nyugat k\u00f6z\u00f6tt a migr\u00e1ci\u00f3s k\u00e9rd\u00e9sr\u0151l, \u00e9s ezek a n\u00e9zetelt\u00e9r\u00e9sek sz\u00e9tt\u00f6redezik az Eur\u00f3pai Uni\u00f3t&#8221;.<br \/>\n    Azt is meger\u0151s\u00edtette, hogy v\u00e9lem\u00e9nye szerint &#8222;ez az Eur\u00f3pa t\u00f6bb k\u00f6rben&#8221; fog a j\u00f6v\u0151ben m\u0171k\u00f6dni, s ez a jelenleg foly\u00f3 nemzeti konzult\u00e1ci\u00f3k, a j\u00f6v\u0151 \u00e9vi eur\u00f3pai parlamenti v\u00e1laszt\u00e1sok \u00e9s a korm\u00e1nyk\u00f6zi egyeztet\u00e9sek eredm\u00e9ny\u00e9nek f\u00fcggv\u00e9ny\u00e9ben szerz\u0151d\u00e9sm\u00f3dos\u00edt\u00e1sokat is k\u00f6vetelhet.<br \/>\n    A migr\u00e1ci\u00f3s k\u00e9rd\u00e9st illet\u0151en az olasz korm\u00e1ny \u00e1ll\u00e1sfoglal\u00e1saira utalva Emmanuel Macron \u00fagy v\u00e9lte, hogy a &#8222;v\u00e1ls\u00e1g jelenleg ink\u00e1bb politikai, miut\u00e1n a be\u00e1raml\u00e1s jelent\u0151sen cs\u00f6kkent&#8221;.<br \/>\n    &#8222;Mi\u00e9rt van m\u00e9gis ez az els\u0151sorban olasz v\u00e1ls\u00e1g? Mert nem volt kor\u00e1bban eur\u00f3pai szolidarit\u00e1s. Ugyanez a helyzet a g\u00f6r\u00f6g v\u00e1ls\u00e1ggal. De ez nem bocs\u00e1nat az idegengy\u0171l\u00f6l\u0151 besz\u00e9dm\u00f3dra, amely nem szolg\u00e1l semmilyen megold\u00e1ssal azokra a probl\u00e9m\u00e1kra, amelyekre r\u00e1vil\u00e1g\u00edt. Egy\u00e9bk\u00e9nt ezek a k\u00fcl\u00f6nb\u00f6z\u0151 nemzeti megsz\u00f3lal\u00e1sok abban k\u00f6z\u00f6sek, hogy b\u00edr\u00e1lj\u00e1k az Eur\u00f3pai Uni\u00f3t, de nem azokat a reformokat, amelyeket meg kellene val\u00f3s\u00edtani&#8221; &#8211; fogalmazott a francia eln\u00f6k.<br \/>\n    Emmanuel Macron &#8222;egy vil\u00e1gos ir\u00e1nyvonal&#8221; k\u00e9pviselet\u00e9re sz\u00f3l\u00edtott fel az eur\u00f3pai parlamenti v\u00e1laszt\u00e1sok el\u0151tt, m\u00e9gpedig &#8222;az eur\u00f3pai szuverenit\u00e1s&#8221; k\u00e9pviselet\u00e9re, amely tiszt\u00e1zza, hogy Eur\u00f3pa hogyan tud v\u00e1laszt adni az eur\u00f3pai \u00e1llampolg\u00e1rok el\u0151tti kih\u00edv\u00e1sokra. &#8222;Eur\u00f3p\u00e1nak egy olyan hatalomm\u00e1 kell v\u00e1lnia, amely megold\u00e1sokat ad a probl\u00e9m\u00e1inkra&#8221; &#8211; hangs\u00falyozta Emmanuel Macron.(MTI)<\/p>\n","protected":false},"excerpt":{"rendered":"<p>Emmanuel Macron francia \u00e1llamf\u0151 h\u00e9tf\u0151n bejelentette, hogy Franciaorsz\u00e1g a k\u00f6vetkez\u0151 h\u00f3napokban programot k\u00e9sz\u00edt el\u0151 az eur\u00f3pai biztons\u00e1g \u00e9s v\u00e9delem meger\u0151s\u00edt\u00e9s\u00e9re, amely a j\u00f6v\u0151ben nem \u00e9p\u00fclhet kiz\u00e1r\u00f3lag az Egyes\u00fclt \u00c1llamokra.<\/p>\n","protected":false},"author":1,"featured_media":0,"comment_status":"closed","ping_status":"open","sticky":false,"template":"","format":"standard","meta":[],"categories":[12],"tags":[],"_links":{"self":[{"href":"https:\/\/gazdasagportal.hu\/index.php\/wp-json\/wp\/v2\/posts\/108279"}],"collection":[{"href":"https:\/\/gazdasagportal.hu\/index.php\/wp-json\/wp\/v2\/posts"}],"about":[{"href":"https:\/\/gazdasagportal.hu\/index.php\/wp-json\/wp\/v2\/types\/post"}],"author":[{"embeddable":true,"href":"https:\/\/gazdasagportal.hu\/index.php\/wp-json\/wp\/v2\/users\/1"}],"replies":[{"embeddable":true,"href":"https:\/\/gazdasagportal.hu\/index.php\/wp-json\/wp\/v2\/comments?post=108279"}],"version-history":[{"count":1,"href":"https:\/\/gazdasagportal.hu\/index.php\/wp-json\/wp\/v2\/posts\/108279\/revisions"}],"predecessor-version":[{"id":108280,"href":"https:\/\/gazdasagportal.hu\/index.php\/wp-json\/wp\/v2\/posts\/108279\/revisions\/108280"}],"wp:attachment":[{"href":"https:\/\/gazdasagportal.hu\/index.php\/wp-json\/wp\/v2\/media?parent=108279"}],"wp:term":[{"taxonomy":"category","embeddable":true,"href":"https:\/\/gazdasagportal.hu\/index.php\/wp-json\/wp\/v2\/categories?post=108279"},{"taxonomy":"post_tag","embeddable":true,"href":"https:\/\/gazdasagportal.hu\/index.php\/wp-json\/wp\/v2\/tags?post=108279"}],"curies":[{"name":"wp","href":"https:\/\/api.w.org\/{rel}","templated":true}]}}