{"id":108274,"date":"2018-08-27T15:53:01","date_gmt":"2018-08-27T13:53:01","guid":{"rendered":"http:\/\/gazdasagportal.hu\/?p=108274"},"modified":"2018-08-27T15:53:01","modified_gmt":"2018-08-27T13:53:01","slug":"cseh-befektetesi-szolgaltato-lepett-be-a-magyar-tozsdere","status":"publish","type":"post","link":"https:\/\/gazdasagportal.hu\/index.php\/cseh-befektetesi-szolgaltato-lepett-be-a-magyar-tozsdere\/","title":{"rendered":"Cseh befektet\u00e9si szolg\u00e1ltat\u00f3 l\u00e9pett be a magyar t\u0151zsd\u00e9re"},"content":{"rendered":"<p><strong>A pr\u00e1gai k\u00f6zpont\u00fa Patria Finance befektet\u00e9si szolg\u00e1ltat\u00f3val b\u0151v\u00fclt a Budapesti \u00c9rt\u00e9kt\u0151zsde (B\u00c9T) r\u00e9szv\u00e9nyszekci\u00f3ja h\u00e9tf\u0151n.<\/strong><!--more--><\/p>\n<div class=\"ads-in-post1\"><div id=\"gazdasagportal.hu_fullbanner_wideboard\"><\/div>\r\n<\/div>\n<p>    A B\u00c9T k\u00f6zlem\u00e9nye szerint a cseh t\u0151kepiac vezet\u0151 \u00e9rt\u00e9kpap\u00edr-keresked\u0151je augusztus 21-\u00e9n ny\u00fajtotta be keresked\u00e9si jog ir\u00e1nti k\u00e9relmet, amelyet augusztus 24-\u00e9n pozit\u00edvan b\u00edr\u00e1lt el a B\u00c9T.<br \/>\n    A magyar t\u0151zsde ir\u00e1nt egyre jobban \u00e9rdekl\u0151dnek a k\u00fclf\u00f6ldi befektet\u00e9si szolg\u00e1ltat\u00f3k, amelyek plusz likvidit\u00e1st tudnak adni a magyar piacnak &#8211; tett\u00e9k hozz\u00e1.<br \/>\n    A k\u00f6zlem\u00e9ny id\u00e9zi a B\u00c9T eln\u00f6k-vez\u00e9rigazgat\u00f3j\u00e1t, aki szerint a cseh szolg\u00e1ltat\u00f3 megjelen\u00e9se visszaigazolja, hogy a magyar r\u00e9szv\u00e9nypiac kiv\u00e1l\u00f3 befektet\u00e9si lehet\u0151s\u00e9geket k\u00edn\u00e1l. V\u00e9gh Rich\u00e1rd hozz\u00e1tette, hogy a B\u00c9T azonnali piaci forgalma 2018 els\u0151 fel\u00e9ben 9,6 sz\u00e1zal\u00e9kkal n\u0151tt \u00e9ves alapon.<br \/>\n<div class=\"ads-in-post2\"><script async src=\"https:\/\/pagead2.googlesyndication.com\/pagead\/js\/adsbygoogle.js\"><\/script>\r\n<ins class=\"adsbygoogle\"\r\n     style=\"display:block\"\r\n     data-ad-format=\"fluid\"\r\n     data-ad-layout-key=\"-6t+ed+2i-1n-4w\"\r\n     data-ad-client=\"ca-pub-1959107119989764\"\r\n     data-ad-slot=\"4008251320\"><\/ins>\r\n<script>\r\n     (adsbygoogle = window.adsbygoogle || []).push({});\r\n<\/script><\/div>\n    Tom\u00e1s Jaros, a Patria Finance vez\u00e9rigazgat\u00f3ja \u00e9s igazgat\u00f3s\u00e1g\u00e1nak eln\u00f6ke kiemelte, hogy t\u0151zsdei tagk\u00e9nt hat\u00e9konyabb szolg\u00e1ltat\u00e1st k\u00edn\u00e1lhatnak \u00fcgyfeleiknek a magyar piacon. Hozz\u00e1f\u0171zte, hogy \u00fczletfejleszt\u00e9si strat\u00e9gi\u00e1juk r\u00e9sze a k\u00f6z\u00e9p-kelet-eur\u00f3pai r\u00e9gi\u00f3ban t\u00f6rt\u00e9n\u0151 terjeszked\u00e9s.<br \/>\n    Az 1,5 milli\u00e1rd eur\u00f3 vagyont kezel\u0151 Patria Finance t\u00f6bb mint 26 ezer \u00fcgyfel\u00e9nek vil\u00e1gszerte t\u00f6bb mint 30 t\u0151zsd\u00e9hez biztos\u00edt hozz\u00e1f\u00e9r\u00e9st. A c\u00e9g befektet\u00e9si tan\u00e1csad\u00e1st \u00e9s portf\u00f3li\u00f3kezel\u00e9si szolg\u00e1ltat\u00e1sokat is v\u00e9gez, emellett elemz\u00e9seket is k\u00e9sz\u00edt.(MTI)<\/p>\n","protected":false},"excerpt":{"rendered":"<p>A pr\u00e1gai k\u00f6zpont\u00fa Patria Finance befektet\u00e9si szolg\u00e1ltat\u00f3val b\u0151v\u00fclt a Budapesti \u00c9rt\u00e9kt\u0151zsde (B\u00c9T) r\u00e9szv\u00e9nyszekci\u00f3ja h\u00e9tf\u0151n.<\/p>\n","protected":false},"author":1,"featured_media":0,"comment_status":"closed","ping_status":"open","sticky":false,"template":"","format":"standard","meta":[],"categories":[7],"tags":[],"_links":{"self":[{"href":"https:\/\/gazdasagportal.hu\/index.php\/wp-json\/wp\/v2\/posts\/108274"}],"collection":[{"href":"https:\/\/gazdasagportal.hu\/index.php\/wp-json\/wp\/v2\/posts"}],"about":[{"href":"https:\/\/gazdasagportal.hu\/index.php\/wp-json\/wp\/v2\/types\/post"}],"author":[{"embeddable":true,"href":"https:\/\/gazdasagportal.hu\/index.php\/wp-json\/wp\/v2\/users\/1"}],"replies":[{"embeddable":true,"href":"https:\/\/gazdasagportal.hu\/index.php\/wp-json\/wp\/v2\/comments?post=108274"}],"version-history":[{"count":1,"href":"https:\/\/gazdasagportal.hu\/index.php\/wp-json\/wp\/v2\/posts\/108274\/revisions"}],"predecessor-version":[{"id":108275,"href":"https:\/\/gazdasagportal.hu\/index.php\/wp-json\/wp\/v2\/posts\/108274\/revisions\/108275"}],"wp:attachment":[{"href":"https:\/\/gazdasagportal.hu\/index.php\/wp-json\/wp\/v2\/media?parent=108274"}],"wp:term":[{"taxonomy":"category","embeddable":true,"href":"https:\/\/gazdasagportal.hu\/index.php\/wp-json\/wp\/v2\/categories?post=108274"},{"taxonomy":"post_tag","embeddable":true,"href":"https:\/\/gazdasagportal.hu\/index.php\/wp-json\/wp\/v2\/tags?post=108274"}],"curies":[{"name":"wp","href":"https:\/\/api.w.org\/{rel}","templated":true}]}}