{"id":108250,"date":"2018-08-26T16:43:05","date_gmt":"2018-08-26T14:43:05","guid":{"rendered":"http:\/\/gazdasagportal.hu\/?p=108250"},"modified":"2018-08-26T16:43:05","modified_gmt":"2018-08-26T14:43:05","slug":"meghirdettek-az-ujabb-diplomamento-programot","status":"publish","type":"post","link":"https:\/\/gazdasagportal.hu\/index.php\/meghirdettek-az-ujabb-diplomamento-programot\/","title":{"rendered":"Meghirdett\u00e9k az \u00fajabb diplomament\u0151 programot"},"content":{"rendered":"<p><strong>Meghirdett\u00e9k a fels\u0151oktat\u00e1sban v\u00e9gzettek sz\u00e1m\u00e1ra sz\u00fcks\u00e9ges nyelvvizsga megszerz\u00e9s\u00e9t seg\u00edt\u0151 \u00fajabb diplomament\u0151 programot.<\/strong><!--more--><\/p>\n<div class=\"ads-in-post1\"><div id=\"gazdasagportal.hu_fullbanner_wideboard\"><\/div>\r\n<\/div>\n<p>    Az OFA Orsz\u00e1gos Foglalkoztat\u00e1si K\u00f6zhaszn\u00fa Nonprofit Korl\u00e1tolt Felel\u0151ss\u00e9g\u0171 T\u00e1rsas\u00e1g honlapj\u00e1n k\u00f6zz\u00e9tett felh\u00edv\u00e1sban azt \u00edrt\u00e1k: a p\u00e1ly\u00e1zati fel\u00fclet megnyit\u00e1s\u00e1nak tervezett id\u0151pontja szeptember 3-a, h\u00e9tf\u0151 14.00 \u00f3ra.<br \/>\n    Mint a ki\u00edr\u00e1sban kiemelt\u00e9k: a nemzetgazdas\u00e1g fejl\u0151d\u00e9s\u00e9hez n\u00e9lk\u00fcl\u00f6zhetetlen, hogy rendelkez\u00e9sre \u00e1lljon a megfelel\u0151en k\u00e9pzett, idegen nyelvet besz\u00e9l\u0151, fels\u0151fok\u00fa v\u00e9gzetts\u00e9ggel rendelkez\u0151 &#8222;hum\u00e1n er\u0151forr\u00e1s&#8221;. A fels\u0151oktat\u00e1sban tanulm\u00e1nyokat folytatott hallgat\u00f3k 20-22 sz\u00e1zal\u00e9ka a nyelvvizsga hi\u00e1nya miatt nem kapja meg az abszolut\u00f3rium \u00e9s a z\u00e1r\u00f3vizsga ut\u00e1n diplom\u00e1j\u00e1t, jelent\u0151s r\u00e9sz\u00fck pedig k\u00e9s\u0151bb sem szerzi meg az oklevelet.<br \/>\n<div class=\"ads-in-post2\"><script async src=\"https:\/\/pagead2.googlesyndication.com\/pagead\/js\/adsbygoogle.js\"><\/script>\r\n<ins class=\"adsbygoogle\"\r\n     style=\"display:block\"\r\n     data-ad-format=\"fluid\"\r\n     data-ad-layout-key=\"-6t+ed+2i-1n-4w\"\r\n     data-ad-client=\"ca-pub-1959107119989764\"\r\n     data-ad-slot=\"4008251320\"><\/ins>\r\n<script>\r\n     (adsbygoogle = window.adsbygoogle || []).push({});\r\n<\/script><\/div>\n    A p\u00e1ly\u00e1zat c\u00e9lja els\u0151dlegesen a nyelvvizsga hi\u00e1ny\u00e1ban diplom\u00e1val m\u00e9g nem rendelkez\u0151, \u00e1llamvizsg\u00e1jukat hazai fels\u0151oktat\u00e1sban teljes\u00edtett, de hallgat\u00f3i jogviszonyban m\u00e1r nem \u00e1ll\u00f3 uni\u00f3s polg\u00e1rok \u00e1llamilag t\u00e1mogatott nyelvi k\u00e9pz\u00e9sbe von\u00e1sa a diploma \u00e1tv\u00e9tel\u00e9hez sz\u00fcks\u00e9ges nyelvvizsga megszerz\u00e9se \u00e9rdek\u00e9ben. A t\u00e1mogat\u00e1s k\u00f6zvetett c\u00e9lja, hogy a diploma megszerz\u00e9s\u00e9t k\u00f6vet\u0151en a c\u00e9lcsoport v\u00e9gzetts\u00e9g\u00e9nek megfelel\u0151 munkak\u00f6rben helyezkedjen el.<br \/>\n    A Diplomament\u0151 II. program azon nyelvvizsg\u00e1ra felk\u00e9sz\u00edt\u0151 k\u00e9pz\u00e9seken val\u00f3 r\u00e9szv\u00e9telt t\u00e1mogatja, melyet k\u00f6vet\u0151en a p\u00e1ly\u00e1z\u00f3 \u00e1llamilag elismert, komplex, vagy \u00edr\u00e1sbeli, vagy sz\u00f3beli nyelvvizsg\u00e1t teljes\u00edt \u00e9s a nyelvvizsga bizony\u00edtv\u00e1ny bemutat\u00e1sa ut\u00e1n \u00e1tveheti diplom\u00e1j\u00e1t.<br \/>\n    A program keret\u00e9ben angol, francia, n\u00e9met, olasz, orosz \u00e9s spanyol k\u00e9pz\u00e9sre lehet p\u00e1ly\u00e1zni. A nyelvi k\u00e9pz\u00e9sek tervezetten 2018. szeptember k\u00f6zep\u00e9t\u0151l indulhatnak \u00e9s 2019. december 31-ig kell befejez\u0151dni\u00fck, a k\u00e9pz\u00e9si t\u00e1mogat\u00e1s m\u00e9rt\u00e9ke fejenk\u00e9nt maximum 300 ezer forint. A t\u00e1mogatottaknak legk\u00e9s\u0151bb 2020. m\u00e1rcius 31-ig kell bemutatniuk a megszerzett nyelvvizsga bizony\u00edtv\u00e1nyukat \u00e9s az az alapj\u00e1n kiadott diplom\u00e1jukat. Ha ez nem t\u00f6rt\u00e9nik meg, a teljes t\u00e1mogat\u00e1si \u00f6sszeget vissza kell fizetni &#8211; olvashat\u00f3 az OFA honlapj\u00e1n.(MTI)<\/p>\n","protected":false},"excerpt":{"rendered":"<p>Meghirdett\u00e9k a fels\u0151oktat\u00e1sban v\u00e9gzettek sz\u00e1m\u00e1ra sz\u00fcks\u00e9ges nyelvvizsga megszerz\u00e9s\u00e9t seg\u00edt\u0151 \u00fajabb diplomament\u0151 programot.<\/p>\n","protected":false},"author":1,"featured_media":0,"comment_status":"closed","ping_status":"open","sticky":false,"template":"","format":"standard","meta":[],"categories":[4],"tags":[],"_links":{"self":[{"href":"https:\/\/gazdasagportal.hu\/index.php\/wp-json\/wp\/v2\/posts\/108250"}],"collection":[{"href":"https:\/\/gazdasagportal.hu\/index.php\/wp-json\/wp\/v2\/posts"}],"about":[{"href":"https:\/\/gazdasagportal.hu\/index.php\/wp-json\/wp\/v2\/types\/post"}],"author":[{"embeddable":true,"href":"https:\/\/gazdasagportal.hu\/index.php\/wp-json\/wp\/v2\/users\/1"}],"replies":[{"embeddable":true,"href":"https:\/\/gazdasagportal.hu\/index.php\/wp-json\/wp\/v2\/comments?post=108250"}],"version-history":[{"count":1,"href":"https:\/\/gazdasagportal.hu\/index.php\/wp-json\/wp\/v2\/posts\/108250\/revisions"}],"predecessor-version":[{"id":108251,"href":"https:\/\/gazdasagportal.hu\/index.php\/wp-json\/wp\/v2\/posts\/108250\/revisions\/108251"}],"wp:attachment":[{"href":"https:\/\/gazdasagportal.hu\/index.php\/wp-json\/wp\/v2\/media?parent=108250"}],"wp:term":[{"taxonomy":"category","embeddable":true,"href":"https:\/\/gazdasagportal.hu\/index.php\/wp-json\/wp\/v2\/categories?post=108250"},{"taxonomy":"post_tag","embeddable":true,"href":"https:\/\/gazdasagportal.hu\/index.php\/wp-json\/wp\/v2\/tags?post=108250"}],"curies":[{"name":"wp","href":"https:\/\/api.w.org\/{rel}","templated":true}]}}