{"id":108205,"date":"2018-08-24T06:44:30","date_gmt":"2018-08-24T04:44:30","guid":{"rendered":"http:\/\/gazdasagportal.hu\/?p=108205"},"modified":"2018-08-24T06:44:30","modified_gmt":"2018-08-24T04:44:30","slug":"hosegre-es-zivatarokra-is-figyelmeztet-a-meteorologiai-szolgalat","status":"publish","type":"post","link":"https:\/\/gazdasagportal.hu\/index.php\/hosegre-es-zivatarokra-is-figyelmeztet-a-meteorologiai-szolgalat\/","title":{"rendered":"H\u0151s\u00e9gre \u00e9s zivatarokra is figyelmeztet a meteorol\u00f3giai szolg\u00e1lat"},"content":{"rendered":"<p><strong>T\u00f6bb megy\u00e9re tov\u00e1bbra is a tart\u00f3s h\u0151s\u00e9g miatt, de sz\u00e1mos megy\u00e9re a heves zivatar, felh\u0151szakad\u00e1s vesz\u00e9lye miatt is figyelmeztet\u00e9seket adott ki az Orsz\u00e1gos Meteorol\u00f3giai Szolg\u00e1lat.<\/strong><!--more--><\/p>\n<div class=\"ads-in-post1\"><div id=\"gazdasagportal.hu_fullbanner_wideboard\"><\/div>\r\n<\/div>\n<p>    Az MTI-hez p\u00e9nteken eljuttatott vesz\u00e9lyjelz\u00e9s\u00fck szerint Budapesten, Pest, Baranya, B\u00e1cs-Kiskun, B\u00e9k\u00e9s, Csongr\u00e1d, Fej\u00e9r, Hajd\u00fa-Bihar, Heves, J\u00e1sz-Nagykun-Szolnok \u00e9s Tolna megy\u00e9ben a tart\u00f3s h\u0151s\u00e9g miatt van \u00e9rv\u00e9nyben els\u0151fok\u00fa figyelmeztet\u00e9s. Azt \u00edrt\u00e1k: a napi k\u00f6z\u00e9ph\u0151m\u00e9rs\u00e9klet p\u00e9nteken a nyugati megy\u00e9kben \u00e9s \u00e9szakon jellemz\u0151en 25 fok alatt, m\u00e1sutt 25, 26 fok k\u00f6r\u00fcl val\u00f3sz\u00edn\u0171.<br \/>\n    A legmagasabb h\u0151m\u00e9rs\u00e9klet 29-34 fok k\u00f6z\u00f6tt v\u00e1rhat\u00f3. K\u00e9s\u0151 est\u00e9re 20-27 fok k\u00f6z\u00e9 cs\u00f6kken a h\u0151m\u00e9rs\u00e9klet.<br \/>\n<div class=\"ads-in-post2\"><script async src=\"https:\/\/pagead2.googlesyndication.com\/pagead\/js\/adsbygoogle.js\"><\/script>\r\n<ins class=\"adsbygoogle\"\r\n     style=\"display:block\"\r\n     data-ad-format=\"fluid\"\r\n     data-ad-layout-key=\"-6t+ed+2i-1n-4w\"\r\n     data-ad-client=\"ca-pub-1959107119989764\"\r\n     data-ad-slot=\"4008251320\"><\/ins>\r\n<script>\r\n     (adsbygoogle = window.adsbygoogle || []).push({});\r\n<\/script><\/div>\n    Kiemelt\u00e9k tov\u00e1bb\u00e1, hogy d\u00e9lel\u0151ttig helyenk\u00e9nt kialakulhat zivatar, els\u0151sorban \u00e9szakon, \u00e9szakkeleten. A d\u00e9li \u00f3r\u00e1kt\u00f3l \u00e9szaknyugat fel\u0151l alakulhatnak ki \u00fajabb zivatarok. Majd  d\u00e9lut\u00e1nt\u00f3l \u00e9jf\u00e9lig \u00e1ltal\u00e1ban sz\u00f3rv\u00e1nyosan lehetnek sz\u00e9ler\u0151s\u00f6d\u00e9ssel k\u00eds\u00e9rt zivatarok. A Dun\u00e1nt\u00fal \u00e9szaki fel\u00e9ben, \u00e9szaki k\u00e9tharmad\u00e1ban a zivatarokat a d\u00e9lut\u00e1ni \u00f3r\u00e1kban viharos sz\u00e9l k\u00eds\u00e9rheti. Az eml\u00edtett ter\u00fcleteken, illetve esetleg \u00e9szakkeleten a zivatarokhoz intenz\u00edv csapad\u00e9k vagy egy-egy helyen felh\u0151szakad\u00e1s illetve kisebb m\u00e9ret\u0171 j\u00e9g t\u00e1rsulhat.<br \/>\n    Heves zivatarok vesz\u00e9lye miatt Gy\u0151r-Moson-Sopron, Kom\u00e1rom-Esztergom, Vas, Veszpr\u00e9m \u00e9s Zala megy\u00e9re adtak ki els\u0151fok\u00fa figyelmeztet\u00e9st.<br \/>\n    Gy\u0151r-Moson-Sopron, Kom\u00e1rom-Esztergom, Szabolcs-Szatm\u00e1r-Bereg, Vas, Veszpr\u00e9m \u00e9s Zala megy\u00e9ben a felh\u0151szakad\u00e1s vesz\u00e9lye miatt els\u0151fok\u00fa figyelmeztet\u00e9s van \u00e9rv\u00e9nyben.<br \/>\n(MTI)<\/p>\n","protected":false},"excerpt":{"rendered":"<p>T\u00f6bb megy\u00e9re tov\u00e1bbra is a tart\u00f3s h\u0151s\u00e9g miatt, de sz\u00e1mos megy\u00e9re a heves zivatar, felh\u0151szakad\u00e1s vesz\u00e9lye miatt is figyelmeztet\u00e9seket adott ki az Orsz\u00e1gos Meteorol\u00f3giai Szolg\u00e1lat.<\/p>\n","protected":false},"author":1,"featured_media":0,"comment_status":"closed","ping_status":"open","sticky":false,"template":"","format":"standard","meta":[],"categories":[4],"tags":[],"_links":{"self":[{"href":"https:\/\/gazdasagportal.hu\/index.php\/wp-json\/wp\/v2\/posts\/108205"}],"collection":[{"href":"https:\/\/gazdasagportal.hu\/index.php\/wp-json\/wp\/v2\/posts"}],"about":[{"href":"https:\/\/gazdasagportal.hu\/index.php\/wp-json\/wp\/v2\/types\/post"}],"author":[{"embeddable":true,"href":"https:\/\/gazdasagportal.hu\/index.php\/wp-json\/wp\/v2\/users\/1"}],"replies":[{"embeddable":true,"href":"https:\/\/gazdasagportal.hu\/index.php\/wp-json\/wp\/v2\/comments?post=108205"}],"version-history":[{"count":1,"href":"https:\/\/gazdasagportal.hu\/index.php\/wp-json\/wp\/v2\/posts\/108205\/revisions"}],"predecessor-version":[{"id":108206,"href":"https:\/\/gazdasagportal.hu\/index.php\/wp-json\/wp\/v2\/posts\/108205\/revisions\/108206"}],"wp:attachment":[{"href":"https:\/\/gazdasagportal.hu\/index.php\/wp-json\/wp\/v2\/media?parent=108205"}],"wp:term":[{"taxonomy":"category","embeddable":true,"href":"https:\/\/gazdasagportal.hu\/index.php\/wp-json\/wp\/v2\/categories?post=108205"},{"taxonomy":"post_tag","embeddable":true,"href":"https:\/\/gazdasagportal.hu\/index.php\/wp-json\/wp\/v2\/tags?post=108205"}],"curies":[{"name":"wp","href":"https:\/\/api.w.org\/{rel}","templated":true}]}}