{"id":108183,"date":"2018-08-23T07:31:18","date_gmt":"2018-08-23T05:31:18","guid":{"rendered":"http:\/\/gazdasagportal.hu\/?p=108183"},"modified":"2018-08-23T07:31:18","modified_gmt":"2018-08-23T05:31:18","slug":"csaknem-az-egesz-orszagban-figyelmeztetes-van-ervenyben","status":"publish","type":"post","link":"https:\/\/gazdasagportal.hu\/index.php\/csaknem-az-egesz-orszagban-figyelmeztetes-van-ervenyben\/","title":{"rendered":"Csaknem az eg\u00e9sz orsz\u00e1gban figyelmeztet\u00e9s van \u00e9rv\u00e9nyben"},"content":{"rendered":"<p><strong>A tart\u00f3s h\u0151s\u00e9g miatt tov\u00e1bbra is csaknem az eg\u00e9sz orsz\u00e1gban figyelmeztet\u00e9s van \u00e9rv\u00e9nyben.<\/strong><!--more--><\/p>\n<div class=\"ads-in-post1\"><div id=\"gazdasagportal.hu_fullbanner_wideboard\"><\/div>\r\n<\/div>\n<p>    Az Orsz\u00e1gos Meteorol\u00f3giai Szolg\u00e1lat cs\u00fct\u00f6rt\u00f6k\u00f6n az MTI-hez eljuttatott vesz\u00e9lyjelz\u00e9s\u00e9ben azt \u00edrta: a napi k\u00f6z\u00e9ph\u0151m\u00e9rs\u00e9klet \u00e1ltal\u00e1ban 25, 26 Celsius-fok k\u00f6r\u00fcl alakul. N\u00f3gr\u00e1d \u00e9s Borsod-Aba\u00faj-Zempl\u00e9n megye kiv\u00e9tel\u00e9vel az eg\u00e9sz orsz\u00e1gban els\u0151fok\u00fa figyelmeztet\u00e9s van \u00e9rv\u00e9nyben.<br \/>\n<div class=\"ads-in-post2\"><script async src=\"https:\/\/pagead2.googlesyndication.com\/pagead\/js\/adsbygoogle.js\"><\/script>\r\n<ins class=\"adsbygoogle\"\r\n     style=\"display:block\"\r\n     data-ad-format=\"fluid\"\r\n     data-ad-layout-key=\"-6t+ed+2i-1n-4w\"\r\n     data-ad-client=\"ca-pub-1959107119989764\"\r\n     data-ad-slot=\"4008251320\"><\/ins>\r\n<script>\r\n     (adsbygoogle = window.adsbygoogle || []).push({});\r\n<\/script><\/div>\n    Az el\u0151rejelz\u00e9s szerint a t\u00f6bb\u00f3r\u00e1s naps\u00fct\u00e9s mellett sz\u00f3rv\u00e1nyosan, legkisebb es\u00e9llyel az \u00e9szakkeleti megy\u00e9kben alakulhat ki z\u00e1por, zivatar. A sz\u00e9l id\u0151nk\u00e9nt meg\u00e9l\u00e9nk\u00fclhet, de zivatarok k\u00f6rnyezet\u00e9ben \u00e1tmenetileg er\u0151s, viharos sz\u00e9ll\u00f6k\u00e9sek is el\u0151fordulhatnak. A legmagasabb h\u0151m\u00e9rs\u00e9klet 31-36 fok k\u00f6z\u00f6tt v\u00e1rhat\u00f3. K\u00e9s\u0151 est\u00e9re 21-26 fok k\u00f6z\u00e9 h\u0171l le a leveg\u0151.<br \/>\n    A h\u00e9tv\u00e9g\u00e9n v\u00e1rhat\u00f3 egy mark\u00e1nsabb hidegfront, amelynek hat\u00e1s\u00e1ra t\u00f6bb fokkal m\u00e9rs\u00e9kl\u0151dik a meleg.(MTI)<\/p>\n","protected":false},"excerpt":{"rendered":"<p>A tart\u00f3s h\u0151s\u00e9g miatt tov\u00e1bbra is csaknem az eg\u00e9sz orsz\u00e1gban figyelmeztet\u00e9s van \u00e9rv\u00e9nyben.<\/p>\n","protected":false},"author":1,"featured_media":0,"comment_status":"closed","ping_status":"open","sticky":false,"template":"","format":"standard","meta":[],"categories":[4],"tags":[],"_links":{"self":[{"href":"https:\/\/gazdasagportal.hu\/index.php\/wp-json\/wp\/v2\/posts\/108183"}],"collection":[{"href":"https:\/\/gazdasagportal.hu\/index.php\/wp-json\/wp\/v2\/posts"}],"about":[{"href":"https:\/\/gazdasagportal.hu\/index.php\/wp-json\/wp\/v2\/types\/post"}],"author":[{"embeddable":true,"href":"https:\/\/gazdasagportal.hu\/index.php\/wp-json\/wp\/v2\/users\/1"}],"replies":[{"embeddable":true,"href":"https:\/\/gazdasagportal.hu\/index.php\/wp-json\/wp\/v2\/comments?post=108183"}],"version-history":[{"count":1,"href":"https:\/\/gazdasagportal.hu\/index.php\/wp-json\/wp\/v2\/posts\/108183\/revisions"}],"predecessor-version":[{"id":108184,"href":"https:\/\/gazdasagportal.hu\/index.php\/wp-json\/wp\/v2\/posts\/108183\/revisions\/108184"}],"wp:attachment":[{"href":"https:\/\/gazdasagportal.hu\/index.php\/wp-json\/wp\/v2\/media?parent=108183"}],"wp:term":[{"taxonomy":"category","embeddable":true,"href":"https:\/\/gazdasagportal.hu\/index.php\/wp-json\/wp\/v2\/categories?post=108183"},{"taxonomy":"post_tag","embeddable":true,"href":"https:\/\/gazdasagportal.hu\/index.php\/wp-json\/wp\/v2\/tags?post=108183"}],"curies":[{"name":"wp","href":"https:\/\/api.w.org\/{rel}","templated":true}]}}