{"id":108175,"date":"2018-08-22T14:04:35","date_gmt":"2018-08-22T12:04:35","guid":{"rendered":"http:\/\/gazdasagportal.hu\/?p=108175"},"modified":"2018-08-22T14:04:35","modified_gmt":"2018-08-22T12:04:35","slug":"elemzok-a-keresetek-emelkedese-toretlenul-folytatodik-az-iden","status":"publish","type":"post","link":"https:\/\/gazdasagportal.hu\/index.php\/elemzok-a-keresetek-emelkedese-toretlenul-folytatodik-az-iden\/","title":{"rendered":"Elemz\u0151k: a keresetek emelked\u00e9se t\u00f6retlen\u00fcl folytat\u00f3dik az id\u00e9n"},"content":{"rendered":"<p><strong>Az MTI-nek nyilatkoz\u00f3 piaci elemz\u0151k szerint a v\u00e1rtn\u00e1l \u00e1rnyalatnyival magasabb volt a keresetek j\u00faniusi emelked\u00e9se, de nagy meglepet\u00e9st nem okozott. Az \u00e9v m\u00e1sodik fel\u00e9ben is hasonl\u00f3an dinamikus b\u00e9radatokat v\u00e1rnak.<\/strong><!--more--><\/p>\n<div class=\"ads-in-post1\"><div id=\"gazdasagportal.hu_fullbanner_wideboard\"><\/div>\r\n<\/div>\n<p>    A KSH szerd\u00e1n reggel kiadott jelent\u00e9se szerint j\u00faniusban a teljes munkaid\u0151ben alkalmaz\u00e1sban \u00e1ll\u00f3k \u00e1tlagos keresete 11,2 sz\u00e1zal\u00e9kkal haladta meg az egy \u00e9vvel kor\u00e1bbit a m\u00e1jusi 10,9 sz\u00e1zal\u00e9kos emelked\u00e9s ut\u00e1n. Az els\u0151 f\u00e9l \u00e9vben 11,9 sz\u00e1zal\u00e9kkal n\u0151tt az \u00e1tlagkereset. A re\u00e1lkeresetek \u00e9ves emelked\u00e9se j\u00faniusban 7,9 sz\u00e1zal\u00e9kos, az els\u0151 f\u00e9l \u00e9vben 9,4 sz\u00e1zal\u00e9kos volt a 3,1, illetve 2,3 sz\u00e1zal\u00e9kos infl\u00e1ci\u00f3val sz\u00e1molva.<br \/>\n    Suppan Gergely, a Takar\u00e9kbank elemz\u0151je az MTI-hez eljuttatott komment\u00e1rj\u00e1ban megjegyezte: j\u00faniusban a v\u00e1rakoz\u00e1sokn\u00e1l gyorsabban n\u0151tt az \u00e1tlagos brutt\u00f3 b\u00e9r. A tavalyi magas b\u00e1zis miatt az \u00e9v h\u00e1tralev\u0151 r\u00e9sz\u00e9ben a Takar\u00e9kbank elemz\u0151i lassabb b\u00e9rdinamik\u00e1ra sz\u00e1m\u00edtanak, \u00e1m a munkaer\u0151hi\u00e1ny gyorsabb b\u00e9rn\u00f6vel\u00e9st k\u00e9nyszer\u00edthet ki.<br \/>\n<div class=\"ads-in-post2\"><script async src=\"https:\/\/pagead2.googlesyndication.com\/pagead\/js\/adsbygoogle.js\"><\/script>\r\n<ins class=\"adsbygoogle\"\r\n     style=\"display:block\"\r\n     data-ad-format=\"fluid\"\r\n     data-ad-layout-key=\"-6t+ed+2i-1n-4w\"\r\n     data-ad-client=\"ca-pub-1959107119989764\"\r\n     data-ad-slot=\"4008251320\"><\/ins>\r\n<script>\r\n     (adsbygoogle = window.adsbygoogle || []).push({});\r\n<\/script><\/div>\n    Suppan Gergely \u00e9ves \u00e1tlagban 11 sz\u00e1zal\u00e9kos  b\u00e9rn\u00f6veked\u00e9sre sz\u00e1m\u00edt, ami a v\u00e1rt 2,7 sz\u00e1zal\u00e9kos infl\u00e1ci\u00f3val 8,1 sz\u00e1zal\u00e9kos re\u00e1lb\u00e9r-emelked\u00e9st hoz.  A j\u00e1rul\u00e9kok cs\u00f6kkent\u00e9se miatt azonban a b\u00e9rk\u00f6lts\u00e9gek mintegy 1,7 sz\u00e1zal\u00e9kponttal lassabban, megk\u00f6zel\u00edt\u0151en 9,3 sz\u00e1zal\u00e9kkal emelkedhetnek id\u00e9n, ami a v\u00e1rhat\u00f3 8,5-9 sz\u00e1zal\u00e9k k\u00f6r\u00fcli nomin\u00e1lis GDP n\u00f6veked\u00e9s mellett fenntarthat\u00f3nak t\u0171nik. Ezzel  a nemzetk\u00f6zi \u00f6sszehasonl\u00edt\u00e1sban alacsony b\u00e9rh\u00e1nyad sem n\u0151, teh\u00e1t nem okozhat versenyk\u00e9pess\u00e9gi probl\u00e9m\u00e1kat a nemzetgazdas\u00e1gban az elemz\u0151 szerint.<br \/>\n    A szoci\u00e1lis hozz\u00e1j\u00e1rul\u00e1si ad\u00f3 2022-ig tart\u00f3 \u00e9vente rendszeres cs\u00f6kkent\u00e9se \u00e9s a nomin\u00e1lis GDP v\u00e1rhat\u00f3  6,5-7 sz\u00e1zal\u00e9k k\u00f6r\u00fcli emelked\u00e9se a k\u00f6vetkez\u0151 \u00e9vekben 8,5-9 sz\u00e1zal\u00e9k k\u00f6r\u00fcli b\u00e9rdinamik\u00e1t, \u00edgy a re\u00e1lb\u00e9rek mintegy 5,5-6 sz\u00e1zal\u00e9kos emelked\u00e9s\u00e9t engedi meg.<br \/>\n    A fokoz\u00f3d\u00f3 munkaer\u0151hi\u00e1ny miatt viszont er\u0151sebb is lehet a b\u00e9rdinamika, \u00edgy gyorsulhat a b\u00e9rek felz\u00e1rk\u00f3z\u00e1sa a nyugatiakhoz. A termel\u00e9kenys\u00e9g n\u00f6veked\u00e9se azonban elengedhetetlen, amit nemcsak a b\u00e9rek n\u00f6veked\u00e9se, hanem a munkaer\u0151hi\u00e1ny is kik\u00e9nyszer\u00edt &#8211; tette hozz\u00e1 meg a Takar\u00e9kbank elemz\u0151je.<br \/>\n    N\u00e9meth  D\u00e1vid, a K&#038;H Bank vezet\u0151 elemz\u0151je az adatokat \u00e9rt\u00e9kelve elmondta, hogy nincs meglepet\u00e9s a b\u00e9radatokban, a k\u00e9t sz\u00e1mjegy\u0171 n\u00f6veked\u00e9s a minim\u00e1lb\u00e9r \u00e9s a garant\u00e1lt b\u00e9rminimum emel\u00e9se mellett az \u00e1llami szf\u00e9r\u00e1ban bek\u00f6vetkezett keresetrendez\u00e9ssel is magyar\u00e1zhat\u00f3. Kiemelte, hogy a re\u00e1lb\u00e9rek 9,4 sz\u00e1zal\u00e9kos els\u0151 f\u00e9l \u00e9vi emelked\u00e9se \u00e9l\u00e9nk\u00edtette a lakoss\u00e1gi fogyaszt\u00e1st.<br \/>\n    Az \u00e9v h\u00e1tral\u00e9v\u0151 r\u00e9sz\u00e9ben a nett\u00f3 \u00e1tlagfizet\u00e9sek tov\u00e1bbra is 11-12 sz\u00e1zal\u00e9kos n\u00f6veked\u00e9st mutathatnak \u00e9ves szinten, a re\u00e1lb\u00e9rek pedig 9 sz\u00e1zal\u00e9kkal emelkedhetnek. &#8222;Az, hogy 2019-ben milyen fizet\u00e9semelked\u00e9s v\u00e1rhat\u00f3, nagyban f\u00fcgg az \u0151szi b\u00e9rt\u00e1rgyal\u00e1sokt\u00f3l. Arra sz\u00e1m\u00edt, hogy a korm\u00e1ny a minim\u00e1lb\u00e9r \u00e9s a garant\u00e1lt b\u00e9rminimum 6-8 sz\u00e1zal\u00e9kos emel\u00e9st szeretne el\u00e9rni&#8221; &#8211; mondta a vezet\u0151 elemz\u0151.<br \/>\n(MTI)<\/p>\n","protected":false},"excerpt":{"rendered":"<p>Az MTI-nek nyilatkoz\u00f3 piaci elemz\u0151k szerint a v\u00e1rtn\u00e1l \u00e1rnyalatnyival magasabb volt a keresetek j\u00faniusi emelked\u00e9se, de nagy meglepet\u00e9st nem okozott. Az \u00e9v m\u00e1sodik fel\u00e9ben is hasonl\u00f3an dinamikus b\u00e9radatokat v\u00e1rnak.<\/p>\n","protected":false},"author":1,"featured_media":0,"comment_status":"closed","ping_status":"open","sticky":false,"template":"","format":"standard","meta":[],"categories":[4],"tags":[],"_links":{"self":[{"href":"https:\/\/gazdasagportal.hu\/index.php\/wp-json\/wp\/v2\/posts\/108175"}],"collection":[{"href":"https:\/\/gazdasagportal.hu\/index.php\/wp-json\/wp\/v2\/posts"}],"about":[{"href":"https:\/\/gazdasagportal.hu\/index.php\/wp-json\/wp\/v2\/types\/post"}],"author":[{"embeddable":true,"href":"https:\/\/gazdasagportal.hu\/index.php\/wp-json\/wp\/v2\/users\/1"}],"replies":[{"embeddable":true,"href":"https:\/\/gazdasagportal.hu\/index.php\/wp-json\/wp\/v2\/comments?post=108175"}],"version-history":[{"count":1,"href":"https:\/\/gazdasagportal.hu\/index.php\/wp-json\/wp\/v2\/posts\/108175\/revisions"}],"predecessor-version":[{"id":108176,"href":"https:\/\/gazdasagportal.hu\/index.php\/wp-json\/wp\/v2\/posts\/108175\/revisions\/108176"}],"wp:attachment":[{"href":"https:\/\/gazdasagportal.hu\/index.php\/wp-json\/wp\/v2\/media?parent=108175"}],"wp:term":[{"taxonomy":"category","embeddable":true,"href":"https:\/\/gazdasagportal.hu\/index.php\/wp-json\/wp\/v2\/categories?post=108175"},{"taxonomy":"post_tag","embeddable":true,"href":"https:\/\/gazdasagportal.hu\/index.php\/wp-json\/wp\/v2\/tags?post=108175"}],"curies":[{"name":"wp","href":"https:\/\/api.w.org\/{rel}","templated":true}]}}