{"id":108144,"date":"2018-08-21T14:38:13","date_gmt":"2018-08-21T12:38:13","guid":{"rendered":"http:\/\/gazdasagportal.hu\/?p=108144"},"modified":"2018-08-21T14:38:13","modified_gmt":"2018-08-21T12:38:13","slug":"a-hasznaltaru-piac-mentheti-meg-a-foldet","status":"publish","type":"post","link":"https:\/\/gazdasagportal.hu\/index.php\/a-hasznaltaru-piac-mentheti-meg-a-foldet\/","title":{"rendered":"A haszn\u00e1lt\u00e1ru piac mentheti meg a F\u00f6ldet"},"content":{"rendered":"<p><b>T\u00falfogyaszt\u00e1s, fenntarthat\u00f3s\u00e1g, \u00f6kol\u00f3giai l\u00e1bnyom. Unalomig ism\u00e9telt kifejez\u00e9sek, amelyek a fogyaszt\u00f3k t\u00f6bbs\u00e9g\u00e9n\u00e9l nem \u00fctik \u00e1t az ingerk\u00fcsz\u00f6b\u00f6t, pedig a k\u00f6rnyezetszennyez\u00e9s egyre nagyobb probl\u00e9m\u00e1t jelent. Ki gondoln\u00e1, hogy a divatipar a vil\u00e1g m\u00e1sodik legszennyez\u0151bb ipar\u00e1ga az olajszektor ut\u00e1n? Vagy hogy a feleslegess\u00e9 v\u00e1lt ruh\u00e1k 84 sz\u00e1zal\u00e9ka szem\u00e9tlerak\u00f3ban, vagy szem\u00e9t\u00e9get\u0151ben v\u00e9gzi? Itt az ideje, hogy m\u00e1s szemmel n\u00e9zz\u00fcnk a J\u00f3fog\u00e1shoz hasonl\u00f3 haszn\u00e1ltcikk hirdet\u00e9si oldalakra!<\/b><u><\/u><u><\/u><!--more--><\/p>\n<div class=\"ads-in-post1\"><div id=\"gazdasagportal.hu_fullbanner_wideboard\"><\/div>\r\n<\/div>\n<p>Fogyaszt\u00f3i t\u00e1rsadalmukat j\u00f3l jellemzi az a t\u00e9ny, hogy m\u00edg r\u00e9gen megjav\u00edttattuk az elromlott haszn\u00e1lati t\u00e1rgyainkat, addig ma ink\u00e1bb \u00fajat vesz\u00fcnk. Ha sz\u00e9tszakad a cip\u0151nk, nem vissz\u00fck cip\u00e9szhez (tal\u00e1n m\u00e1r nem is tal\u00e1ln\u00e1nk ilyet, ez is egyike az \u00e9rdekl\u0151d\u00e9s hi\u00e1ny\u00e1ban elt\u0171nt szakm\u00e1knak), hanem kidobjuk \u00e9s vessz\u00fck a k\u00f6vetkez\u0151t. A t\u00f6nkrement TV is mehet a szem\u00e9tre, j\u00f6het helyette egy szebb, jobb \u00e9s nagyobb. Hova vezet ez? Szem\u00e9t \u00e9s hullad\u00e9k hegyekhez. Vannak m\u00e1r el\u0151remutat\u00f3 kezdem\u00e9nyez\u00e9sek, mint p\u00e9ld\u00e1ul a sz\u00edv\u00f3sz\u00e1l tervezett betilt\u00e1sa az EU-ban, de a mindennapok szintj\u00e9n egyel\u0151re nem lett t\u00f6megmozgalom abb\u00f3l, hogy k\u00f6rnyezettudatosan \u00e9lj\u00fck az \u00e9let\u00fcnket. Pedig nem kell elvakult k\u00f6rnyezetv\u00e9d\u0151k\u00e9nt k\u00fcl\u00f6nb\u00f6z\u0151 helyekre l\u00e1ncolni magunkat, sem barlangban \u00e9ln\u00fcnk \u00e9s bogy\u00f3kat enn\u00fcnk ahhoz, hogy tegy\u00fcnk a F\u00f6ld j\u00f6v\u0151j\u00e9\u00e9rt.<u><\/u><u><\/u><br \/>\n<div class=\"ads-in-post2\"><script async src=\"https:\/\/pagead2.googlesyndication.com\/pagead\/js\/adsbygoogle.js\"><\/script>\r\n<ins class=\"adsbygoogle\"\r\n     style=\"display:block\"\r\n     data-ad-format=\"fluid\"\r\n     data-ad-layout-key=\"-6t+ed+2i-1n-4w\"\r\n     data-ad-client=\"ca-pub-1959107119989764\"\r\n     data-ad-slot=\"4008251320\"><\/ins>\r\n<script>\r\n     (adsbygoogle = window.adsbygoogle || []).push({});\r\n<\/script><\/div>\n<p><b>A haszn\u00e1lt nem csak olcs\u00f3bb, z\u00f6ldebb is!<\/b><u><\/u><u><\/u><\/p>\n<p>A J\u00f3fog\u00e1s nemr\u00e9giben tette k\u00f6zz\u00e9\u00a0<span class=\"m_-6942198149800775033MsoHyperlink\"><a href=\"https:\/\/secondhandeffect.schibsted.com\/the-full-report\/result-jogogas-hungary\/\" target=\"_blank\" rel=\"noopener noreferrer\" data-saferedirecturl=\"https:\/\/www.google.com\/url?q=https:\/\/secondhandeffect.schibsted.com\/the-full-report\/result-jogogas-hungary\/&amp;source=gmail&amp;ust=1534936060866000&amp;usg=AFQjCNERfO2xRCjBALIxUeiCNvypPYWnDQ\">fenntarthat\u00f3s\u00e1gi jelent\u00e9s\u00e9t<\/a><\/span>, melyb\u0151l kider\u00fcl, hogy a m\u00e9g egy olyan viszonylag pici haszn\u00e1ltcikk piac, mint a magyar, milyen jelent\u0151s m\u00e9rt\u00e9kben cs\u00f6kkentheti a karbonl\u00e1bnyomot. A J\u00f3fog\u00e1s\u00a0felhaszn\u00e1l\u00f3i\u00a02017-ben 40 New-Yorki-i Szabads\u00e1g-szobornyi ac\u00e9lt, 40 Airbus A380-nyi alum\u00edniumot, \u00e9s annyi CO2-t takar\u00edtottak\u00a0meg, mintha 45 napig semmi forgalom nem lenne Budapesten.<u><\/u><u><\/u><\/p>\n<p><i>\u201eHaz\u00e1nkban egyre n\u00f6vekszik a haszn\u00e1ltcikk piac, ami \u00f6r\u00f6mteli. Azon dolgozunk, hogy a v\u00e1s\u00e1rl\u00f3k ne csak az\u00e9rt v\u00e1lassz\u00e1k a haszn\u00e1lt term\u00e9keket, mert az olcs\u00f3bb, hanem hogy k\u00f6rnyezetv\u00e9delmi szempontok is j\u00e1tsszanak szerepet a d\u00f6nt\u00e9sben. Hissz\u00fck, hogy a tudatos v\u00e1s\u00e1rl\u00f3 z\u00f6ldebb v\u00e1s\u00e1rl\u00f3. Mi azzal igyeksz\u00fcnk p\u00e9ld\u00e1t mutatni, hogy\u00a0a felhaszn\u00e1l\u00f3ink seg\u00edts\u00e9g\u00e9vel\u00a0\u00e9vr\u0151l-\u00e9vre egyre kisebb sz\u00e9n-l\u00e1bnyomot hagyunk. Szerencs\u00e9re haz\u00e1nkban egyre t\u00f6bb v\u00e1llalat \u00e9s rendezv\u00e9ny t\u0171zi z\u00e1szlaj\u00e1ra a karbonsemlegess\u00e9get. Id\u00e9n a\u00a0<span class=\"m_-6942198149800775033MsoHyperlink\"><a href=\"http:\/\/brandfestival.hu\/\" target=\"_blank\" rel=\"noopener noreferrer\" data-saferedirecturl=\"https:\/\/www.google.com\/url?q=http:\/\/brandfestival.hu\/&amp;source=gmail&amp;ust=1534936060866000&amp;usg=AFQjCNGlBEoQPQ9XgnPdILpidL7jdb2Yvg\">Brandfesztiv\u00e1l<\/a><\/span>\u00a0is arra t\u00f6rekszik, hogy min\u00e9l kisebb \u00f6kol\u00f3giai l\u00e1bnyomot hagyjon maga ut\u00e1n, \u00a0t\u00f6bbek k\u00f6z\u00f6tt ez\u00e9rt is lett\u00fcnk a rendezv\u00e9ny egyik f\u0151t\u00e1mogat\u00f3ja\u201d<\/i>\u00a0\u2013 mondta Palocsay G\u00e9za, a Schibsted Classified Media Hungary Kft. \u00fcgyvezet\u0151je.<u><\/u><u><\/u><\/p><div id=\"gazda-1755983015\" class=\"gazda-tartalomban gazda-entity-placement\"><script async src=\"https:\/\/pagead2.googlesyndication.com\/pagead\/js\/adsbygoogle.js\"><\/script>\r\n<ins class=\"adsbygoogle\"\r\n     style=\"display:block\"\r\n     data-ad-format=\"fluid\"\r\n     data-ad-layout-key=\"-6t+ed+2i-1n-4w\"\r\n     data-ad-client=\"ca-pub-1959107119989764\"\r\n     data-ad-slot=\"4008251320\"><\/ins>\r\n<script>\r\n     (adsbygoogle = window.adsbygoogle || []).push({});\r\n<\/script><\/div>\n<p>A J\u00f3fog\u00e1son egy\u00e9bk\u00e9nt a leggyakrabban ruhanem\u0171k \u00e9s mobiltelefonok cser\u00e9lnek gazd\u00e1t. A toplist\u00e1t a n\u0151i ruha vezeti, ezt k\u00f6vetik a gyermekruh\u00e1k, a n\u0151i cip\u0151k, a mobiltelefon, v\u00e9g\u00fcl a f\u00e9rfi ruh\u00e1zat. A legk\u00f6zelebbi bev\u00e1s\u00e1rl\u00f3k\u00f6r\u00fat el\u0151tt \u00e9rdemes \u00e1tgondolni, hogy val\u00f3ban \u00faj term\u00e9kekre van -e sz\u00fcks\u00e9g\u00fcnk, vagy be lehet -e szerezni azt egy haszn\u00e1ltcikk piacon is. Szinte m\u00e1r k\u00f6zhely, hogy az ezer m\u00e9rf\u00f6ldes \u00fat is egy l\u00e9p\u00e9ssel kezd\u0151dik, de ebben az esetben az apr\u00f3, szem\u00e9lyes v\u00e1ltoztat\u00e1sok jelenthetik a vil\u00e1got. Sz\u00f3 szerint.<\/p>\n","protected":false},"excerpt":{"rendered":"<p>T\u00falfogyaszt\u00e1s, fenntarthat\u00f3s\u00e1g, \u00f6kol\u00f3giai l\u00e1bnyom. Unalomig ism\u00e9telt kifejez\u00e9sek, amelyek a fogyaszt\u00f3k t\u00f6bbs\u00e9g\u00e9n\u00e9l nem \u00fctik \u00e1t az ingerk\u00fcsz\u00f6b\u00f6t, pedig a k\u00f6rnyezetszennyez\u00e9s egyre nagyobb probl\u00e9m\u00e1t jelent. Ki gondoln\u00e1, hogy a divatipar a vil\u00e1g m\u00e1sodik legszennyez\u0151bb ipar\u00e1ga az olajszektor ut\u00e1n? Vagy hogy a feleslegess\u00e9 v\u00e1lt ruh\u00e1k 84 sz\u00e1zal\u00e9ka szem\u00e9tlerak\u00f3ban, vagy szem\u00e9t\u00e9get\u0151ben v\u00e9gzi? Itt az ideje, hogy m\u00e1s szemmel n\u00e9zz\u00fcnk &#8230;<\/p>\n","protected":false},"author":1,"featured_media":0,"comment_status":"closed","ping_status":"open","sticky":false,"template":"","format":"standard","meta":[],"categories":[4,19],"tags":[],"_links":{"self":[{"href":"https:\/\/gazdasagportal.hu\/index.php\/wp-json\/wp\/v2\/posts\/108144"}],"collection":[{"href":"https:\/\/gazdasagportal.hu\/index.php\/wp-json\/wp\/v2\/posts"}],"about":[{"href":"https:\/\/gazdasagportal.hu\/index.php\/wp-json\/wp\/v2\/types\/post"}],"author":[{"embeddable":true,"href":"https:\/\/gazdasagportal.hu\/index.php\/wp-json\/wp\/v2\/users\/1"}],"replies":[{"embeddable":true,"href":"https:\/\/gazdasagportal.hu\/index.php\/wp-json\/wp\/v2\/comments?post=108144"}],"version-history":[{"count":1,"href":"https:\/\/gazdasagportal.hu\/index.php\/wp-json\/wp\/v2\/posts\/108144\/revisions"}],"predecessor-version":[{"id":108145,"href":"https:\/\/gazdasagportal.hu\/index.php\/wp-json\/wp\/v2\/posts\/108144\/revisions\/108145"}],"wp:attachment":[{"href":"https:\/\/gazdasagportal.hu\/index.php\/wp-json\/wp\/v2\/media?parent=108144"}],"wp:term":[{"taxonomy":"category","embeddable":true,"href":"https:\/\/gazdasagportal.hu\/index.php\/wp-json\/wp\/v2\/categories?post=108144"},{"taxonomy":"post_tag","embeddable":true,"href":"https:\/\/gazdasagportal.hu\/index.php\/wp-json\/wp\/v2\/tags?post=108144"}],"curies":[{"name":"wp","href":"https:\/\/api.w.org\/{rel}","templated":true}]}}