{"id":108140,"date":"2018-08-21T12:45:16","date_gmt":"2018-08-21T10:45:16","guid":{"rendered":"http:\/\/gazdasagportal.hu\/?p=108140"},"modified":"2018-08-21T12:45:16","modified_gmt":"2018-08-21T10:45:16","slug":"foglalkoztatasi-szolgalat-juliusban-63-szazalekkal-csokkent-az-allaskeresok-szama","status":"publish","type":"post","link":"https:\/\/gazdasagportal.hu\/index.php\/foglalkoztatasi-szolgalat-juliusban-63-szazalekkal-csokkent-az-allaskeresok-szama\/","title":{"rendered":"Foglalkoztat\u00e1si szolg\u00e1lat: j\u00faliusban 6,3 sz\u00e1zal\u00e9kkal cs\u00f6kkent az \u00e1ll\u00e1skeres\u0151k sz\u00e1ma"},"content":{"rendered":"<p><strong>A nyilv\u00e1ntartott \u00e1ll\u00e1skeres\u0151k sz\u00e1ma 6,3 sz\u00e1zal\u00e9kkal cs\u00f6kkent Magyarorsz\u00e1gon egy \u00e9v alatt, a Nemzeti Foglalkoztat\u00e1si Szolg\u00e1lat (NFSZ) adatai szerint a j\u00faliusi z\u00e1r\u00f3napon 257 400 \u00e1ll\u00e1skeres\u0151 volt, t\u00f6bb mint 17 ezerrel kevesebb, mint egy \u00e9ve.<\/strong><!--more--><\/p>\n<div class=\"ads-in-post1\"><div id=\"gazdasagportal.hu_fullbanner_wideboard\"><\/div>\r\n<\/div>\n<p>    Az NFSZ a honlapj\u00e1n k\u00f6z\u00f6lte: j\u00faliusban a nyilv\u00e1ntartott \u00e1ll\u00e1skeres\u0151k ar\u00e1nya a gazdas\u00e1gilag akt\u00edv n\u00e9pess\u00e9ghez viszony\u00edtva 5,6 sz\u00e1zal\u00e9k volt, a munkav\u00e1llal\u00e1si kor\u00fa n\u00e9pess\u00e9ghez m\u00e9rt relat\u00edv r\u00e1ta pedig 3,8 sz\u00e1zal\u00e9k. A legalacsonyabb \u00e9rt\u00e9kekkel tov\u00e1bbra is Gy\u0151r-Moson-Sopron megye rendelkezett.<br \/>\n    J\u00faliusban 57 600 \u00e1ll\u00e1skeres\u0151 k\u00e9rte nyilv\u00e1ntart\u00e1sba v\u00e9tel\u00e9t a kirendelts\u00e9geken, 10,2 sz\u00e1zal\u00e9kuk els\u0151 alkalommal regisztr\u00e1lt. Az \u00faj bel\u00e9p\u0151k sz\u00e1ma az el\u0151z\u0151 \u00e9vin\u00e9l 4,2 sz\u00e1zal\u00e9kkal kevesebb volt. Az \u00e1ll\u00e1skeres\u0151k 10,1 sz\u00e1zal\u00e9ka, 25 900 volt p\u00e1lyakezd\u0151.<br \/>\n    Az \u00e1ll\u00e1skeres\u0151k 26,0 sz\u00e1zal\u00e9ka, 67 000 ember tart\u00f3san, t\u00f6bb mint egy \u00e9ve keresett munk\u00e1t, ez 13,4 sz\u00e1zal\u00e9kponttal jobb ar\u00e1ny az egy \u00e9vvel kor\u00e1bbin\u00e1l.<br \/>\n<div class=\"ads-in-post2\"><script async src=\"https:\/\/pagead2.googlesyndication.com\/pagead\/js\/adsbygoogle.js\"><\/script>\r\n<ins class=\"adsbygoogle\"\r\n     style=\"display:block\"\r\n     data-ad-format=\"fluid\"\r\n     data-ad-layout-key=\"-6t+ed+2i-1n-4w\"\r\n     data-ad-client=\"ca-pub-1959107119989764\"\r\n     data-ad-slot=\"4008251320\"><\/ins>\r\n<script>\r\n     (adsbygoogle = window.adsbygoogle || []).push({});\r\n<\/script><\/div>\n    Az \u00e9v hetedik h\u00f3napj\u00e1ban 39 200 volt a 25 \u00e9v alatti \u00e9s 61 700 az 55 \u00e9v feletti \u00e1ll\u00e1skeres\u0151k sz\u00e1ma, ar\u00e1nyuk 15,2, illetve 24,0 sz\u00e1zal\u00e9kot tett ki.<br \/>\n    Az NFSZ adatai szerint j\u00faliusban 141 000 \u00e1ll\u00e1skeres\u0151 volt jogosult p\u00e9nzbeli ell\u00e1t\u00e1sra, 47,2 sz\u00e1zal\u00e9kuk \u00e1ll\u00e1skeres\u00e9si ell\u00e1t\u00e1sban, a t\u00f6bbiek szoci\u00e1lis jelleg\u0171 t\u00e1mogat\u00e1sban r\u00e9szes\u00fcltek. Az \u00e1ll\u00e1skeres\u0151k 45,2 sz\u00e1zal\u00e9ka semmilyen p\u00e9nzbeli t\u00e1mogat\u00e1st nem kapott.<br \/>\n    A foglalkoztat\u00f3k 122 200 \u00faj bet\u00f6lthet\u0151 \u00e1ll\u00e1shelyet jelentettek be j\u00faliusban, ezek 86,0 sz\u00e1zal\u00e9k\u00e1hoz ig\u00e9nyeltek t\u00e1mogat\u00e1st. Az \u00fajonnan bejelentett t\u00e1mogatott \u00e1ll\u00e1shelyek sz\u00e1ma 105 200 volt, amelynek 76,8 sz\u00e1zal\u00e9ka a k\u00f6zfoglalkoztat\u00e1shoz tartozott.<br \/>\n    J\u00faliusban 208 600 \u00e1ll\u00e1slehet\u0151s\u00e9g \u00e1llt rendelkez\u00e9sre, amelyb\u0151l 107 800 bet\u00f6ltetlen maradt.<br \/>\n    Az \u00e9v hetedik h\u00f3napj\u00e1ban 140 munkav\u00e1llal\u00f3 csoportos l\u00e9tsz\u00e1mle\u00e9p\u00edt\u00e9s\u00e9t jelentett\u00e9k be a foglalkoztat\u00f3k. Az elbocs\u00e1t\u00e1sok a szektorok k\u00f6z\u00fcl a fels\u0151ruh\u00e1zat gy\u00e1rt\u00e1s\u00e1t, a k\u00f6z\u00fati g\u00e9pj\u00e1rm\u0171 gy\u00e1rt\u00e1s\u00e1t, \u00e9s a k\u00f6z\u00fati j\u00e1rm\u0171, j\u00e1rm\u0171-motor alkatr\u00e9szeinek gy\u00e1rt\u00e1s\u00e1t, ter\u00fcletileg pedig J\u00e1sz-Nagykun-Szolnok megy\u00e9t, Budapestet, valamint Kom\u00e1rom-Esztergom megy\u00e9t \u00e9rintett\u00e9k.<br \/>\n    A Nemzetk\u00f6zi Munka\u00fcgyi Szervezet (ILO) \u00e1ltal haszn\u00e1lt munkan\u00e9lk\u00fclis\u00e9gi r\u00e1ta 3,6 sz\u00e1zal\u00e9kos volt a 2018. \u00e1prilis-j\u00faniusi g\u00f6rd\u00fcl\u0151 negyed\u00e9vben, a 15-74 \u00e9ves n\u00e9pess\u00e9gb\u0151l 165 100-an voltak munka n\u00e9lk\u00fcl. A r\u00e1ta az el\u0151z\u0151 \u00e9v azonos id\u0151szak\u00e1hoz k\u00e9pest 0,7 sz\u00e1zal\u00e9kponttal cs\u00f6kkent.(MTI)<\/p>\n","protected":false},"excerpt":{"rendered":"<p>A nyilv\u00e1ntartott \u00e1ll\u00e1skeres\u0151k sz\u00e1ma 6,3 sz\u00e1zal\u00e9kkal cs\u00f6kkent Magyarorsz\u00e1gon egy \u00e9v alatt, a Nemzeti Foglalkoztat\u00e1si Szolg\u00e1lat (NFSZ) adatai szerint a j\u00faliusi z\u00e1r\u00f3napon 257 400 \u00e1ll\u00e1skeres\u0151 volt, t\u00f6bb mint 17 ezerrel kevesebb, mint egy \u00e9ve.<\/p>\n","protected":false},"author":1,"featured_media":0,"comment_status":"closed","ping_status":"open","sticky":false,"template":"","format":"standard","meta":[],"categories":[19],"tags":[],"_links":{"self":[{"href":"https:\/\/gazdasagportal.hu\/index.php\/wp-json\/wp\/v2\/posts\/108140"}],"collection":[{"href":"https:\/\/gazdasagportal.hu\/index.php\/wp-json\/wp\/v2\/posts"}],"about":[{"href":"https:\/\/gazdasagportal.hu\/index.php\/wp-json\/wp\/v2\/types\/post"}],"author":[{"embeddable":true,"href":"https:\/\/gazdasagportal.hu\/index.php\/wp-json\/wp\/v2\/users\/1"}],"replies":[{"embeddable":true,"href":"https:\/\/gazdasagportal.hu\/index.php\/wp-json\/wp\/v2\/comments?post=108140"}],"version-history":[{"count":1,"href":"https:\/\/gazdasagportal.hu\/index.php\/wp-json\/wp\/v2\/posts\/108140\/revisions"}],"predecessor-version":[{"id":108141,"href":"https:\/\/gazdasagportal.hu\/index.php\/wp-json\/wp\/v2\/posts\/108140\/revisions\/108141"}],"wp:attachment":[{"href":"https:\/\/gazdasagportal.hu\/index.php\/wp-json\/wp\/v2\/media?parent=108140"}],"wp:term":[{"taxonomy":"category","embeddable":true,"href":"https:\/\/gazdasagportal.hu\/index.php\/wp-json\/wp\/v2\/categories?post=108140"},{"taxonomy":"post_tag","embeddable":true,"href":"https:\/\/gazdasagportal.hu\/index.php\/wp-json\/wp\/v2\/tags?post=108140"}],"curies":[{"name":"wp","href":"https:\/\/api.w.org\/{rel}","templated":true}]}}