{"id":108136,"date":"2018-08-21T11:38:19","date_gmt":"2018-08-21T09:38:19","guid":{"rendered":"http:\/\/gazdasagportal.hu\/?p=108136"},"modified":"2018-08-21T11:38:19","modified_gmt":"2018-08-21T09:38:19","slug":"felkeszult-a-nav-a-bevandorlasi-kulonado-beszedesere","status":"publish","type":"post","link":"https:\/\/gazdasagportal.hu\/index.php\/felkeszult-a-nav-a-bevandorlasi-kulonado-beszedesere\/","title":{"rendered":"Felk\u00e9sz\u00fclt a NAV a bev\u00e1ndorl\u00e1si k\u00fcl\u00f6nad\u00f3 beszed\u00e9s\u00e9re"},"content":{"rendered":"<p><strong>Felk\u00e9sz\u00fclt a Nemzeti Ad\u00f3- \u00e9s V\u00e1mhivatal (NAV) a bev\u00e1ndorl\u00e1si k\u00fcl\u00f6nad\u00f3 beszed\u00e9s\u00e9re, az \u00faj ad\u00f3teher szab\u00e1lyait k\u00f6vetkezetesen sz\u00e1mon fogja k\u00e9rni az \u00e9rintett szervezeteken &#8211; mondta a NAV-ot vezet\u0151 \u00e1llamtitk\u00e1r a Magyar Id\u0151knek.<\/strong><!--more--><\/p>\n<div class=\"ads-in-post1\"><div id=\"gazdasagportal.hu_fullbanner_wideboard\"><\/div>\r\n<\/div>\n<p>    A napilap keddi sz\u00e1m\u00e1ban Sors L\u00e1szl\u00f3 hangs\u00falyozta, hogy az illeg\u00e1lis bev\u00e1ndorl\u00e1st t\u00e1mogat\u00f3 szervezetek ad\u00f3\u00fcgyi feladatai l\u00e9nyeg\u00e9ben nem k\u00fcl\u00f6nb\u00f6znek a v\u00e1llalkoz\u00e1sok k\u00f6telez\u0151 teend\u0151it\u0151l. Az ad\u00f3hivatal ez\u00e9rt a bev\u00e1ndorl\u00e1si k\u00fcl\u00f6nad\u00f3t a t\u00f6bbi ad\u00f3nemhez hasonl\u00f3an kezeli, ennek megfelel\u0151en az \u00e9rintetteket t\u00e1j\u00e9koztatja a k\u00f6telezetts\u00e9geikr\u0151l, ellen\u0151rzi azok teljes\u00edt\u00e9s\u00e9t, sz\u00fcks\u00e9g eset\u00e9n pedig szankcion\u00e1l &#8211; tette hozz\u00e1. A NAV vezet\u0151je k\u00f6z\u00f6lte, hogy az ad\u00f3hivatal minden k\u00e9rd\u00e9sben, \u00edgy az ad\u00f3bevall\u00e1sok kit\u00f6lt\u00e9s\u00e9ben is seg\u00edts\u00e9get ny\u00fajt, a hivatali honlapon a k\u00fclf\u00f6ldi \u00e9rintettekre tekintettel angolul is k\u00f6zz\u00e9tett\u00e9k a r\u00e9szletes t\u00e1j\u00e9koztat\u00f3t.<br \/>\n<div class=\"ads-in-post2\"><script async src=\"https:\/\/pagead2.googlesyndication.com\/pagead\/js\/adsbygoogle.js\"><\/script>\r\n<ins class=\"adsbygoogle\"\r\n     style=\"display:block\"\r\n     data-ad-format=\"fluid\"\r\n     data-ad-layout-key=\"-6t+ed+2i-1n-4w\"\r\n     data-ad-client=\"ca-pub-1959107119989764\"\r\n     data-ad-slot=\"4008251320\"><\/ins>\r\n<script>\r\n     (adsbygoogle = window.adsbygoogle || []).push({});\r\n<\/script><\/div>\n    Az illeg\u00e1lis bev\u00e1ndorl\u00e1st t\u00e1mogat\u00f3 szervezeteknek augusztus 25-ig kell bejelentkezni\u00fck a NAV-n\u00e1l, els\u0151 ad\u00f3bevall\u00e1sukat szeptember 15-ig kell leadniuk. A bevall\u00e1st ezt k\u00f6vet\u0151en a t\u00e1mogat\u00e1st k\u00f6vet\u0151 h\u00f3nap 15. napj\u00e1ig a t\u00e1mogat\u00e1st ny\u00fajt\u00f3 szervezetnek kell bevallania \u00e9s megfizetnie, arr\u00f3l pedig a t\u00e1mogat\u00e1sban r\u00e9szes\u00fcl\u0151 sz\u00e1m\u00e1ra is nyilatkozatot kell tennie. A k\u00f6telezetts\u00e9g azokra vonatkozik, akik a bev\u00e1ndorl\u00e1s t\u00e1mogat\u00e1s\u00e1ra a m\u00e9diakamp\u00e1nyokat \u00e9s a m\u00e9diaszemin\u00e1riumokat tartanak, h\u00e1l\u00f3zatot \u00e9p\u00edtenek \u00e9s m\u0171k\u00f6dtetnek, a migr\u00e1ci\u00f3t kedvez\u0151en bemutat\u00f3 propagandatev\u00e9kenys\u00e9get v\u00e9geznek. Ad\u00f3fizet\u00e9s \u00e9s nyilatkozatt\u00e9tel h\u00edj\u00e1n a t\u00e1mogatott szervezet v\u00e1lik ad\u00f3alanny\u00e1. A 25 sz\u00e1zal\u00e9kos ad\u00f3t az anyagi t\u00e1mogat\u00e1s \u00e9rt\u00e9ke vagy a bev\u00e1ndorl\u00e1st seg\u00edt\u0151 tev\u00e9kenys\u00e9g k\u00f6lts\u00e9ge ut\u00e1n sz\u00e1m\u00edtj\u00e1k, az ebb\u0151l sz\u00e1rmaz\u00f3 bev\u00e9tel hat\u00e1rv\u00e9delmi feladatokra haszn\u00e1lhat\u00f3 f\u00f6l.(MTI)<\/p>\n","protected":false},"excerpt":{"rendered":"<p>Felk\u00e9sz\u00fclt a Nemzeti Ad\u00f3- \u00e9s V\u00e1mhivatal (NAV) a bev\u00e1ndorl\u00e1si k\u00fcl\u00f6nad\u00f3 beszed\u00e9s\u00e9re, az \u00faj ad\u00f3teher szab\u00e1lyait k\u00f6vetkezetesen sz\u00e1mon fogja k\u00e9rni az \u00e9rintett szervezeteken &#8211; mondta a NAV-ot vezet\u0151 \u00e1llamtitk\u00e1r a Magyar Id\u0151knek.<\/p>\n","protected":false},"author":1,"featured_media":0,"comment_status":"closed","ping_status":"open","sticky":false,"template":"","format":"standard","meta":[],"categories":[20,4,19],"tags":[],"_links":{"self":[{"href":"https:\/\/gazdasagportal.hu\/index.php\/wp-json\/wp\/v2\/posts\/108136"}],"collection":[{"href":"https:\/\/gazdasagportal.hu\/index.php\/wp-json\/wp\/v2\/posts"}],"about":[{"href":"https:\/\/gazdasagportal.hu\/index.php\/wp-json\/wp\/v2\/types\/post"}],"author":[{"embeddable":true,"href":"https:\/\/gazdasagportal.hu\/index.php\/wp-json\/wp\/v2\/users\/1"}],"replies":[{"embeddable":true,"href":"https:\/\/gazdasagportal.hu\/index.php\/wp-json\/wp\/v2\/comments?post=108136"}],"version-history":[{"count":1,"href":"https:\/\/gazdasagportal.hu\/index.php\/wp-json\/wp\/v2\/posts\/108136\/revisions"}],"predecessor-version":[{"id":108137,"href":"https:\/\/gazdasagportal.hu\/index.php\/wp-json\/wp\/v2\/posts\/108136\/revisions\/108137"}],"wp:attachment":[{"href":"https:\/\/gazdasagportal.hu\/index.php\/wp-json\/wp\/v2\/media?parent=108136"}],"wp:term":[{"taxonomy":"category","embeddable":true,"href":"https:\/\/gazdasagportal.hu\/index.php\/wp-json\/wp\/v2\/categories?post=108136"},{"taxonomy":"post_tag","embeddable":true,"href":"https:\/\/gazdasagportal.hu\/index.php\/wp-json\/wp\/v2\/tags?post=108136"}],"curies":[{"name":"wp","href":"https:\/\/api.w.org\/{rel}","templated":true}]}}