{"id":108115,"date":"2018-08-20T13:25:38","date_gmt":"2018-08-20T11:25:38","guid":{"rendered":"http:\/\/gazdasagportal.hu\/?p=108115"},"modified":"2018-08-20T11:26:43","modified_gmt":"2018-08-20T09:26:43","slug":"belgium-fokozatosan-megszunteti-a-katonak-utcai-jarorozeset","status":"publish","type":"post","link":"https:\/\/gazdasagportal.hu\/index.php\/belgium-fokozatosan-megszunteti-a-katonak-utcai-jarorozeset\/","title":{"rendered":"Belgium fokozatosan megsz\u00fcnteti a katon\u00e1k utcai j\u00e1r\u0151r\u00f6z\u00e9s\u00e9t"},"content":{"rendered":"<p><strong>Belgiumban szeptembert\u0151l fokozatosan megsz\u00fcntetik a katon\u00e1k utc\u00e1kon, metr\u00f3- \u00e9s vas\u00fat\u00e1llom\u00e1sokon teljes\u00edtett j\u00e1r\u0151r\u00f6z\u00e9s\u00e9t, hely\u00fcket a rend\u0151rs\u00e9g \u00e9s m\u00e1s biztons\u00e1gi szolg\u00e1latok veszik \u00e1t &#8211; k\u00f6z\u00f6lte h\u00e9tf\u0151n a La Libre Belgique c\u00edm\u0171 napilap.<\/strong><!--more--><\/p>\n<div class=\"ads-in-post1\"><div id=\"gazdasagportal.hu_fullbanner_wideboard\"><\/div>\r\n<\/div>\n<p>    A besz\u00e1mol\u00f3 szerint Steven Vandeput v\u00e9delmi miniszter a VTM flamand nyelv\u0171 k\u00f6zszolg\u00e1lati telev\u00edzi\u00f3nak adott vas\u00e1rnap esti interj\u00faj\u00e1ban elmondta, a katon\u00e1knak a k\u00f6zter\u00fcletekr\u0151l val\u00f3 fokozatos kivon\u00e1sa nem okoz biztons\u00e1gi kock\u00e1zatot. A strat\u00e9giai fontoss\u00e1g\u00fa helysz\u00edneken, nagyk\u00f6vets\u00e9gek el\u0151tt, zsid\u00f3 \u00e9s m\u00e1s nemzetk\u00f6zi int\u00e9zm\u00e9nyek v\u00e9delm\u00e9ben tov\u00e1bbra is szerepet v\u00e1llalnak.<br \/>\n    A belga korm\u00e1ny t\u00f6bb l\u00e9pcs\u0151ben, legut\u00f3bb j\u00falius elej\u00e9n cs\u00f6kkentette az utc\u00e1kon szolg\u00e1latot teljes\u00edt\u0151 katon\u00e1k sz\u00e1m\u00e1t. Jelenleg mintegy 550 katona j\u00e1r\u0151r\u00f6zik a belga nagyv\u00e1rosokban.<br \/>\n<div class=\"ads-in-post2\"><script async src=\"https:\/\/pagead2.googlesyndication.com\/pagead\/js\/adsbygoogle.js\"><\/script>\r\n<ins class=\"adsbygoogle\"\r\n     style=\"display:block\"\r\n     data-ad-format=\"fluid\"\r\n     data-ad-layout-key=\"-6t+ed+2i-1n-4w\"\r\n     data-ad-client=\"ca-pub-1959107119989764\"\r\n     data-ad-slot=\"4008251320\"><\/ins>\r\n<script>\r\n     (adsbygoogle = window.adsbygoogle || []).push({});\r\n<\/script><\/div>\n     Inform\u00e1ci\u00f3k szerint a hadsereg folytatja a rendk\u00edv\u00fcli esem\u00e9nyek alkalm\u00e1val sz\u00fcks\u00e9ges beavatkoz\u00e1sra val\u00f3 felk\u00e9sz\u00fcl\u00e9s\u00e9t, emellett komoly tartal\u00e9kkapacit\u00e1st \u00e1llom\u00e1soztat, amely sz\u00fcks\u00e9g eset\u00e9n &#8211; a rend\u0151rs\u00e9ggel egy\u00fctt &#8211; azonnal bevethet\u0151.<br \/>\n    Belgium a 2015 november\u00e9ben, P\u00e1rizsban h\u00e9t helysz\u00ednen elk\u00f6vetett mer\u00e9nyleteket k\u00f6vet\u0151en h\u00e1rmas &#8211; &#8222;lehets\u00e9ges \u00e9s val\u00f3sz\u00edn\u0171&#8221; &#8211; terrork\u00e9sz\u00fclts\u00e9gi fokozatot rendelt el, majd a 2016 m\u00e1rcius\u00e1ban, Br\u00fcsszelben k\u00e9t helysz\u00ednen elk\u00f6vetett t\u00e1mad\u00e1sokat k\u00f6vet\u0151en a legmagasabb, n\u00e9gyes &#8211; &#8222;s\u00falyos \u00e9s azonnali&#8221; &#8211; fokozat\u00fara emelte a terrorfenyegetetts\u00e9g szintj\u00e9t az orsz\u00e1g eg\u00e9sz ter\u00fclet\u00e9n. Belgium ekkor rendelte el 1800 katona folyamatos utcai j\u00e1r\u0151r\u00f6z\u00e9s\u00e9t is.<br \/>\n    A terrorfenyegetetts\u00e9gi szintet k\u00e9s\u0151bb h\u00e1rmas szintre min\u0151s\u00edtett\u00e9k vissza, majd az \u00e9v elej\u00e9n kettes szintre cs\u00f6kkentett\u00e9k. A j\u00e1r\u0151r\u00f6z\u0151 katon\u00e1k sz\u00e1m\u00e1t ezzel ar\u00e1nyosan ugyancsak m\u00e9rs\u00e9kelt\u00e9k.<br \/>\n    Belgiumban legut\u00f3bb m\u00e1jus v\u00e9g\u00e9n min\u0151s\u00edtett\u00e9k terrorcselekm\u00e9nynek egy mag\u00e1nyos elk\u00f6vet\u0151 akci\u00f3j\u00e1t, amikor a 33 \u00e9ves, Benjamin Hermann nev\u0171 el\u00edt\u00e9lt k\u00e9tnapos elt\u00e1voz\u00e1sa alatt el\u0151bb rabt\u00e1rs\u00e1val, majd k\u00e9t rend\u0151rrel \u00e9s egy civillel v\u00e9gzett Liege-ben. A f\u00e9rfi t\u00f6bbsz\u00f6r is azt ki\u00e1ltotta, hogy &#8222;Allahu Akbar&#8221; (Allah hatalmas), miel\u0151tt lel\u0151tt\u00e9k.<br \/>\n    A terrorfenyeget\u00e9seket elemz\u0151 belga k\u00f6zpont (OCAM) ezt k\u00f6vet\u0151en k\u00f6z\u00f6lte, az eset ellen\u00e9re sem emelik az orsz\u00e1gos terrork\u00e9sz\u00fclts\u00e9g szintj\u00e9t.<br \/>\n    A liege-i t\u00e1mad\u00e1st, ahogy 2015-\u00f6s p\u00e1rizsi \u00e9s a 2016-os br\u00fcsszeli mer\u00e9nyleteket is az Iszl\u00e1m \u00c1llam dzsihadista szervezet v\u00e1llalta mag\u00e1ra.(MTI)<\/p>\n","protected":false},"excerpt":{"rendered":"<p>Belgiumban szeptembert\u0151l fokozatosan megsz\u00fcntetik a katon\u00e1k utc\u00e1kon, metr\u00f3- \u00e9s vas\u00fat\u00e1llom\u00e1sokon teljes\u00edtett j\u00e1r\u0151r\u00f6z\u00e9s\u00e9t, hely\u00fcket a rend\u0151rs\u00e9g \u00e9s m\u00e1s biztons\u00e1gi szolg\u00e1latok veszik \u00e1t &#8211; k\u00f6z\u00f6lte h\u00e9tf\u0151n a La Libre Belgique c\u00edm\u0171 napilap.<\/p>\n","protected":false},"author":1,"featured_media":0,"comment_status":"closed","ping_status":"open","sticky":false,"template":"","format":"standard","meta":[],"categories":[12],"tags":[],"_links":{"self":[{"href":"https:\/\/gazdasagportal.hu\/index.php\/wp-json\/wp\/v2\/posts\/108115"}],"collection":[{"href":"https:\/\/gazdasagportal.hu\/index.php\/wp-json\/wp\/v2\/posts"}],"about":[{"href":"https:\/\/gazdasagportal.hu\/index.php\/wp-json\/wp\/v2\/types\/post"}],"author":[{"embeddable":true,"href":"https:\/\/gazdasagportal.hu\/index.php\/wp-json\/wp\/v2\/users\/1"}],"replies":[{"embeddable":true,"href":"https:\/\/gazdasagportal.hu\/index.php\/wp-json\/wp\/v2\/comments?post=108115"}],"version-history":[{"count":1,"href":"https:\/\/gazdasagportal.hu\/index.php\/wp-json\/wp\/v2\/posts\/108115\/revisions"}],"predecessor-version":[{"id":108116,"href":"https:\/\/gazdasagportal.hu\/index.php\/wp-json\/wp\/v2\/posts\/108115\/revisions\/108116"}],"wp:attachment":[{"href":"https:\/\/gazdasagportal.hu\/index.php\/wp-json\/wp\/v2\/media?parent=108115"}],"wp:term":[{"taxonomy":"category","embeddable":true,"href":"https:\/\/gazdasagportal.hu\/index.php\/wp-json\/wp\/v2\/categories?post=108115"},{"taxonomy":"post_tag","embeddable":true,"href":"https:\/\/gazdasagportal.hu\/index.php\/wp-json\/wp\/v2\/tags?post=108115"}],"curies":[{"name":"wp","href":"https:\/\/api.w.org\/{rel}","templated":true}]}}