{"id":108113,"date":"2018-08-20T09:28:29","date_gmt":"2018-08-20T07:28:29","guid":{"rendered":"http:\/\/gazdasagportal.hu\/?p=108113"},"modified":"2018-08-20T09:28:29","modified_gmt":"2018-08-20T07:28:29","slug":"a-magyar-iparszovetseg-komplex-munkabiztonsagi-es-munkaegeszsegugyi-fejlesztest-inditott","status":"publish","type":"post","link":"https:\/\/gazdasagportal.hu\/index.php\/a-magyar-iparszovetseg-komplex-munkabiztonsagi-es-munkaegeszsegugyi-fejlesztest-inditott\/","title":{"rendered":"A Magyar Iparsz\u00f6vets\u00e9g komplex munkabiztons\u00e1gi \u00e9s munkaeg\u00e9szs\u00e9g\u00fcgyi fejleszt\u00e9st ind\u00edtott"},"content":{"rendered":"<p><strong>A Magyar Iparsz\u00f6vets\u00e9g (OKISZ) munkabiztons\u00e1gi \u00e9s munkaeg\u00e9szs\u00e9g\u00fcgyi komplex fejleszt\u00e9si programot ind\u00edtott munkav\u00e1llal\u00f3i partnerszervezetek bevon\u00e1s\u00e1val, a t\u00f6bb al\u00e1gazatot is \u00e9rint\u0151 projektek 2019 m\u00e1jus v\u00e9g\u00e9n fejez\u0151dnek be, a tapasztalatok alapj\u00e1n javaslatot tesznek a hat\u00e9konyabb munkav\u00e9delemhez, munkaeg\u00e9szs\u00e9g\u00fcgyh\u00f6z sz\u00fcks\u00e9ges l\u00e9p\u00e9sekre &#8211; k\u00f6z\u00f6lte Vad\u00e1sz Gy\u00f6rgy, a Magyar Iparsz\u00f6vets\u00e9g eln\u00f6ke az MTI-vel.<\/strong><!--more--><\/p>\n<div class=\"ads-in-post1\"><div id=\"gazdasagportal.hu_fullbanner_wideboard\"><\/div>\r\n<\/div>\n<p>    A munkabiztons\u00e1gi \u00e9s munkaeg\u00e9szs\u00e9g\u00fcgyi komplex fejleszt\u00e9si program a Gazdas\u00e1gfejleszt\u00e9si \u00e9s Innov\u00e1ci\u00f3s Operat\u00edv Programban  (Ginop) val\u00f3sul meg konzorciumi form\u00e1ban.<br \/>\n    A konzorciumot vezet\u0151 szervezet, a Magyar Iparsz\u00f6vets\u00e9g eln\u00f6ke hangs\u00falyozta, szeretn\u00e9k el\u00e9rni, hogy javuljon a munkahelyi l\u00e9gk\u00f6r, a termel\u00e9kenys\u00e9g, a hat\u00e9konys\u00e1g, cs\u00f6kkenjenek az eg\u00e9szs\u00e9g\u00fcgyi \u00e9s t\u00e1rsadalombiztos\u00edt\u00e1si k\u00f6lts\u00e9gek, biztons\u00e1gosabb\u00e1 tegy\u00e9k a munkahelyeket fizikai \u00e9s ment\u00e1lis szempontb\u00f3l.<br \/>\n<div class=\"ads-in-post2\"><script async src=\"https:\/\/pagead2.googlesyndication.com\/pagead\/js\/adsbygoogle.js\"><\/script>\r\n<ins class=\"adsbygoogle\"\r\n     style=\"display:block\"\r\n     data-ad-format=\"fluid\"\r\n     data-ad-layout-key=\"-6t+ed+2i-1n-4w\"\r\n     data-ad-client=\"ca-pub-1959107119989764\"\r\n     data-ad-slot=\"4008251320\"><\/ins>\r\n<script>\r\n     (adsbygoogle = window.adsbygoogle || []).push({});\r\n<\/script><\/div>\n    Vad\u00e1sz Gy\u00f6rgy ismertette, hogy a Munk\u00e1stan\u00e1csok Orsz\u00e1gos Sz\u00f6vets\u00e9g\u00e9vel (MOSZ) k\u00f6z\u00f6s, \u00e9lelmiszer- \u00e9s italgy\u00e1rt\u00e1st \u00e9rint\u0151 projektre 122 milli\u00f3 forint t\u00e1mogat\u00e1st ford\u00edtanak, az inform\u00e1ci\u00f3, kommunik\u00e1ci\u00f3, p\u00e9nz\u00fcgy, biztos\u00edt\u00e1si tev\u00e9kenys\u00e9g, ingatlan\u00fcgyek ter\u00fcleten dolgoz\u00f3knak sz\u00f3l\u00f3 programra pedig 78 milli\u00f3 forint t\u00e1mogat\u00e1st haszn\u00e1lnak fel, a fafeldolgoz\u00e1st, fonott\u00e1ru gy\u00e1rt\u00e1st, pap\u00edrgy\u00e1rt\u00e1st, nyomdai tev\u00e9kenys\u00e9get, b\u00fatorgy\u00e1rt\u00e1st \u00e9rint\u0151 munkabiztons\u00e1gi \u00e9s munkaeg\u00e9szs\u00e9g\u00fcgyi projektre 103,9 milli\u00f3 forint t\u00e1mogat\u00e1s \u00e1ll rendelkez\u00e9sre.<br \/>\n    Az adminisztrat\u00edv szolg\u00e1ltat\u00e1st, m\u0171v\u00e9szetet, sz\u00f3rakoztat\u00e1st \u00e9s szabadid\u0151 tev\u00e9kenys\u00e9get tartalmaz\u00f3 ter\u00fcleten a Szakszervezetek Egy\u00fcttm\u0171k\u00f6d\u00e9si F\u00f3rum\u00e1val (SZEF) egy\u00fcttm\u0171k\u00f6dve mintegy 90 milli\u00f3 forintot sz\u00e1nnak &#8211; k\u00f6z\u00f6lte Vad\u00e1sz Gy\u00f6rgy.<br \/>\n    A Magyar Iparsz\u00f6vets\u00e9g eln\u00f6ke p\u00e9ldak\u00e9nt eml\u00edtette, hogy a komplex fejleszt\u00e9si projektekben t\u00f6bbi k\u00f6z\u00f6tt specifikus k\u00e9pz\u00e9seket szerveznek, kutat\u00e1sokat v\u00e9geznek, munkav\u00e9delmi k\u00e9pvisel\u0151knek k\u00e9pz\u00e9si tananyagot dolgoznak ki, fejlesztik az online munkav\u00e9delmi \u00e9s munkaeg\u00e9szs\u00e9g\u00fcgyi eszk\u00f6z\u00f6ket, t\u00e1j\u00e9koztat\u00f3 kiadv\u00e1nyokat jelentetnek meg, rendezv\u00e9nyeket tartanak, honlap k\u00e9sz\u00edt\u00e9s\u00e9t seg\u00edtik.<br \/>\n    A megval\u00f3sul\u00f3 program j\u00f3 p\u00e9ld\u00e1ja a munkav\u00e1llal\u00f3i \u00e9rdekek megjelen\u00edt\u00e9s\u00e9nek, k\u00e9pviselet\u00e9nek \u00fagy, hogy a korm\u00e1ny, a munkaad\u00f3k \u00e9s munkav\u00e1llal\u00f3k egy\u00fctt tudnak eredm\u00e9nyt el\u00e9rni &#8211; tette hozz\u00e1 az iparsz\u00f6vets\u00e9g eln\u00f6ke.<br \/>\n(MTI)<\/p>\n","protected":false},"excerpt":{"rendered":"<p>A Magyar Iparsz\u00f6vets\u00e9g (OKISZ) munkabiztons\u00e1gi \u00e9s munkaeg\u00e9szs\u00e9g\u00fcgyi komplex fejleszt\u00e9si programot ind\u00edtott munkav\u00e1llal\u00f3i partnerszervezetek bevon\u00e1s\u00e1val, a t\u00f6bb al\u00e1gazatot is \u00e9rint\u0151 projektek 2019 m\u00e1jus v\u00e9g\u00e9n fejez\u0151dnek be, a tapasztalatok alapj\u00e1n javaslatot tesznek a hat\u00e9konyabb munkav\u00e9delemhez, munkaeg\u00e9szs\u00e9g\u00fcgyh\u00f6z sz\u00fcks\u00e9ges l\u00e9p\u00e9sekre &#8211; k\u00f6z\u00f6lte Vad\u00e1sz Gy\u00f6rgy, a Magyar Iparsz\u00f6vets\u00e9g eln\u00f6ke az MTI-vel.<\/p>\n","protected":false},"author":1,"featured_media":0,"comment_status":"closed","ping_status":"open","sticky":false,"template":"","format":"standard","meta":[],"categories":[19],"tags":[],"_links":{"self":[{"href":"https:\/\/gazdasagportal.hu\/index.php\/wp-json\/wp\/v2\/posts\/108113"}],"collection":[{"href":"https:\/\/gazdasagportal.hu\/index.php\/wp-json\/wp\/v2\/posts"}],"about":[{"href":"https:\/\/gazdasagportal.hu\/index.php\/wp-json\/wp\/v2\/types\/post"}],"author":[{"embeddable":true,"href":"https:\/\/gazdasagportal.hu\/index.php\/wp-json\/wp\/v2\/users\/1"}],"replies":[{"embeddable":true,"href":"https:\/\/gazdasagportal.hu\/index.php\/wp-json\/wp\/v2\/comments?post=108113"}],"version-history":[{"count":1,"href":"https:\/\/gazdasagportal.hu\/index.php\/wp-json\/wp\/v2\/posts\/108113\/revisions"}],"predecessor-version":[{"id":108114,"href":"https:\/\/gazdasagportal.hu\/index.php\/wp-json\/wp\/v2\/posts\/108113\/revisions\/108114"}],"wp:attachment":[{"href":"https:\/\/gazdasagportal.hu\/index.php\/wp-json\/wp\/v2\/media?parent=108113"}],"wp:term":[{"taxonomy":"category","embeddable":true,"href":"https:\/\/gazdasagportal.hu\/index.php\/wp-json\/wp\/v2\/categories?post=108113"},{"taxonomy":"post_tag","embeddable":true,"href":"https:\/\/gazdasagportal.hu\/index.php\/wp-json\/wp\/v2\/tags?post=108113"}],"curies":[{"name":"wp","href":"https:\/\/api.w.org\/{rel}","templated":true}]}}