{"id":108097,"date":"2018-08-18T10:18:47","date_gmt":"2018-08-18T08:18:47","guid":{"rendered":"http:\/\/gazdasagportal.hu\/?p=108097"},"modified":"2018-08-18T10:18:47","modified_gmt":"2018-08-18T08:18:47","slug":"tobb-mint-60-filmet-vetitenek-a-budapesti-klasszikus-film-maratonon","status":"publish","type":"post","link":"https:\/\/gazdasagportal.hu\/index.php\/tobb-mint-60-filmet-vetitenek-a-budapesti-klasszikus-film-maratonon\/","title":{"rendered":"T\u00f6bb mint 60 filmet vet\u00edtenek a Budapesti Klasszikus Film Maratonon"},"content":{"rendered":"<p><strong>T\u00f6bb mint 60 filmet vet\u00edtenek a Budapesti Klasszikus Film Maratonon, amelyet szeptember 4. \u00e9s 9. k\u00f6z\u00f6tt m\u00e1sodik alkalommal rendeznek meg a f\u0151v\u00e1ros mellett Egerben \u00e9s Gy\u0151rben is.<\/strong><!--more--><\/p>\n<div class=\"ads-in-post1\"><div id=\"gazdasagportal.hu_fullbanner_wideboard\"><\/div>\r\n<\/div>\n<p>A szervez\u0151k k\u00f6zl\u00e9se szerint a hatnapos esem\u00e9ny kiemelt vend\u00e9ge lesz Claudia Cardinale, Klaus Maria Brandauer \u00e9s Jean-Marc Barr sz\u00edn\u00e9sz.<br \/>\nA f\u0151v\u00e1rosi Toldi moziban, az Ur\u00e1nia Nemzeti Filmsz\u00ednh\u00e1zban \u00e9s a Francia Int\u00e9zetben, valamint Egerben \u00e9s Gy\u0151rben zajl\u00f3 sorozat szeptember 4-\u00e9n egy eg\u00e9sznapos filmes workshoppal \u00e9s konferenci\u00e1val kezd\u0151dik, amelyen a digit\u00e1lis restaur\u00e1l\u00e1s \u00e9s a film a k\u00f6zoktat\u00e1sban t\u00e9m\u00e1j\u00e1t j\u00e1rj\u00e1k k\u00f6r\u00fcl szak\u00e9rt\u0151k a Francia Int\u00e9zetben. A programon jelen lesznek az eur\u00f3pai filmarch\u00edvumok vezet\u0151i is.<br \/>\nA nyit\u00f3est programja a restaur\u00e1lt Mephisto g\u00e1lavet\u00edt\u00e9se lesz az Ur\u00e1ni\u00e1ban Szab\u00f3 Istv\u00e1n rendez\u0151 \u00e9s Klaus Maria Brandauer sz\u00edn\u00e9sz jelenl\u00e9t\u00e9ben. A programban szerepelnek Szab\u00f3 Istv\u00e1n m\u00e1s restaur\u00e1lt m\u0171vei is, k\u00f6zt\u00fck az Apa vagy a Szerelmesfilm \u00e9s a Ralph Fiennes f\u0151szerepl\u00e9s\u00e9vel k\u00e9sz\u00fclt 1999-es A Napf\u00e9ny \u00edze is.<\/p>\n<p><strong>R\u00e9szletes Program:\u00a0<a href=\"http:\/\/filmarchiv.hu\/pdf\/viewer.html?id=890&amp;name=BKFM+2018+program_0816.pdf\" target=\"_blank\" rel=\"noopener noreferrer\">http:\/\/filmarchiv.hu\/pdf\/viewer.html?id=890&amp;name=BKFM+2018+program_0816.pdf<\/a><\/strong><\/p><div id=\"gazda-4026321470\" class=\"gazda-tartalomban gazda-entity-placement\"><script async src=\"https:\/\/pagead2.googlesyndication.com\/pagead\/js\/adsbygoogle.js\"><\/script>\r\n<ins class=\"adsbygoogle\"\r\n     style=\"display:block\"\r\n     data-ad-format=\"fluid\"\r\n     data-ad-layout-key=\"-6t+ed+2i-1n-4w\"\r\n     data-ad-client=\"ca-pub-1959107119989764\"\r\n     data-ad-slot=\"4008251320\"><\/ins>\r\n<script>\r\n     (adsbygoogle = window.adsbygoogle || []).push({});\r\n<\/script><\/div>\n<p>A hat napos esem\u00e9nyen jelen lesz az eur\u00f3pai filmm\u0171v\u00e9szet egyik legnagyobb d\u00edv\u00e1ja, Claudia Cardinale, hogy tal\u00e1lkozzon a k\u00f6z\u00f6ns\u00e9ggel az Ur\u00e1nia moziban, Luchino Visconti A p\u00e1rduc c\u00edm\u0171 filmj\u00e9nek vet\u00edt\u00e9se alkalm\u00e1val.<br \/>\nA Szent Istv\u00e1n Bazilika el\u0151tti szabadt\u00e9ri vet\u00edt\u00e9sen lesz l\u00e1that\u00f3 Szab\u00f3 Istv\u00e1n 1992-es, Glenn Close f\u0151szerepl\u00e9s\u00e9vel forgatott Tal\u00e1lkoz\u00e1s V\u00e9nusszal c\u00edm\u0171 alkot\u00e1sa, valamint Federico Fellini 8 \u00e9s f\u00e9l c\u00edm\u0171 filmje is, amely el\u0151tt Claudia Cardinale \u00fcdv\u00f6zli a k\u00f6z\u00f6ns\u00e9get. Itt vet\u00edtik A nagy k\u00e9ks\u00e9get is, a f\u0151szerepl\u0151 Jean-Marc Barr jelenl\u00e9t\u00e9ben, valamint Ridley Scott monument\u00e1lis P\u00e1rbajh\u0151s\u00f6k c\u00edm\u0171 munk\u00e1j\u00e1t, Harvey Keitel amerikai sz\u00edn\u00e9sz f\u0151szerepl\u00e9s\u00e9vel.<br \/>\n<div class=\"ads-in-post2\"><script async src=\"https:\/\/pagead2.googlesyndication.com\/pagead\/js\/adsbygoogle.js\"><\/script>\r\n<ins class=\"adsbygoogle\"\r\n     style=\"display:block\"\r\n     data-ad-format=\"fluid\"\r\n     data-ad-layout-key=\"-6t+ed+2i-1n-4w\"\r\n     data-ad-client=\"ca-pub-1959107119989764\"\r\n     data-ad-slot=\"4008251320\"><\/ins>\r\n<script>\r\n     (adsbygoogle = window.adsbygoogle || []).push({});\r\n<\/script><\/div>\nA fesztiv\u00e1lon f\u00f3kuszba ker\u00fclnek a filmm\u0171v\u00e9szetben alkot\u00f3 n\u0151k is, az els\u0151 filmrendez\u0151n\u0151r\u0151l, Alice Guy-Blach\u00e9r\u00f3l \u00e9s az osztr\u00e1k-magyar sz\u00e1rmaz\u00e1s\u00fa vil\u00e1gszt\u00e1r, Hedy Lamarr-r\u00f3l k\u00e9sz\u00fclt dokumentumfilmek, valamint M\u00e9sz\u00e1ros M\u00e1rta \u0150k ketten c\u00edm\u0171 munk\u00e1j\u00e1nak bemutat\u00e1s\u00e1val.<br \/>\nA m\u0171sorban szerepelnek n\u00e9mafilmek is \u00e9l\u0151 zenei k\u00eds\u00e9rettel: G.W. Pabst Pandora szelenc\u00e9je c\u00edm\u0171 alkot\u00e1sa, amelynek t\u00e1rsforgat\u00f3k\u00f6nyv\u00edr\u00f3ja a magyar Vajda L\u00e1szl\u00f3 volt, vagy Ill\u00e9s Jen\u0151 Mania c\u00edm\u0171 n\u00e9met-lengyel koprodukci\u00f3ban k\u00e9sz\u00fclt filmje Pola Negrivel a f\u0151szerepben. Korda S\u00e1ndor 100 \u00e9vvel ezel\u0151tt forgatott Az arany ember c\u00edm\u0171 filmj\u00e9nek restaur\u00e1lt v\u00e1ltozata pedig premiervet\u00edt\u00e9sen lesz l\u00e1that\u00f3.<br \/>\nAz anim\u00e1ci\u00f3s filmek k\u00f6z\u00fcl Jankovics Marcell fel\u00faj\u00edtott J\u00e1nos vit\u00e9z\u00e9t, Richly Zsolt \u00e9s Jankovics Marcell H\u00e1ry J\u00e1nos\u00e1t, John Halas (Hal\u00e1sz J\u00e1nos) \u00c1llatfarmj\u00e1t vet\u00edtik egy anim\u00e1ci\u00f3s r\u00f6vidfilmes blokk mellett, amelyben t\u00f6bbek k\u00f6zt az Oscar-d\u00edjas A l\u00e9gy c\u00edm\u0171 filmet \u00e9s a frissen restaur\u00e1lt Macskafog\u00f3t is levet\u00edtik.<br \/>\nKatinka Farag\u00f3, Ingmar Bergman munkat\u00e1rsa, producere Szab\u00f3 Istv\u00e1nnal besz\u00e9lget a k\u00f6z\u00f6ns\u00e9g el\u0151tt Ingmar Bergmanr\u00f3l, majd a rendez\u0151 A var\u00e1zsfuvola c\u00edm\u0171 Mozart-filmj\u00e9t t\u0171zik m\u0171sorra. A Filmarch\u00edvum \u00e9s a Filmalap Fast Forward programj\u00e1nak k\u00f6z\u00f6s szervez\u00e9s\u00e9ben Katinka Farag\u00f3 produceri mesterkurzust is tart, amelynek t\u00e9m\u00e1ja Bergman Fanny \u00e9s Alexander c\u00edm\u0171 alkot\u00e1sa lesz.<br \/>\nEgy blokk az Osztr\u00e1k-Magyar Monarchia 1918-as \u00f6sszeoml\u00e1sa ut\u00e1n \u00e9ppen sz\u00e1z \u00e9vvel a k\u00f6z\u00e9p-eur\u00f3pai &#8222;titok&#8221; nyom\u00e1ba ered. A k\u00f6z\u00e9ppontban A Grand Budapest Hotel \u00e1ll \u00e9s azok a K\u00f6z\u00e9p-Eur\u00f3p\u00e1hoz k\u00f6thet\u0151 hollywoodi filmek, amelyek Wes Anderson alkot\u00e1sait inspir\u00e1lt\u00e1k.<br \/>\nA cannes-i fesztiv\u00e1l klasszikus szekci\u00f3j\u00e1nak munk\u00e1ja el\u0151tt is tiszteleg a program egy b\u0151vebb v\u00e1logat\u00e1ssal. Ebben szerepel Stanley Kubrick 2001: \u0170rod\u00fcsszeia, Randal Kleiser Grease \u00e9s Billy Wilder A leg\u00e9nylak\u00e1s c\u00edm\u0171 filmje, Vittorio de Sic\u00e1t\u00f3l a Biciklitolvajok \u00e9s a fel\u00faj\u00edtott Sz\u00e9d\u00fcl\u00e9s Alfred Hitchcockt\u00f3l.<br \/>\nMindezek mellett Milos Forman Amadeusa, Ernst Lubitsch \u00f6r\u00f6kz\u00f6ldjei, a Volt egyszer egy vadnyugat, el\u0151ad\u00e1sok a 3D t\u00f6rt\u00e9net\u00e9r\u0151l a sz\u00e1zadel\u0151t\u0151l napjainkig \u00e9s m\u00e9g sok m\u00e1s program is v\u00e1rja az \u00e9rdekl\u0151d\u0151ket. Eger v\u00e1rosa is megrendezi ezzel egy id\u0151ben az Egri Klasszikus Film Maratont \u00e9s Gy\u0151rben is bemutatj\u00e1k a budapesti program n\u00e9h\u00e1ny filmj\u00e9t &#8211; \u00edrt\u00e1k a t\u00e1j\u00e9koztat\u00f3ban.(MTI)<br \/>\n<strong>R\u00e9szletes Program:\u00a0<a href=\"http:\/\/filmarchiv.hu\/pdf\/viewer.html?id=890&amp;name=BKFM+2018+program_0816.pdf\" target=\"_blank\" rel=\"noopener noreferrer\">http:\/\/filmarchiv.hu\/pdf\/viewer.html?id=890&amp;name=BKFM+2018+program_0816.pdf<\/a><\/strong><\/p>\n<p><strong>Facebook esem\u00e9ny:<\/strong>\u00a0<strong><a href=\"https:\/\/www.facebook.com\/events\/816735555174278\/\" target=\"_blank\" rel=\"noopener noreferrer\">https:\/\/www.facebook.com\/events\/816735555174278\/<\/a><\/strong><\/p>\n","protected":false},"excerpt":{"rendered":"<p>T\u00f6bb mint 60 filmet vet\u00edtenek a Budapesti Klasszikus Film Maratonon, amelyet szeptember 4. \u00e9s 9. k\u00f6z\u00f6tt m\u00e1sodik alkalommal rendeznek meg a f\u0151v\u00e1ros mellett Egerben \u00e9s Gy\u0151rben is.<\/p>\n","protected":false},"author":1,"featured_media":0,"comment_status":"closed","ping_status":"open","sticky":false,"template":"","format":"standard","meta":[],"categories":[4],"tags":[],"_links":{"self":[{"href":"https:\/\/gazdasagportal.hu\/index.php\/wp-json\/wp\/v2\/posts\/108097"}],"collection":[{"href":"https:\/\/gazdasagportal.hu\/index.php\/wp-json\/wp\/v2\/posts"}],"about":[{"href":"https:\/\/gazdasagportal.hu\/index.php\/wp-json\/wp\/v2\/types\/post"}],"author":[{"embeddable":true,"href":"https:\/\/gazdasagportal.hu\/index.php\/wp-json\/wp\/v2\/users\/1"}],"replies":[{"embeddable":true,"href":"https:\/\/gazdasagportal.hu\/index.php\/wp-json\/wp\/v2\/comments?post=108097"}],"version-history":[{"count":1,"href":"https:\/\/gazdasagportal.hu\/index.php\/wp-json\/wp\/v2\/posts\/108097\/revisions"}],"predecessor-version":[{"id":108098,"href":"https:\/\/gazdasagportal.hu\/index.php\/wp-json\/wp\/v2\/posts\/108097\/revisions\/108098"}],"wp:attachment":[{"href":"https:\/\/gazdasagportal.hu\/index.php\/wp-json\/wp\/v2\/media?parent=108097"}],"wp:term":[{"taxonomy":"category","embeddable":true,"href":"https:\/\/gazdasagportal.hu\/index.php\/wp-json\/wp\/v2\/categories?post=108097"},{"taxonomy":"post_tag","embeddable":true,"href":"https:\/\/gazdasagportal.hu\/index.php\/wp-json\/wp\/v2\/tags?post=108097"}],"curies":[{"name":"wp","href":"https:\/\/api.w.org\/{rel}","templated":true}]}}