{"id":108094,"date":"2018-08-18T08:14:18","date_gmt":"2018-08-18T06:14:18","guid":{"rendered":"http:\/\/gazdasagportal.hu\/?p=108094"},"modified":"2018-08-18T08:14:18","modified_gmt":"2018-08-18T06:14:18","slug":"hitelminosites-leminositette-torokorszagot-a-standard-poors-es-a-moodys-az-sp-recessziot-var","status":"publish","type":"post","link":"https:\/\/gazdasagportal.hu\/index.php\/hitelminosites-leminositette-torokorszagot-a-standard-poors-es-a-moodys-az-sp-recessziot-var\/","title":{"rendered":"Hitelmin\u0151s\u00edt\u00e9s &#8211; Lemin\u0151s\u00edtette T\u00f6r\u00f6korsz\u00e1got a Standard &#038; Poor&#8217;s \u00e9s a Moody&#8217;s, az S&#038;P recesszi\u00f3t v\u00e1r"},"content":{"rendered":"<p><strong>Lemin\u0151s\u00edtette T\u00f6r\u00f6korsz\u00e1g eddig sem befektet\u00e9si aj\u00e1nl\u00e1s\u00fa \u00e1llamad\u00f3s-besorol\u00e1s\u00e1t k\u00e9t nemzetk\u00f6zi hitelmin\u0151s\u00edt\u0151, a Standard &#038; Poor&#8217;s \u00e9s a Moody&#8217;s Investors Service, egyar\u00e1nt els\u0151sorban azzal a v\u00e1rakoz\u00e1sukkal indokolva a l\u00e9p\u00e9st, hogy a t\u00f6r\u00f6k l\u00edra legut\u00f3bbi sz\u00e9ls\u0151s\u00e9ges \u00e1rfolyam-kileng\u00e9sei \u00e9s az ebb\u0151l ered\u0151, v\u00e1rhat\u00f3an meredek \u00edv\u0171 fizet\u00e9sim\u00e9rleg-mozg\u00e1sok kikezdik a t\u00f6r\u00f6k gazdas\u00e1g alapjait.<\/strong><!--more--><\/p>\n<div class=\"ads-in-post1\"><div id=\"gazdasagportal.hu_fullbanner_wideboard\"><\/div>\r\n<\/div>\n<p>    Az S&#038;P j\u00f6v\u0151re recesszi\u00f3val sz\u00e1mol T\u00f6r\u00f6korsz\u00e1gban.<br \/>\n    A Standard &#038; Poor&#8217;s glob\u00e1lis min\u0151s\u00edt\u00e9si r\u00e9szlege (S&#038;P Global Ratings) p\u00e9ntek \u00e9jjel Londonban bejelentette, hogy T\u00f6r\u00f6korsz\u00e1g hossz\u00fa futam\u00fa szuver\u00e9n devizaad\u00f3ss\u00e1gnak oszt\u00e1lyzat\u00e1t az eddigi &#8222;BB m\u00ednusz&#8221;-r\u00f3l egy fokozattal &#8222;B plusz&#8221;-ra, a helyi valut\u00e1ban fenn\u00e1ll\u00f3 hossz\u00fa t\u00e1v\u00fa t\u00f6r\u00f6k szuver\u00e9n k\u00f6telezetts\u00e9gek besorol\u00e1s\u00e1t ugyancsak egy osztattal &#8222;BB&#8221;-r\u0151l &#8222;BB m\u00ednusz&#8221;-ra rontotta.<br \/>\n    Az \u00faj oszt\u00e1lyzatok kil\u00e1t\u00e1sa stabil.<br \/>\n    Indokl\u00e1s\u00e1ban a c\u00e9g kiemelte, hogy a t\u00f6r\u00f6k l\u00edra sz\u00e9ls\u0151s\u00e9ges \u00e1rfolyammozg\u00e1saira a korm\u00e1ny eddig csak korl\u00e1tozott szakpolitikai l\u00e9p\u00e9sekkel v\u00e1laszolt.<br \/>\n<div class=\"ads-in-post2\"><script async src=\"https:\/\/pagead2.googlesyndication.com\/pagead\/js\/adsbygoogle.js\"><\/script>\r\n<ins class=\"adsbygoogle\"\r\n     style=\"display:block\"\r\n     data-ad-format=\"fluid\"\r\n     data-ad-layout-key=\"-6t+ed+2i-1n-4w\"\r\n     data-ad-client=\"ca-pub-1959107119989764\"\r\n     data-ad-slot=\"4008251320\"><\/ins>\r\n<script>\r\n     (adsbygoogle = window.adsbygoogle || []).push({});\r\n<\/script><\/div>\n    Az S&#038;P hangs\u00falyozza, hogy a t\u00f6r\u00f6k l\u00edra az \u00e9v eleje \u00f3ta 38 sz\u00e1zal\u00e9kkal gyeng\u00fclt a doll\u00e1rral szemben, \u00e9s ennek az \u00e9rt\u00e9kveszt\u00e9snek csaknem a fele az elm\u00falt k\u00e9t h\u00e9tben ment v\u00e9gbe. Mindek\u00f6zben az \u00e9ves szint\u0171 infl\u00e1ci\u00f3 j\u00faliusban csaknem 16 sz\u00e1zal\u00e9kra gyorsult.<br \/>\n    A hitelmin\u0151s\u00edt\u0151 k\u00f6z\u00f6lte: azzal sz\u00e1mol, hogy a kialakult helyzetben a t\u00f6r\u00f6k hazai \u00f6sszterm\u00e9k (GDP) j\u00f6v\u0151re re\u00e1l\u00e9rt\u00e9ken 0,5 sz\u00e1zal\u00e9kkal cs\u00f6kken.<br \/>\n    A c\u00e9g hozz\u00e1teszi ugyanakkor, hogy ez m\u00e9rs\u00e9kelt visszaes\u00e9st jelentene a kor\u00e1bbi t\u00f6r\u00f6k p\u00e9nz\u00fcgyi v\u00e1ls\u00e1gokhoz k\u00e9pest: 2001-ben a t\u00f6r\u00f6k gazdas\u00e1g teljes\u00edtm\u00e9nye 6 sz\u00e1zal\u00e9kkal, 2009-ben 4,7 sz\u00e1zal\u00e9kkal zuhant.<br \/>\n    A Standard &#038; Poor&#8217;s szerint ez\u00fattal a versenyk\u00e9pesebb\u00e9 v\u00e1lt t\u00f6r\u00f6k \u00e1ruk \u00e9s szolg\u00e1ltat\u00e1sok k\u00fcls\u0151 kereslete 2009-t\u0151l elt\u00e9r\u0151en v\u00e1rhat\u00f3an viszonylag er\u0151teljes marad.<br \/>\n    A Moody&#8217;s az eddigi &#8222;Ba2&#8221;-r\u0151l &#8222;Ba3&#8221;-ra rontotta a hossz\u00fa t\u00e1v\u00fa t\u00f6r\u00f6k besorol\u00e1st, amelyre egyidej\u0171leg tov\u00e1bbi lemin\u0151s\u00edt\u00e9s lehet\u0151s\u00e9g\u00e9re utal\u00f3 negat\u00edv kil\u00e1t\u00e1st is adott.<br \/>\n    A Moody&#8217;s is kiemeli indokl\u00e1s\u00e1ban, hogy a t\u00f6r\u00f6k l\u00edra az \u00e9v eleje \u00f3ta csaknem 40 sz\u00e1zal\u00e9kkal gyeng\u00fclt a doll\u00e1rral szemben, a fogyaszt\u00f3i szint\u0171 \u00e9ves infl\u00e1ci\u00f3 pedig az \u00e9v elej\u00e9hez k\u00e9pest t\u00f6bb mint 5 sz\u00e1zal\u00e9kpontos megugr\u00e1ssal 15,85 sz\u00e1zal\u00e9kra &#8211; m\u00e1sf\u00e9l \u00e9vtizede nem m\u00e9rt \u00fctemre &#8211; gyorsult a m\u00falt h\u00f3napban.<br \/>\n    A Moody&#8217;s hangs\u00falyozza, hogy romlanak a hazai finansz\u00edroz\u00e1si kond\u00edci\u00f3k: a t\u00f6r\u00f6k \u00e1llampap\u00edr-hozamok augusztus k\u00f6zep\u00e9re 20 sz\u00e1zal\u00e9k f\u00f6l\u00e9 emelkedtek.<br \/>\n    A t\u00f6r\u00f6k bankok m\u00e9g hozz\u00e1f\u00e9rnek ugyan a nemzetk\u00f6zi bankk\u00f6zi finansz\u00edroz\u00e1si piachoz, a p\u00e9nz\u00fcgyi kond\u00edci\u00f3k feszesebb\u00e9 v\u00e1l\u00e1sa \u00e9s a t\u00f6r\u00f6k l\u00edra gyeng\u00fcl\u00e9se azonban er\u0151s\u00f6d\u0151 nyom\u00e1st gyakorol a t\u00f6r\u00f6k devizaad\u00f3sokra &#8211; \u00e1ll a Moody&#8217;s elemz\u00e9s\u00e9ben.<br \/>\n    A m\u00falt h\u00f3napban a harmadik nagy nemzetk\u00f6zi hitelmin\u0151s\u00edt\u0151, a Fitch Ratings is lemin\u0151s\u00edtette T\u00f6r\u00f6korsz\u00e1got, szint\u00e9n azzal a v\u00e9lem\u00e9ny\u00e9vel indokolva a l\u00e9p\u00e9st, hogy a t\u00f6r\u00f6k makrogazdas\u00e1gi stabilit\u00e1sra egyre nagyobb kock\u00e1zatot jelent a foly\u00f3m\u00e9rleg-hi\u00e1ny n\u00f6veked\u00e9se, a roml\u00f3 k\u00fcls\u0151 glob\u00e1lis finansz\u00edroz\u00e1si k\u00f6rnyezet, az infl\u00e1ci\u00f3 megugr\u00e1sa \u00e9s a t\u00f6r\u00f6k valuta zuhan\u00e1sszer\u0171 gyeng\u00fcl\u00e9s\u00e9nek hat\u00e1sa a nagy ad\u00f3ss\u00e1gt\u00f6meggel terhelt mag\u00e1nszektorra.<br \/>\n    A Fitch az addigi &#8222;BB plusz&#8221;-r\u00f3l egy fokozattal &#8222;BB&#8221;-re rontotta T\u00f6r\u00f6korsz\u00e1g hossz\u00fa futamidej\u0171 devizaad\u00f3ss\u00e1g\u00e1nak besorol\u00e1s\u00e1t. A c\u00e9g az \u00faj oszt\u00e1lyzaton is tov\u00e1bbi lemin\u0151s\u00edt\u00e9s lehet\u0151s\u00e9g\u00e9re utal\u00f3 negat\u00edv kil\u00e1t\u00e1st hagyott \u00e9rv\u00e9nyben.<br \/>\n    A Fitch &#8222;BB&#8221; besorol\u00e1sa k\u00e9t fokozattal, a Moody&#8217;s &#8222;Ba3&#8221; min\u0151s\u00edt\u00e9se h\u00e1rom fokozattal, az S&#038;P \u00e1ltal ugyancsak p\u00e9nteken meg\u00e1llap\u00edtott &#8222;B plusz&#8221; n\u00e9gy fokozattal marad el a befektet\u00e9si aj\u00e1nl\u00e1s\u00fa oszt\u00e1lyzati s\u00e1v alapszintj\u00e9nek tekintett &#8222;BBB m\u00ednusz&#8221; min\u0151s\u00edt\u00e9st\u0151l.<br \/>\n(MTI)<\/p>\n","protected":false},"excerpt":{"rendered":"<p>Lemin\u0151s\u00edtette T\u00f6r\u00f6korsz\u00e1g eddig sem befektet\u00e9si aj\u00e1nl\u00e1s\u00fa \u00e1llamad\u00f3s-besorol\u00e1s\u00e1t k\u00e9t nemzetk\u00f6zi hitelmin\u0151s\u00edt\u0151, a Standard &#038; Poor&#8217;s \u00e9s a Moody&#8217;s Investors Service, egyar\u00e1nt els\u0151sorban azzal a v\u00e1rakoz\u00e1sukkal indokolva a l\u00e9p\u00e9st, hogy a t\u00f6r\u00f6k l\u00edra legut\u00f3bbi sz\u00e9ls\u0151s\u00e9ges \u00e1rfolyam-kileng\u00e9sei \u00e9s az ebb\u0151l ered\u0151, v\u00e1rhat\u00f3an meredek \u00edv\u0171 fizet\u00e9sim\u00e9rleg-mozg\u00e1sok kikezdik a t\u00f6r\u00f6k gazdas\u00e1g alapjait.<\/p>\n","protected":false},"author":1,"featured_media":0,"comment_status":"closed","ping_status":"open","sticky":false,"template":"","format":"standard","meta":[],"categories":[246],"tags":[],"_links":{"self":[{"href":"https:\/\/gazdasagportal.hu\/index.php\/wp-json\/wp\/v2\/posts\/108094"}],"collection":[{"href":"https:\/\/gazdasagportal.hu\/index.php\/wp-json\/wp\/v2\/posts"}],"about":[{"href":"https:\/\/gazdasagportal.hu\/index.php\/wp-json\/wp\/v2\/types\/post"}],"author":[{"embeddable":true,"href":"https:\/\/gazdasagportal.hu\/index.php\/wp-json\/wp\/v2\/users\/1"}],"replies":[{"embeddable":true,"href":"https:\/\/gazdasagportal.hu\/index.php\/wp-json\/wp\/v2\/comments?post=108094"}],"version-history":[{"count":1,"href":"https:\/\/gazdasagportal.hu\/index.php\/wp-json\/wp\/v2\/posts\/108094\/revisions"}],"predecessor-version":[{"id":108095,"href":"https:\/\/gazdasagportal.hu\/index.php\/wp-json\/wp\/v2\/posts\/108094\/revisions\/108095"}],"wp:attachment":[{"href":"https:\/\/gazdasagportal.hu\/index.php\/wp-json\/wp\/v2\/media?parent=108094"}],"wp:term":[{"taxonomy":"category","embeddable":true,"href":"https:\/\/gazdasagportal.hu\/index.php\/wp-json\/wp\/v2\/categories?post=108094"},{"taxonomy":"post_tag","embeddable":true,"href":"https:\/\/gazdasagportal.hu\/index.php\/wp-json\/wp\/v2\/tags?post=108094"}],"curies":[{"name":"wp","href":"https:\/\/api.w.org\/{rel}","templated":true}]}}