{"id":108090,"date":"2018-08-17T23:13:27","date_gmt":"2018-08-17T21:13:27","guid":{"rendered":"http:\/\/gazdasagportal.hu\/?p=108090"},"modified":"2018-08-18T08:15:37","modified_gmt":"2018-08-18T06:15:37","slug":"hitelminosites-megerositette-a-magyar-allamados-besorolasokat-a-standard-poors","status":"publish","type":"post","link":"https:\/\/gazdasagportal.hu\/index.php\/hitelminosites-megerositette-a-magyar-allamados-besorolasokat-a-standard-poors\/","title":{"rendered":"Hitelmin\u0151s\u00edt\u00e9s &#8211; Meger\u0151s\u00edtette a magyar \u00e1llamad\u00f3s-besorol\u00e1sokat a Standard &#038; Poor&#8217;s"},"content":{"rendered":"<p><strong>Meger\u0151s\u00edtette Magyarorsz\u00e1g hossz\u00fa \u00e9s r\u00f6vid futamidej\u0171, deviz\u00e1ban \u00e9s forintban fenn\u00e1ll\u00f3 \u00e1llamad\u00f3ss\u00e1g-k\u00f6telezetts\u00e9geinek &#8222;BBB m\u00ednusz\/A-3&#8221; szint\u0171, befektet\u00e9si aj\u00e1nl\u00e1s\u00fa besorol\u00e1s\u00e1t p\u00e9nteken a Standard &#038; Poor&#8217;s. A nemzetk\u00f6zi p\u00e9nz\u00fcgyi szolg\u00e1ltat\u00f3 csoport glob\u00e1lis min\u0151s\u00edt\u00e9si r\u00e9szlege (S&#038;P Global Ratings) p\u00e9ntek \u00e9jjel Londonban bejelentette azt is, hogy a magyar szuver\u00e9n oszt\u00e1lyzatra v\u00e1ltozatlan pozit\u00edv kil\u00e1t\u00e1s \u00e9rv\u00e9nyes.<\/strong><!--more--><\/p>\n<div class=\"ads-in-post1\"><div id=\"gazdasagportal.hu_fullbanner_wideboard\"><\/div>\r\n<\/div>\n<p>    Az S&#038;P &#8211; a t\u00f6bbi hitelmin\u0151s\u00edt\u0151h\u00f6z hasonl\u00f3an &#8211; 2016-ban min\u0151s\u00edtette fel Magyarorsz\u00e1got a befektet\u00e9sre aj\u00e1nlott kateg\u00f3ri\u00e1ba, \u00e9s a besorol\u00e1sokra \u00e9ppen egy \u00e9ve, tavaly augusztus \u00f3ta tartja \u00e9rv\u00e9nyben a tov\u00e1bbi felmin\u0151s\u00edt\u00e9s t\u00e1vlati lehet\u0151s\u00e9g\u00e9re utal\u00f3 pozit\u00edv kil\u00e1t\u00e1st.<br \/>\n    A c\u00e9g azonban az idei \u00e9vre \u00f6ssze\u00e1ll\u00edtott hivatalos menetrendje alapj\u00e1n 2018-ban m\u00e1r nem veszi napirendre a magyar \u00e1llamad\u00f3ss\u00e1g-oszt\u00e1lyzatok fel\u00fclvizsg\u00e1lat\u00e1t, \u00edgy a magyar szuver\u00e9n oszt\u00e1lyzat m\u00f3dos\u00edt\u00e1sa az S&#038;P Global Ratings r\u00e9sz\u00e9r\u0151l legk\u00f6zelebb 2019-ben v\u00e1lhat esed\u00e9kess\u00e9.<br \/>\n    A besorol\u00e1s p\u00e9nteki meger\u0151s\u00edt\u00e9s\u00e9hez f\u0171z\u00f6tt elemz\u00e9s\u00e9ben a Standard &#038; Poor&#8217;s kiemelte: az oszt\u00e1lyzat pozit\u00edv kil\u00e1t\u00e1sa t\u00fckr\u00f6zi az er\u0151teljes gazdas\u00e1gi n\u00f6veked\u00e9st \u00e9s a k\u00fcls\u0151 teljes\u00edtm\u00e9nyt, valamint a p\u00e9nz\u00fcgyi szektor \u00e1llapot\u00e1nak javul\u00e1s\u00e1t.<br \/>\n    A hitelmin\u0151s\u00edt\u0151 k\u00f6z\u00f6lte: a k\u00f6vetkez\u0151 12 h\u00f3napban jav\u00edthatja a magyar \u00e1llamad\u00f3s-besorol\u00e1st, ha a magyar gazdas\u00e1g teljes\u00edtm\u00e9nye tov\u00e1bbra is meghaladja a legt\u00f6bb t\u00e9rs\u00e9gbeli orsz\u00e1g\u00e9t, \u00e9s ha a korm\u00e1ny k\u00e9pes lesz a v\u00e1ltoz\u00f3 k\u00fcls\u0151 kond\u00edci\u00f3khoz igaz\u00edtani a szakpolitikai elegyet, \u00fagy, hogy az hozz\u00e1j\u00e1ruljon a foly\u00f3m\u00e9rleg-t\u00f6bblet fennmarad\u00e1s\u00e1hoz \u00e9s az \u00e1llamh\u00e1ztart\u00e1si hi\u00e1ny kord\u00e1ban tart\u00e1s\u00e1hoz.<br \/>\n    Az S&#038;P szerint ugyancsak felmin\u0151s\u00edt\u00e9shez vezethet, ha gyorsul a j\u00f6vedelmi konvergencia az EU-\u00e1tlaghoz.<br \/>\n<div class=\"ads-in-post2\"><script async src=\"https:\/\/pagead2.googlesyndication.com\/pagead\/js\/adsbygoogle.js\"><\/script>\r\n<ins class=\"adsbygoogle\"\r\n     style=\"display:block\"\r\n     data-ad-format=\"fluid\"\r\n     data-ad-layout-key=\"-6t+ed+2i-1n-4w\"\r\n     data-ad-client=\"ca-pub-1959107119989764\"\r\n     data-ad-slot=\"4008251320\"><\/ins>\r\n<script>\r\n     (adsbygoogle = window.adsbygoogle || []).push({});\r\n<\/script><\/div>\n    Az elemz\u00e9s szerint ugyanakkor a c\u00e9g stabilra veheti vissza a magyar oszt\u00e1lyzati kil\u00e1t\u00e1st, ha a nem teljes\u00edt\u0151 kinnlev\u0151s\u00e9g-\u00e1llom\u00e1ny cs\u00f6kken\u00e9s\u00e9nek folyamata megfordul, vagy ha a nyitott magyar gazdas\u00e1got v\u00e1ratlan k\u00fcls\u0151 sokk \u00e9ri. Negat\u00edv min\u0151s\u00edt\u00e9si l\u00e9p\u00e9st eredm\u00e9nyezhet az is, ha gyeng\u00fclne a magyar k\u00f6zfinansz\u00edroz\u00e1si helyzet, vagy ha c\u00e9g \u00fagy l\u00e1tja, hogy tov\u00e1bb gyeng\u00fcl az int\u00e9zm\u00e9nyrendszer, bele\u00e9rtve Magyarorsz\u00e1g \u00e9s az EU kapcsolatrendszer\u00e9t, \u00e9s ebb\u0151l k\u00f6lts\u00e9gvet\u00e9si kock\u00e1zatok eredn\u00e9nek.<br \/>\n    Az EU \u00e1ltal Magyarorsz\u00e1g ellen ind\u00edtott legut\u00f3bbi k\u00f6telezetts\u00e9gszeg\u00e9si elj\u00e1r\u00e1sok a k\u00e9toldal\u00fa kapcsolatok destabiliz\u00e1l\u00f3d\u00e1s\u00e1nak kock\u00e1zat\u00e1val j\u00e1rnak, \u00e9s ez al\u00e1\u00e1shatja a mag\u00e1nbefektet\u0151i szektor bizalm\u00e1t &#8211; v\u00e9lekedik p\u00e9nteki elemz\u00e9s\u00e9ben az S&#038;P.<br \/>\n    A hitelmin\u0151s\u00edt\u0151 k\u00f6z\u00f6lte ugyanakkor, hogy a magyar gazdas\u00e1gban az id\u00e9n is er\u0151teljes, &#8222;legal\u00e1bb 4 sz\u00e1zal\u00e9kos&#8221; ciklikus re\u00e1ln\u00f6veked\u00e9st v\u00e1r. A c\u00e9g szerint a magyar hazai \u00f6sszterm\u00e9k (GDP) imm\u00e1r hatodik \u00e9ve tart\u00f3 n\u00f6veked\u00e9s\u00e9nek f\u0151 hajt\u00f3ereje a re\u00e1lb\u00e9rek \u00e9s a munkapiaci helyzet er\u0151s\u00f6d\u00e9s\u00e9b\u0151l ered\u0151, gyorsul\u00f3 hazai kereslet.<br \/>\n    Ehhez j\u00e1rul a k\u00f6lts\u00e9gvet\u00e9si \u00f6szt\u00f6nz\u00e9s, a minim\u00e1lb\u00e9rek n\u00f6veked\u00e9se, az Eur\u00f3pai Uni\u00f3 struktur\u00e1lis \u00e9s koh\u00e9zi\u00f3s foly\u00f3s\u00edt\u00e1sainak jelent\u0151s n\u00f6veked\u00e9se, a hazai hitelkihelyez\u00e9s &#8222;r\u00e9g\u00f3ta v\u00e1rt&#8221; \u00e9l\u00e9nk\u00fcl\u00e9se, \u00e9s eg\u00e9szen mostan\u00e1ig az eur\u00f3\u00f6vezeti kereslet er\u0151s\u00f6d\u00e9se.<br \/>\n    Az S&#038;P Global Ratings szerint ugyanakkor a magyar gazdas\u00e1gban most m\u00e1r kezdenek megjelenni a t\u00falf\u0171t\u00f6tts\u00e9g jelei is. A munkapiaci helyzet rendk\u00edv\u00fcl feszes, \u00e9s csaknem az \u00f6sszes \u00e1gazatb\u00f3l munkaer\u0151hi\u00e1nyr\u00f3l \u00e9rkeznek besz\u00e1mol\u00f3k, ez pedig az ut\u00f3bbi n\u00e9h\u00e1ny \u00e9vben gyorsul\u00f3 b\u00e9rn\u00f6veked\u00e9st eredm\u00e9nyezett.<br \/>\n    A folyamatos minim\u00e1lb\u00e9r-emel\u00e9sekkel egy\u00fctt mindez az egys\u00e9gnyi term\u00e9k\u00e9rt\u00e9kre jut\u00f3 munkak\u00f6lts\u00e9g gyors &#8211; sz\u00e1mos t\u00e9rs\u00e9gbeli orsz\u00e1g \u00fctem\u00e9t meghalad\u00f3 &#8211; emelked\u00e9s\u00e9hez vezetett, b\u00e1r ezt a hat\u00e1st eddig enyh\u00edtette a t\u00e1rsadalombiztos\u00edt\u00e1si hozz\u00e1j\u00e1rul\u00e1s \u00e9s a t\u00e1rsas\u00e1gi ad\u00f3 cs\u00f6kkent\u00e9se &#8211; \u00e1ll az S&#038;P elemz\u00e9s\u00e9ben.<br \/>\n    A c\u00e9g szerint azonban ha e folyamatokra nem lesznek hat\u00e1rozott termel\u00e9kenys\u00e9gjav\u00edt\u00f3 szakpolitikai v\u00e1laszl\u00e9p\u00e9sek, a magyar gazdas\u00e1g esetleges elh\u00faz\u00f3d\u00f3 t\u00falf\u0171t\u00f6tts\u00e9ge gyeng\u00edtheti Magyarorsz\u00e1g k\u00fcls\u0151 versenyk\u00e9pess\u00e9g\u00e9t \u00e9s fizet\u00e9sim\u00e9rleg-teljes\u00edtm\u00e9ny\u00e9t.<br \/>\n    Az S&#038;P Global Ratings k\u00f6z\u00f6lte: alapeseti el\u0151rejelz\u00e9si forgat\u00f3k\u00f6nyve szerint a magyar hazai \u00f6sszterm\u00e9k n\u00f6veked\u00e9se hosszabb t\u00e1von a magyar gazdas\u00e1g n\u00f6veked\u00e9si potenci\u00e1lj\u00e1nak szintj\u00e9re m\u00e9rs\u00e9kl\u0151dik. A c\u00e9g becsl\u00e9se szerint ez a potenci\u00e1lis \u00fctem 2-2,5 sz\u00e1zal\u00e9k k\u00f6r\u00fcl lehet.<br \/>\n    A hitelmin\u0151s\u00edt\u0151 szerint ez a v\u00e1rakoz\u00e1s t\u00fckr\u00f6zi a magyar gazdas\u00e1g el\u0151tt \u00e1ll\u00f3 szerkezeti n\u00f6veked\u00e9si kih\u00edv\u00e1sokat, k\u00f6zt\u00fck a rossz demogr\u00e1fiai helyzetet, amelyet tov\u00e1bb ront a nett\u00f3 kiv\u00e1ndorl\u00e1s. Ez ut\u00f3bbi jelens\u00e9g r\u00e9szbeni oka a c\u00e9g v\u00e9lem\u00e9nye szerint az, hogy a magyar korm\u00e1ny vonakodik a migr\u00e1ns munkaer\u0151 befogad\u00e1s\u00e1t\u00f3l.<br \/>\n    A c\u00e9g v\u00e1rakoz\u00e1sa szerint ugyanakkor tov\u00e1bb javul a magyar monet\u00e1ris politika transzmisszi\u00f3s csatorn\u00e1j\u00e1nak m\u0171k\u00f6d\u00e9se, \u00e9s ennek r\u00e9v\u00e9n jelent\u0151sen cs\u00f6kken a kereskedelmi ingatlanszektorban a nem teljes\u00edt\u0151 k\u00f6vetel\u00e9s\u00e1llom\u00e1ny. Ebben a helyzetben er\u0151sen val\u00f3sz\u00edn\u0171 a mag\u00e1nszektorbeli hitelkihelyez\u00e9s tart\u00f3s tov\u00e1bbi n\u00f6veked\u00e9se.<br \/>\n    A Standard &#038; Poor&#8217;s kiemeli, hogy jelent\u0151s a hat\u00e1sa a jegybank hitelez\u00e9s-\u00f6szt\u00f6nz\u0151 c\u00e9l\u00fa programj\u00e1nak is.<br \/>\n    Az id\u00e9n k\u00e9t m\u00e1sik hitelmin\u0151s\u00edt\u0151 programj\u00e1ban szerepel m\u00e9g a magyar \u00e1llamad\u00f3s-besorol\u00e1s egy-egy fel\u00fclvizsg\u00e1lata. Legk\u00f6zelebb &#8211; k\u00e9t h\u00e9t m\u00falva, augusztus 31-\u00e9n &#8211; a Fitch Ratings vizsg\u00e1lati napt\u00e1r\u00e1ban szerepel a magyar \u00e1llamad\u00f3ss\u00e1g-oszt\u00e1lyzat. A Moody&#8217;s Investors Service novemberben vizsg\u00e1lja Magyarorsz\u00e1got.<br \/>\n    A h\u00e1rom piacvezet\u0151 nemzetk\u00f6zi hitelmin\u0151s\u00edt\u0151 az id\u00e9n \u00f6sszesen hat id\u0151pontot t\u0171z\u00f6tt ki a magyar \u00e1llamad\u00f3s-besorol\u00e1sok vizsg\u00e1lat\u00e1ra, de az eddigi id\u0151pontokban egyik\u00fck sem jelentett be m\u00f3dos\u00edt\u00e1sokat. \u00cdgy mindh\u00e1rman tov\u00e1bbra is a befektet\u00e9si aj\u00e1nl\u00e1s\u00fa s\u00e1v alapszintj\u00e9n, azonos &#8222;BBB m\u00ednusz\/Baa3&#8221; besorol\u00e1ssal tartj\u00e1k nyilv\u00e1n Magyarorsz\u00e1got, a Fitch szint\u00e9n pozit\u00edv, a Moody&#8217;s stabil kil\u00e1t\u00e1s mellett.<br \/>\n(MTI)<\/p>\n","protected":false},"excerpt":{"rendered":"<p>Meger\u0151s\u00edtette Magyarorsz\u00e1g hossz\u00fa \u00e9s r\u00f6vid futamidej\u0171, deviz\u00e1ban \u00e9s forintban fenn\u00e1ll\u00f3 \u00e1llamad\u00f3ss\u00e1g-k\u00f6telezetts\u00e9geinek &#8222;BBB m\u00ednusz\/A-3&#8221; szint\u0171, befektet\u00e9si aj\u00e1nl\u00e1s\u00fa besorol\u00e1s\u00e1t p\u00e9nteken a Standard &#038; Poor&#8217;s. A nemzetk\u00f6zi p\u00e9nz\u00fcgyi szolg\u00e1ltat\u00f3 csoport glob\u00e1lis min\u0151s\u00edt\u00e9si r\u00e9szlege (S&#038;P Global Ratings) p\u00e9ntek \u00e9jjel Londonban bejelentette azt is, hogy a magyar szuver\u00e9n oszt\u00e1lyzatra v\u00e1ltozatlan pozit\u00edv kil\u00e1t\u00e1s \u00e9rv\u00e9nyes.<\/p>\n","protected":false},"author":1,"featured_media":0,"comment_status":"closed","ping_status":"open","sticky":false,"template":"","format":"standard","meta":[],"categories":[4,19],"tags":[],"_links":{"self":[{"href":"https:\/\/gazdasagportal.hu\/index.php\/wp-json\/wp\/v2\/posts\/108090"}],"collection":[{"href":"https:\/\/gazdasagportal.hu\/index.php\/wp-json\/wp\/v2\/posts"}],"about":[{"href":"https:\/\/gazdasagportal.hu\/index.php\/wp-json\/wp\/v2\/types\/post"}],"author":[{"embeddable":true,"href":"https:\/\/gazdasagportal.hu\/index.php\/wp-json\/wp\/v2\/users\/1"}],"replies":[{"embeddable":true,"href":"https:\/\/gazdasagportal.hu\/index.php\/wp-json\/wp\/v2\/comments?post=108090"}],"version-history":[{"count":2,"href":"https:\/\/gazdasagportal.hu\/index.php\/wp-json\/wp\/v2\/posts\/108090\/revisions"}],"predecessor-version":[{"id":108096,"href":"https:\/\/gazdasagportal.hu\/index.php\/wp-json\/wp\/v2\/posts\/108090\/revisions\/108096"}],"wp:attachment":[{"href":"https:\/\/gazdasagportal.hu\/index.php\/wp-json\/wp\/v2\/media?parent=108090"}],"wp:term":[{"taxonomy":"category","embeddable":true,"href":"https:\/\/gazdasagportal.hu\/index.php\/wp-json\/wp\/v2\/categories?post=108090"},{"taxonomy":"post_tag","embeddable":true,"href":"https:\/\/gazdasagportal.hu\/index.php\/wp-json\/wp\/v2\/tags?post=108090"}],"curies":[{"name":"wp","href":"https:\/\/api.w.org\/{rel}","templated":true}]}}