{"id":107959,"date":"2018-08-14T10:26:21","date_gmt":"2018-08-14T08:26:21","guid":{"rendered":"http:\/\/gazdasagportal.hu\/?p=107959"},"modified":"2018-08-14T10:26:21","modified_gmt":"2018-08-14T08:26:21","slug":"itm-a-kormany-az-ipar-szerkezetenek-kiegyensulyozasara-torekszik","status":"publish","type":"post","link":"https:\/\/gazdasagportal.hu\/index.php\/itm-a-kormany-az-ipar-szerkezetenek-kiegyensulyozasara-torekszik\/","title":{"rendered":"ITM: a korm\u00e1ny az ipar szerkezet\u00e9nek kiegyens\u00falyoz\u00e1s\u00e1ra t\u00f6rekszik"},"content":{"rendered":"<p><strong>A korm\u00e1ny az ipar szerkezet\u00e9nek kiegyens\u00falyoz\u00e1s\u00e1ra t\u00f6rekszik &#8211; hangs\u00falyozta Pom\u00e1zi Gyula, az Innov\u00e1ci\u00f3s \u00e9s Technol\u00f3giai Miniszt\u00e9rium (ITM) helyettes \u00e1llamtitk\u00e1ra kedden az M1 aktu\u00e1lis csatorn\u00e1n.<\/strong><!--more--><\/p>\n<div class=\"ads-in-post1\"><div id=\"gazdasagportal.hu_fullbanner_wideboard\"><\/div>\r\n<\/div>\n<p>    Kiemelte, a j\u00faniusi adatok alapj\u00e1n az ipari termel\u00e9sben j\u00f3l teljes\u00edtett az elektronikai mellett a gumiipar, a vegyipar, a f\u00e9malkatr\u00e9szek gy\u00e1rt\u00e1s\u00e1hoz k\u00f6t\u0151d\u0151 al\u00e1gazat, a faipar is.<br \/>\n    A helyettes \u00e1llamtitk\u00e1r szerint a k\u00f6vetkez\u0151 id\u0151szakban az ipar n\u00f6veked\u00e9si dinamik\u00e1ja megmarad, a megrendel\u00e9s\u00e1llom\u00e1nyban ez export oldalon mintegy 13 sz\u00e1zal\u00e9kos, belf\u00f6ld\u00f6n t\u00f6bb mint 10 sz\u00e1zal\u00e9kos n\u00f6veked\u00e9s volt.<br \/>\n    A BMW-gy\u00e1r debreceni \u00e9p\u00edt\u00e9s\u00e9nek bejelent\u00e9se is m\u00e1r a n\u00f6veked\u00e9st seg\u00edt\u0151 \u00faj \u00fczleteket vonz &#8211; tette hozz\u00e1.<br \/>\n    Amennyiben az ipari termel\u00e9s n\u00f6veked\u00e9si tendenci\u00e1ja minden h\u00f3napban 4-5 sz\u00e1zal\u00e9k k\u00f6r\u00fcl marad, akkor a GDP-ben val\u00f3 r\u00e9szar\u00e1nya 26-27 sz\u00e1zal\u00e9kra n\u00f6vekedhet &#8211; mondta.(MTI)<\/p>\n","protected":false},"excerpt":{"rendered":"<p>A korm\u00e1ny az ipar szerkezet\u00e9nek kiegyens\u00falyoz\u00e1s\u00e1ra t\u00f6rekszik &#8211; hangs\u00falyozta Pom\u00e1zi Gyula, az Innov\u00e1ci\u00f3s \u00e9s Technol\u00f3giai Miniszt\u00e9rium (ITM) helyettes \u00e1llamtitk\u00e1ra kedden az M1 aktu\u00e1lis csatorn\u00e1n.<\/p>\n","protected":false},"author":1,"featured_media":0,"comment_status":"closed","ping_status":"open","sticky":false,"template":"","format":"standard","meta":[],"categories":[19],"tags":[],"_links":{"self":[{"href":"https:\/\/gazdasagportal.hu\/index.php\/wp-json\/wp\/v2\/posts\/107959"}],"collection":[{"href":"https:\/\/gazdasagportal.hu\/index.php\/wp-json\/wp\/v2\/posts"}],"about":[{"href":"https:\/\/gazdasagportal.hu\/index.php\/wp-json\/wp\/v2\/types\/post"}],"author":[{"embeddable":true,"href":"https:\/\/gazdasagportal.hu\/index.php\/wp-json\/wp\/v2\/users\/1"}],"replies":[{"embeddable":true,"href":"https:\/\/gazdasagportal.hu\/index.php\/wp-json\/wp\/v2\/comments?post=107959"}],"version-history":[{"count":1,"href":"https:\/\/gazdasagportal.hu\/index.php\/wp-json\/wp\/v2\/posts\/107959\/revisions"}],"predecessor-version":[{"id":107960,"href":"https:\/\/gazdasagportal.hu\/index.php\/wp-json\/wp\/v2\/posts\/107959\/revisions\/107960"}],"wp:attachment":[{"href":"https:\/\/gazdasagportal.hu\/index.php\/wp-json\/wp\/v2\/media?parent=107959"}],"wp:term":[{"taxonomy":"category","embeddable":true,"href":"https:\/\/gazdasagportal.hu\/index.php\/wp-json\/wp\/v2\/categories?post=107959"},{"taxonomy":"post_tag","embeddable":true,"href":"https:\/\/gazdasagportal.hu\/index.php\/wp-json\/wp\/v2\/tags?post=107959"}],"curies":[{"name":"wp","href":"https:\/\/api.w.org\/{rel}","templated":true}]}}