{"id":107913,"date":"2018-08-11T16:15:27","date_gmt":"2018-08-11T14:15:27","guid":{"rendered":"http:\/\/gazdasagportal.hu\/?p=107913"},"modified":"2018-08-11T16:15:27","modified_gmt":"2018-08-11T14:15:27","slug":"spar-nott-a-sajat-markas-termekek-iranti-kereslet","status":"publish","type":"post","link":"https:\/\/gazdasagportal.hu\/index.php\/spar-nott-a-sajat-markas-termekek-iranti-kereslet\/","title":{"rendered":"SPAR: n\u0151tt a saj\u00e1t m\u00e1rk\u00e1s term\u00e9kek ir\u00e1nti kereslet"},"content":{"rendered":"<p><strong>M\u00e1r 2.700 f\u00e9le saj\u00e1t m\u00e1rk\u00e1s \u00e1rucikkb\u0151l v\u00e1logathatnak a v\u00e1s\u00e1rl\u00f3k a SPAR h\u00e1l\u00f3zat\u00e1ban. A k\u00edn\u00e1latot a v\u00e1llalat \u00e9vek \u00f3ta folyamatosan b\u0151v\u00edti, nemcsak mennyis\u00e9g\u00e9ben, hanem \u00f6sszet\u00e9tel\u00e9ben is. Az \u00fczletl\u00e1nc id\u00e9n sz\u00e1mos kateg\u00f3ri\u00e1ban gazdag\u00edtja v\u00e1laszt\u00e9k\u00e1t, \u00edgy \u2013 t\u00f6bbek k\u00f6z\u00f6tt \u2013 n\u0151 a k\u00e9nyelmi \u00e9s eg\u00e9szs\u00e9gtudatos term\u00e9kek sz\u00e1ma. A magas min\u0151s\u00e9g \u00e9s a kedvez\u0151 \u00e1r-\u00e9rt\u00e9k v\u00e1ltozatlanul megmarad, t\u00f6bb esetben meg\u00fajult, informat\u00edvabb csomagol\u00e1sban.<\/strong><!--more--><\/p>\n<div class=\"ads-in-post1\"><div id=\"gazdasagportal.hu_fullbanner_wideboard\"><\/div>\r\n<\/div>\n<p>Magyarorsz\u00e1gon \u2013 hasonl\u00f3an a glob\u00e1lis trendekhez \u2013 jelent\u0151sen v\u00e1ltoznak a fogyaszt\u00f3i szok\u00e1sok. Egyre t\u00f6bb hazai v\u00e1s\u00e1rl\u00f3 r\u00e9szes\u00edti el\u0151nyben a min\u0151s\u00e9gben ugyanolyan, de \u00e1r\u00e1ban kedvez\u0151bb kereskedelmi m\u00e1rk\u00e1s term\u00e9keket. Az \u00e9lelmiszer \u00e9s napi fogyaszt\u00e1si cikkek piac\u00e1n \u00e9vek \u00f3ta folyamatosan n\u0151 a saj\u00e1t m\u00e1rk\u00e1s \u00e1rucikkek kereskedelme, ez\u00e9rt a SPAR is, itthon \u00e9s k\u00fclf\u00f6ld\u00f6n egyar\u00e1nt nagyobb figyelmet ford\u00edt saj\u00e1t m\u00e1rk\u00e1s \u00e1rucikkeinek el\u0151\u00e1ll\u00edt\u00e1s\u00e1ra \u00e9s forgalmaz\u00e1s\u00e1ra.<\/p>\n<p>\u201eA SPAR \u00e1rbev\u00e9tel\u00e9nek 25 sz\u00e1zal\u00e9k\u00e1t adja a saj\u00e1t brand term\u00e9kek kereskedelme, ezen kateg\u00f3ria r\u00e9szar\u00e1nya \u00e9vr\u0151l \u00e9vre n\u00f6vekszik. C\u00e9g\u00fcnk 1997-ben vezette be saj\u00e1t m\u00e1rk\u00e1s term\u00e9keit, a v\u00e1laszt\u00e9k b\u0151v\u00edt\u00e9se huszonegy \u00e9ve folyamatos: ma m\u00e1r 27 term\u00e9kcsal\u00e1dban 2.700 \u00e1rucikk\u00fcnk sorakozik \u00fczleteink polcain\u201d \u2013 mondta Maczelka M\u00e1rk, a SPAR kommunik\u00e1ci\u00f3s vezet\u0151je. Hozz\u00e1tette: \u201eElmondhat\u00f3, hogy minden kateg\u00f3ri\u00e1ban jelen vagyunk saj\u00e1t m\u00e1rk\u00e1kkal, az \u00e1ltal\u00e1nos \u00e9lelmiszerekt\u0151l kezdve az eg\u00e9szs\u00e9gtudatos, illetve a k\u00e9nyelmi term\u00e9keken \u00e1t a h\u00e1ztart\u00e1si \u00e1rucikkekig. Sz\u00fcntelen\u00fcl fejleszt\u00fcnk, v\u00e1s\u00e1rl\u00f3ink sz\u00e1mtalan \u00fajdons\u00e1gra sz\u00e1m\u00edthatnak a saj\u00e1t term\u00e9keinket illet\u0151en is\u201d.<\/p><div id=\"gazda-3359641755\" class=\"gazda-tartalomban gazda-entity-placement\"><script async src=\"https:\/\/pagead2.googlesyndication.com\/pagead\/js\/adsbygoogle.js\"><\/script>\r\n<ins class=\"adsbygoogle\"\r\n     style=\"display:block\"\r\n     data-ad-format=\"fluid\"\r\n     data-ad-layout-key=\"-6t+ed+2i-1n-4w\"\r\n     data-ad-client=\"ca-pub-1959107119989764\"\r\n     data-ad-slot=\"4008251320\"><\/ins>\r\n<script>\r\n     (adsbygoogle = window.adsbygoogle || []).push({});\r\n<\/script><\/div>\n<p>A fejleszt\u00e9sek nem csup\u00e1n a k\u00edn\u00e1lat b\u0151v\u00edt\u00e9s\u00e9re vonatkoznak, hanem annak \u00f6sszet\u00e9tel\u00e9re is. A v\u00e1llalat folyamatosan t\u00f6rekszik az innovat\u00edv megold\u00e1sokra, hogy a v\u00e1ltoz\u00f3 vev\u0151i sz\u00fcks\u00e9gletekre, ig\u00e9nyekre \u00e9s a folyton alakul\u00f3 piaci trendekre gyors v\u00e1lasszal szolg\u00e1ljon.<\/p>\n<p>A SPAR a saj\u00e1t m\u00e1rk\u00e1s term\u00e9kek egyedi \u00e9s eszt\u00e9tikus csomagol\u00e1s\u00e1val igyekszik t\u00e1j\u00e9koztatni a v\u00e1s\u00e1rl\u00f3kat, hogy a tetszet\u0151s, \u2013 az \u00f6sszetev\u0151k tekintet\u00e9ben is \u2013 kell\u0151en informat\u00edv, friss \u00e9s megnyer\u0151 k\u00fcls\u0151 minden esetben a legmagasabb min\u0151s\u00e9get takarja. A v\u00e1llalat 2018-ban h\u00e1rom, nagyobb l\u00e9legzetv\u00e9tel\u0171 term\u00e9k-\u00fajracsomagol\u00e1si kamp\u00e1nyt val\u00f3s\u00edt meg. \u00daj k\u00fcls\u0151t, egyedi designt \u00e9s arculatot kapnak a Regio k\u00e1v\u00e9k \u2013 a SPAR nemzetk\u00f6zi projektje keret\u00e9ben \u2013, a SPAR m\u00e1rkacsal\u00e1d h\u00fask\u00e9sz\u00edtm\u00e9nyei, valamint SPAR tart\u00f3s \u00e9lelmiszerek, mint p\u00e9ld\u00e1ul a konzervek, bef\u0151ttek \u00e9s savany\u00fas\u00e1gok.<\/p>\n<p><strong>T\u00edz\u00e9ves a legkedveltebb saj\u00e1t m\u00e1rka<\/strong><\/p>\n<p>A SPAR S-Budget takar\u00e9kos term\u00e9kcsal\u00e1dja 2008-as bevezet\u00e9se \u00f3ta gyorsan n\u00e9pszer\u0171v\u00e9 v\u00e1lt a v\u00e1s\u00e1rl\u00f3k k\u00f6r\u00e9ben, hiszen rendk\u00edv\u00fcl kedvez\u0151 \u00e1r-\u00e9rt\u00e9k ar\u00e1nyban k\u00edn\u00e1lja a h\u00e1ztart\u00e1sok sz\u00e1m\u00e1ra n\u00e9lk\u00fcl\u00f6zhetetlen \u00e1ruf\u00e9les\u00e9geket, \u00e9s a tart\u00f3san alacsony \u00e1r megb\u00edzhat\u00f3an magas min\u0151s\u00e9ggel t\u00e1rsul. Az id\u00e9n tizedik sz\u00fclet\u00e9snapj\u00e1t \u00fcnnepl\u0151 S-Budget m\u00e1rka term\u00e9kei a SPAR legkeresettebb \u00e1rucikkei k\u00f6z\u00e9 tartoznak, t\u00f6bbek k\u00f6z\u00f6tt kedvelt alapanyagot ny\u00fajtanak a csal\u00e1di f\u0151z\u00e9sekhez. A t\u00f6bbi saj\u00e1t m\u00e1rk\u00e1s term\u00e9kkel egy\u00fctt kit\u0171n\u0151 \u00e9telek alapj\u00e1ul szolg\u00e1lnak a m\u00e1rcius 5-t\u0151l az RTL Klubon l\u00e1that\u00f3 Reggeli c\u00edm\u0171 m\u0171sor Kif\u0151zde rovat\u00e1ban is, amelynek 204 ad\u00e1s\u00e1n kereszt\u00fcl m\u00e1s \u00e9s m\u00e1s h\u00edress\u00e9g ad \u00edzel\u00edt\u0151t konyham\u0171v\u00e9szet\u00e9b\u0151l.<\/p>\n<p><strong>K\u00e9nyelmi term\u00e9kek a rohan\u00f3 h\u00e9tk\u00f6znapokra<\/strong><\/p>\n<p>Az idei term\u00e9kfejleszt\u00e9sek k\u00f6z\u00f6tt el\u0151kel\u0151 helyen szerepel a k\u00e9nyelmi term\u00e9kek v\u00e1laszt\u00e9k\u00e1nak b\u0151v\u00edt\u00e9se. A v\u00e1llalat \u00fcll\u0151i logisztikai k\u00f6zpontj\u00e1nak ter\u00fclet\u00e9n m\u0171k\u00f6d\u0151 SPAR enjoy. convenience \u00fczem meghat\u00e1roz\u00f3 szerepet v\u00e1llal abban, hogy az ak\u00e1r azonnal elfogyaszthat\u00f3, magas min\u0151s\u00e9get k\u00e9pvisel\u0151 hidegkonyhai term\u00e9keket az \u00e1ruh\u00e1zl\u00e1nc \u00fczleteiben megtal\u00e1lj\u00e1k a v\u00e1s\u00e1rl\u00f3k. \u00dcll\u0151n jelenleg t\u00f6bbf\u00e9le kiszerel\u00e9sben 15 f\u00e9le majon\u00e9z alap\u00fa sal\u00e1ta \u00e9s 15 f\u00e9le szendvics k\u00e9sz\u00fcl, de folyamatban van tov\u00e1bbi t\u00f6bb mint 50 k\u00e9nyelmi term\u00e9k \u2013 k\u00f6z\u00f6tt\u00fck sal\u00e1t\u00e1k, k\u00e9sz\u00e9telek \u00e9s desszertek \u2013 fejleszt\u00e9se is. A kib\u0151v\u00edtett SPAR enjoy. saj\u00e1t m\u00e1rk\u00e1s term\u00e9kcsal\u00e1d \u0151sszel v\u00e1lik el\u00e9rhet\u0151v\u00e9 az \u00fczletekben, gyors, ugyanakkor min\u0151s\u00e9gi \u00e9s tartalmas \u00e9tkez\u00e9st biztos\u00edtva a rohan\u00f3 h\u00e9tk\u00f6znapokon.<\/p>\n<p><strong>Saj\u00e1t m\u00e1rk\u00e1s term\u00e9kek seg\u00edtik az eg\u00e9szs\u00e9gtudatos t\u00e1pl\u00e1lkoz\u00e1st<\/strong><\/p>\n<p>Jelent\u0151sen gyarapszik az eg\u00e9szs\u00e9gtudatos \u00e9letm\u00f3dot el\u0151seg\u00edt\u0151 \u00e9lelmiszerek sz\u00e1ma is a SPAR \u00e1ruh\u00e1zaiban. A magyar fogyaszt\u00f3k tudatosabb t\u00e1pl\u00e1lkoz\u00e1s\u00e1hoz olyan saj\u00e1t m\u00e1rk\u00e1s term\u00e9kcsal\u00e1dok j\u00e1rulnak hozz\u00e1, mint a SPAR free from, a SPAR Vital, a SPAR Veggie \u00e9s a SPAR Natur*pur bioterm\u00e9kek. Az ut\u00f3bbi term\u00e9kt\u00edpus id\u00e9n k\u00f6zel f\u00e9lsz\u00e1z \u00e1rucikkel b\u0151v\u00fcl. A kiegyens\u00falyozott \u00e9trendbe tartoz\u00f3 kereskedelmi m\u00e1rk\u00e1k mellett a k\u00fcl\u00f6nlegesebb, vagy speci\u00e1lis t\u00e1pl\u00e1lkoz\u00e1si ig\u00e9nyeknek megfelel\u0151 saj\u00e1t m\u00e1rk\u00e1s \u00e1rucikkek v\u00e1laszt\u00e9ka szint\u00e9n n\u0151 \u2013 csak\u00fagy, mint a kevesebb hozz\u00e1adott cukrot tartalmaz\u00f3 \u00e9telk\u00e9sz\u00edtm\u00e9nyek\u00e9 \u2013, a glut\u00e9n\u00e9rz\u00e9keny \u00e9s lakt\u00f3z intoleranci\u00e1val \u00e9l\u0151 v\u00e1s\u00e1rl\u00f3k p\u00e9ld\u00e1ul egyre t\u00f6bb term\u00e9kkateg\u00f3ri\u00e1ban tal\u00e1lj\u00e1k meg a polcokon a SPAR free from term\u00e9kcsal\u00e1d cikkeit. A garant\u00e1lt \u00e9s ellen\u0151rz\u00f6tt min\u0151s\u00e9get a SPAR szakmai partnereivel \u2013 a Liszt\u00e9rz\u00e9kenyek \u00c9rdekk\u00e9pviselet\u00e9nek Orsz\u00e1gos Egyes\u00fclet\u00e9vel, illetve az Eur\u00f3pai Coeliaki\u00e1s Egyes\u00fcletek Sz\u00f6vets\u00e9g\u00e9vel \u2013 k\u00f6t\u00f6tt licencszerz\u0151d\u00e9sek is biztos\u00edtj\u00e1k, melyeknek k\u00f6sz\u00f6nhet\u0151en a SPAR free from glut\u00e9nmentes term\u00e9keit a csomagol\u00e1son v\u00e9djegyekkel \u00e9s egyedi regisztr\u00e1ci\u00f3s sz\u00e1mokkal l\u00e1tj\u00e1k el.<\/p>\n<p><strong>A magas min\u0151s\u00e9g megfizethet\u0151<\/strong><\/p>\n<p>A megv\u00e1ltozott fogyaszt\u00f3i szok\u00e1sokb\u00f3l ad\u00f3d\u00f3an egyre t\u00f6bb v\u00e1s\u00e1rl\u00f3 v\u00e1lasztja a magasabb min\u0151s\u00e9g\u0171 term\u00e9keket. A pr\u00e9mium \u00e1rucikkek ir\u00e1nti keresletre ny\u00fajt v\u00e1laszt a folyamatosan b\u0151v\u00fcl\u0151 SPAR Pr\u00e9mium term\u00e9kcsal\u00e1d, amely pr\u00e9mium kateg\u00f3ri\u00e1j\u00fa, de el\u00e9rhet\u0151 \u00e1ron kaphat\u00f3 hazai \u00e9s nemzetk\u00f6zi saj\u00e1t m\u00e1rk\u00e1s term\u00e9keket k\u00edn\u00e1l.<\/p>\n","protected":false},"excerpt":{"rendered":"<p>M\u00e1r 2.700 f\u00e9le saj\u00e1t m\u00e1rk\u00e1s \u00e1rucikkb\u0151l v\u00e1logathatnak a v\u00e1s\u00e1rl\u00f3k a SPAR h\u00e1l\u00f3zat\u00e1ban. A k\u00edn\u00e1latot a v\u00e1llalat \u00e9vek \u00f3ta folyamatosan b\u0151v\u00edti, nemcsak mennyis\u00e9g\u00e9ben, hanem \u00f6sszet\u00e9tel\u00e9ben is. Az \u00fczletl\u00e1nc id\u00e9n sz\u00e1mos kateg\u00f3ri\u00e1ban gazdag\u00edtja v\u00e1laszt\u00e9k\u00e1t, \u00edgy \u2013 t\u00f6bbek k\u00f6z\u00f6tt \u2013 n\u0151 a k\u00e9nyelmi \u00e9s eg\u00e9szs\u00e9gtudatos term\u00e9kek sz\u00e1ma. A magas min\u0151s\u00e9g \u00e9s a kedvez\u0151 \u00e1r-\u00e9rt\u00e9k v\u00e1ltozatlanul megmarad, t\u00f6bb esetben &#8230;<\/p>\n","protected":false},"author":1,"featured_media":0,"comment_status":"closed","ping_status":"open","sticky":false,"template":"","format":"standard","meta":[],"categories":[4,19],"tags":[],"_links":{"self":[{"href":"https:\/\/gazdasagportal.hu\/index.php\/wp-json\/wp\/v2\/posts\/107913"}],"collection":[{"href":"https:\/\/gazdasagportal.hu\/index.php\/wp-json\/wp\/v2\/posts"}],"about":[{"href":"https:\/\/gazdasagportal.hu\/index.php\/wp-json\/wp\/v2\/types\/post"}],"author":[{"embeddable":true,"href":"https:\/\/gazdasagportal.hu\/index.php\/wp-json\/wp\/v2\/users\/1"}],"replies":[{"embeddable":true,"href":"https:\/\/gazdasagportal.hu\/index.php\/wp-json\/wp\/v2\/comments?post=107913"}],"version-history":[{"count":1,"href":"https:\/\/gazdasagportal.hu\/index.php\/wp-json\/wp\/v2\/posts\/107913\/revisions"}],"predecessor-version":[{"id":107914,"href":"https:\/\/gazdasagportal.hu\/index.php\/wp-json\/wp\/v2\/posts\/107913\/revisions\/107914"}],"wp:attachment":[{"href":"https:\/\/gazdasagportal.hu\/index.php\/wp-json\/wp\/v2\/media?parent=107913"}],"wp:term":[{"taxonomy":"category","embeddable":true,"href":"https:\/\/gazdasagportal.hu\/index.php\/wp-json\/wp\/v2\/categories?post=107913"},{"taxonomy":"post_tag","embeddable":true,"href":"https:\/\/gazdasagportal.hu\/index.php\/wp-json\/wp\/v2\/tags?post=107913"}],"curies":[{"name":"wp","href":"https:\/\/api.w.org\/{rel}","templated":true}]}}