{"id":107911,"date":"2018-08-11T13:36:00","date_gmt":"2018-08-11T11:36:00","guid":{"rendered":"http:\/\/gazdasagportal.hu\/?p=107911"},"modified":"2018-08-11T13:36:00","modified_gmt":"2018-08-11T11:36:00","slug":"mol-ina-ugy-sajtoertesules-horvatorszag-ujra-kerte-az-interpoltol-a-hernadi-zsolt-elleni-elfogatoparancs-megujitasat","status":"publish","type":"post","link":"https:\/\/gazdasagportal.hu\/index.php\/mol-ina-ugy-sajtoertesules-horvatorszag-ujra-kerte-az-interpoltol-a-hernadi-zsolt-elleni-elfogatoparancs-megujitasat\/","title":{"rendered":"Mol-INA-\u00fcgy &#8211; Sajt\u00f3\u00e9rtes\u00fcl\u00e9s: Horv\u00e1torsz\u00e1g \u00fajra k\u00e9rte az Interpolt\u00f3l a Hern\u00e1di Zsolt elleni elfogat\u00f3parancs meg\u00faj\u00edt\u00e1s\u00e1t"},"content":{"rendered":"<p><strong>A horv\u00e1t rend\u0151rs\u00e9g \u00fajra k\u00e9rte az Interpolt\u00f3l, hogy \u00faj\u00edtsa meg Hern\u00e1di Zsolt, a Mol Nyrt. eln\u00f6k-vez\u00e9rigazgat\u00f3ja ellen kor\u00e1bban kiadott elfogat\u00f3parancsot &#8211; jelentette az N1 horv\u00e1t h\u00edrcsatorna rend\u0151rs\u00e9gi \u00e9rtes\u00fcl\u00e9sekre hivatkozva.<\/strong><!--more--><\/p>\n<div class=\"ads-in-post1\"><div id=\"gazdasagportal.hu_fullbanner_wideboard\"><\/div>\r\n<\/div>\n<p>    A horv\u00e1t rend\u0151rs\u00e9g a k\u00e9relm\u00e9t azzal indokolta, hogy az Eur\u00f3pai Uni\u00f3 B\u00edr\u00f3s\u00e1ga j\u00faliusi d\u00f6nt\u00e9se szerint az uni\u00f3s tag\u00e1llamok igazs\u00e1g\u00fcgyi hat\u00f3s\u00e1gai k\u00f6telesek hat\u00e1rozatot hozni a r\u00e9sz\u00fckre tov\u00e1bb\u00edtott minden eur\u00f3pai elfogat\u00f3parancs \u00fcgy\u00e9ben, annak v\u00e9grehajt\u00e1sa nem tagadhat\u00f3 meg azon az alapon, hogy az \u00fcgy\u00e9szs\u00e9g megsz\u00fcntette a b\u00fcntet\u0151\u00fcgyben folytatott nyomoz\u00e1st, amelynek sor\u00e1n az \u00e9rintettet tan\u00fak\u00e9nt kihallgatt\u00e1k.<br \/>\n    A luxemburgi test\u00fclet \u00edt\u00e9let\u00e9t k\u00f6vet\u0151en a horv\u00e1t sajt\u00f3 \u00fagy \u00e9rtelmezte a d\u00f6nt\u00e9st, hogy Magyarorsz\u00e1gnak ki kell adnia Hern\u00e1di Zsoltot Horv\u00e1torsz\u00e1gnak. Laura Valkovic, Hern\u00e1di horv\u00e1t \u00fcgyv\u00e9dje a horv\u00e1t h\u00edr\u00fcgyn\u00f6ks\u00e9gnek ugyanakkor azt mondta: az Eur\u00f3pai Uni\u00f3 B\u00edr\u00f3s\u00e1ga nem azt mondta ki, hogy Magyarorsz\u00e1gnak ki kell szolg\u00e1ltatnia Hern\u00e1di Zsoltot, a Mol eln\u00f6k-vez\u00e9rigazgat\u00f3j\u00e1t, hanem hogy Horv\u00e1torsz\u00e1g kiadat\u00e1si k\u00e9r\u00e9s\u00e9r\u0151l egy magyar b\u00edr\u00f3s\u00e1gnak kell d\u00f6ntenie.<br \/>\n    A korrupci\u00f3 \u00e9s szervezett b\u0171n\u00f6z\u00e9s elleni horv\u00e1t \u00fcgy\u00e9szs\u00e9g (USKOK) 2013-ban emelt v\u00e1dat Hern\u00e1di Zsolt ellen. Az USKOK szerint a Mol vezet\u0151je 2008 \u00e9s 2009 k\u00f6z\u00f6tt t\u00edzmilli\u00f3 eur\u00f3 ken\u0151p\u00e9nzt adott \u00e1t Ivo Sanader akkori horv\u00e1t korm\u00e1nyf\u0151nek az\u00e9rt, hogy a Mol megszerezhesse az INA horv\u00e1t olajipari v\u00e1llalat ir\u00e1ny\u00edt\u00e1si jogait.<br \/>\n    A Mol Nyrt. \u00e9s Hern\u00e1di Zsolt visszautas\u00edtotta a v\u00e1dakat, lesz\u00f6gezve, hogy soha nem korrump\u00e1ltak egyetlen politikust, \u00e9s nem adtak ken\u0151p\u00e9nzt az INA ir\u00e1ny\u00edt\u00e1si jogainak megszerz\u00e9s\u00e9\u00e9rt.<br \/>\n    A Z\u00e1gr\u00e1b megyei b\u00edr\u00f3s\u00e1g m\u00e9g 2016 december\u00e9ben fordult az Eur\u00f3pai B\u00edr\u00f3s\u00e1hoz, ami\u00e9rt Magyarorsz\u00e1g, N\u00e9metorsz\u00e1g \u00e9s Ausztria nem vette figyelembe a Hern\u00e1di Zsolt ellen kiadott horv\u00e1t elfogat\u00f3parancsot \u00e9s ezzel szerint\u00fck megs\u00e9rtette az uni\u00f3s jogot.<br \/>\n<div class=\"ads-in-post2\"><script async src=\"https:\/\/pagead2.googlesyndication.com\/pagead\/js\/adsbygoogle.js\"><\/script>\r\n<ins class=\"adsbygoogle\"\r\n     style=\"display:block\"\r\n     data-ad-format=\"fluid\"\r\n     data-ad-layout-key=\"-6t+ed+2i-1n-4w\"\r\n     data-ad-client=\"ca-pub-1959107119989764\"\r\n     data-ad-slot=\"4008251320\"><\/ins>\r\n<script>\r\n     (adsbygoogle = window.adsbygoogle || []).push({});\r\n<\/script><\/div>\n    A magyar K\u00f6zponti Nyomoz\u00f3 F\u0151\u00fcgy\u00e9szs\u00e9g nemzetk\u00f6zi kapcsolatban k\u00f6teless\u00e9gszeg\u00e9sre ir\u00e1nyul\u00f3 veszteget\u00e9s b\u0171ntett\u00e9nek gyan\u00faja miatt ismeretlen tettes ellen nyomoz\u00e1st rendelt el 2011 j\u00falius\u00e1ban. A f\u0151\u00fcgy\u00e9szs\u00e9g meg\u00e1llap\u00edtotta, hogy a Mol \u00e9rdek\u00e9ben \u00e9s vezet\u0151i r\u00e9sz\u00e9r\u0151l b\u0171ncselekm\u00e9ny nem val\u00f3sult meg, ez\u00e9rt a nyomoz\u00e1st b\u0171ncselekm\u00e9ny hi\u00e1ny\u00e1ban megsz\u00fcntett\u00e9k.<br \/>\n    A magyar b\u00edr\u00f3s\u00e1g 2013-ban megtagadta Hern\u00e1di Zsolt, a Mol eln\u00f6k-vez\u00e9rigazgat\u00f3j\u00e1nak \u00fcgy\u00e9ben a horv\u00e1t \u00fcgy\u00e9szs\u00e9g \u00e1ltal kibocs\u00e1tott eur\u00f3pai elfogat\u00f3parancs v\u00e9grehajt\u00e1s\u00e1t, mivel \u00e1ll\u00e1spontja szerint az elfogat\u00f3parancsot ugyanabban az \u00fcgyben adt\u00e1k ki, amely miatt kor\u00e1bban m\u00e1r a magyar \u00fcgy\u00e9szs\u00e9g is vizsg\u00e1l\u00f3dott, \u00e9s b\u0171ncselekm\u00e9ny hi\u00e1ny\u00e1ban az elj\u00e1r\u00e1st megsz\u00fcntette.<br \/>\n    A horv\u00e1t alkotm\u00e1nyb\u00edr\u00f3s\u00e1g 2015 j\u00falius\u00e1ban hat\u00e1lyon k\u00edv\u00fcl helyezte az Ivo Sanader volt horv\u00e1t minisztereln\u00f6k b\u00fcntet\u0151\u00fcgy\u00e9ben hozott \u00edt\u00e9letet. A hat\u00e1lyon k\u00edv\u00fcl helyezett \u00edt\u00e9letben r\u00e9szben azzal v\u00e1dolt\u00e1k a kor\u00e1bbi minisztereln\u00f6k\u00f6t, hogy ken\u0151p\u00e9nzt fogadott el az INA-val kapcsolatban.<br \/>\n    A Mol eln\u00f6k-vez\u00e9rigazgat\u00f3ja 2016 okt\u00f3ber\u00e9ben v\u00e9glegesen leker\u00fclt az Interpol k\u00f6r\u00f6z\u00e9si list\u00e1j\u00e1r\u00f3l, mivel a szervezet elutas\u00edtotta a horv\u00e1t \u00e1llamnak azt a k\u00e9r\u00e9s\u00e9t, hogy \u00faj\u00edts\u00e1k meg a Mol vezet\u0151je ellen kiadott elfogat\u00f3parancsot.(MTI)<\/p>\n","protected":false},"excerpt":{"rendered":"<p>A horv\u00e1t rend\u0151rs\u00e9g \u00fajra k\u00e9rte az Interpolt\u00f3l, hogy \u00faj\u00edtsa meg Hern\u00e1di Zsolt, a Mol Nyrt. eln\u00f6k-vez\u00e9rigazgat\u00f3ja ellen kor\u00e1bban kiadott elfogat\u00f3parancsot &#8211; jelentette az N1 horv\u00e1t h\u00edrcsatorna rend\u0151rs\u00e9gi \u00e9rtes\u00fcl\u00e9sekre hivatkozva.<\/p>\n","protected":false},"author":1,"featured_media":0,"comment_status":"closed","ping_status":"open","sticky":false,"template":"","format":"standard","meta":[],"categories":[7,140],"tags":[],"_links":{"self":[{"href":"https:\/\/gazdasagportal.hu\/index.php\/wp-json\/wp\/v2\/posts\/107911"}],"collection":[{"href":"https:\/\/gazdasagportal.hu\/index.php\/wp-json\/wp\/v2\/posts"}],"about":[{"href":"https:\/\/gazdasagportal.hu\/index.php\/wp-json\/wp\/v2\/types\/post"}],"author":[{"embeddable":true,"href":"https:\/\/gazdasagportal.hu\/index.php\/wp-json\/wp\/v2\/users\/1"}],"replies":[{"embeddable":true,"href":"https:\/\/gazdasagportal.hu\/index.php\/wp-json\/wp\/v2\/comments?post=107911"}],"version-history":[{"count":1,"href":"https:\/\/gazdasagportal.hu\/index.php\/wp-json\/wp\/v2\/posts\/107911\/revisions"}],"predecessor-version":[{"id":107912,"href":"https:\/\/gazdasagportal.hu\/index.php\/wp-json\/wp\/v2\/posts\/107911\/revisions\/107912"}],"wp:attachment":[{"href":"https:\/\/gazdasagportal.hu\/index.php\/wp-json\/wp\/v2\/media?parent=107911"}],"wp:term":[{"taxonomy":"category","embeddable":true,"href":"https:\/\/gazdasagportal.hu\/index.php\/wp-json\/wp\/v2\/categories?post=107911"},{"taxonomy":"post_tag","embeddable":true,"href":"https:\/\/gazdasagportal.hu\/index.php\/wp-json\/wp\/v2\/tags?post=107911"}],"curies":[{"name":"wp","href":"https:\/\/api.w.org\/{rel}","templated":true}]}}