{"id":107907,"date":"2018-08-11T08:56:22","date_gmt":"2018-08-11T06:56:22","guid":{"rendered":"http:\/\/gazdasagportal.hu\/?p=107907"},"modified":"2018-08-11T08:56:22","modified_gmt":"2018-08-11T06:56:22","slug":"brexit-a-britek-fele-tartana-szuksegesnek-masodik-nepszavazast-ha-nem-szuletik-megallapodas","status":"publish","type":"post","link":"https:\/\/gazdasagportal.hu\/index.php\/brexit-a-britek-fele-tartana-szuksegesnek-masodik-nepszavazast-ha-nem-szuletik-megallapodas\/","title":{"rendered":"Brexit &#8211; A britek fele tartana sz\u00fcks\u00e9gesnek m\u00e1sodik n\u00e9pszavaz\u00e1st, ha nem sz\u00fcletik meg\u00e1llapod\u00e1s"},"content":{"rendered":"<p><strong>A britek fele n\u00e9pszavaz\u00e1son mondana v\u00e9gs\u0151 sz\u00f3t az Eur\u00f3pai Uni\u00f3b\u00f3l val\u00f3 kil\u00e9p\u00e9sr\u0151l abban az esetben, ha az orsz\u00e1g EU-tags\u00e1ga megsz\u0171n\u00e9s\u00e9r\u0151l sz\u00f3l\u00f3 t\u00e1rgyal\u00e1sok meg\u00e1llapod\u00e1s n\u00e9lk\u00fcl z\u00e1ruln\u00e1nak.<\/strong><!--more--><\/p>\n<div class=\"ads-in-post1\"><div id=\"gazdasagportal.hu_fullbanner_wideboard\"><\/div>\r\n<\/div>\n<p>    A YouGov k\u00f6zv\u00e9lem\u00e9ny-kutat\u00f3 p\u00e9nteken ismertetett felm\u00e9r\u00e9se szerint arra a k\u00e9rd\u00e9sre, hogy ebben az esetben kinek kellene d\u00f6ntenie arr\u00f3l, hogy az Egyes\u00fclt Kir\u00e1lys\u00e1g az Eur\u00f3pai Uni\u00f3ban maradjon-e vagy kil\u00e9pjen, a megk\u00e9rdezettek 50 sz\u00e1zal\u00e9ka v\u00e1laszolta azt, hogy referendumon kellene hat\u00e1rozni a k\u00e9rd\u00e9sr\u0151l. Huszon\u00f6t sz\u00e1zal\u00e9k b\u00edzn\u00e1 a d\u00f6nt\u00e9st a parlamentre.<br \/>\n    &#8222;A v\u00e1laszt\u00f3i \u00fczenet egy\u00e9rtelm\u0171: ha a korm\u00e1ny \u00e9s a parlament nem tudja megoldani a Brexitet, az embereknek kell&#8221; &#8211; fogalmazott Peter Kellner a YouGov kor\u00e1bbi eln\u00f6ke.<br \/>\n    Negyven\u00f6t sz\u00e1zal\u00e9k a t\u00e1rgyal\u00e1sok v\u00e9gkimenetel\u00e9t\u0151l f\u00fcggetlen\u00fcl szeretne m\u00e1sodik n\u00e9pszavaz\u00e1st, 34 sz\u00e1zal\u00e9k ellenzi ezt. Az esetleges m\u00e1sodik n\u00e9pszavaz\u00e1s t\u00e1mogatotts\u00e1ga folyamatosan n\u0151, a korm\u00e1ny \u00e1ltal j\u00falius elej\u00e9n elfogadott \u00e9s az Eur\u00f3pai Uni\u00f3val val\u00f3 j\u00f6v\u0151beni kapcsolatokr\u00f3l sz\u00f3l\u00f3 javaslatcsomag ismertet\u00e9se el\u0151tt m\u00e9g csak 37 sz\u00e1zal\u00e9k, j\u00falius v\u00e9g\u00e9n m\u00e1r 42 sz\u00e1zal\u00e9k tartott sz\u00fcks\u00e9gesnek n\u00e9pszavaz\u00e1st az EU-tags\u00e1g megsz\u0171n\u00e9s\u00e9nek felt\u00e9telrendszer\u00e9r\u0151l.<br \/>\n<div class=\"ads-in-post2\"><script async src=\"https:\/\/pagead2.googlesyndication.com\/pagead\/js\/adsbygoogle.js\"><\/script>\r\n<ins class=\"adsbygoogle\"\r\n     style=\"display:block\"\r\n     data-ad-format=\"fluid\"\r\n     data-ad-layout-key=\"-6t+ed+2i-1n-4w\"\r\n     data-ad-client=\"ca-pub-1959107119989764\"\r\n     data-ad-slot=\"4008251320\"><\/ins>\r\n<script>\r\n     (adsbygoogle = window.adsbygoogle || []).push({});\r\n<\/script><\/div>\n    Az \u00fagynevezett feh\u00e9r k\u00f6nyv j\u00f3val szorosabb kapcsolattart\u00e1st ind\u00edtv\u00e1nyoz az EU-val &#8211; t\u00f6bbek k\u00f6z\u00f6tt szabadkereskedelmi t\u00e9rs\u00e9g l\u00e9trehoz\u00e1s\u00e1t szorgalmazza az \u00e1ruk k\u00e9toldal\u00fa kereskedelm\u00e9ben -, mint amit a kem\u00e9nyvonalas Brexit-t\u00e1bor elfogadhat\u00f3nak tart.<br \/>\n    H\u00e1rom lehet\u0151s\u00e9g k\u00f6z\u00fcl v\u00e1lasztva, miszerint az Egyes\u00fclt Kir\u00e1lys\u00e1g az Eur\u00f3pai Uni\u00f3 tagja marad, meg\u00e1llapod\u00e1s n\u00e9lk\u00fcl sz\u0171nik meg a brit eur\u00f3pai uni\u00f3s tags\u00e1g vagy elfogadj\u00e1k Theresa May minisztereln\u00f6k elk\u00e9pzel\u00e9seit a Brexitr\u0151l, a megk\u00e9rdezettek 40 sz\u00e1zal\u00e9ka a bennmarad\u00e1st, 27 sz\u00e1zal\u00e9ka a meg\u00e1llapod\u00e1s n\u00e9lk\u00fcli kil\u00e9p\u00e9st, 11 sz\u00e1zal\u00e9ka pedig a korm\u00e1ny terveit v\u00e1lasztan\u00e1.<br \/>\n    A napokban Liam Fox k\u00fclkereskedelmi miniszter egy lapinterj\u00faban \u00fagy v\u00e9lekedett, 60 sz\u00e1zal\u00e9k annak az es\u00e9lye, hogy nem j\u00f6n l\u00e9tre meg\u00e1llapod\u00e1s a brit korm\u00e1ny \u00e9s az Eur\u00f3pai Bizotts\u00e1g k\u00f6z\u00f6tt. A felek okt\u00f3berig szeretn\u00e9nek egyezs\u00e9gre jutni, hogy m\u00e9g legyen id\u0151 ratifik\u00e1lni a meg\u00e1llapod\u00e1st.<br \/>\n    Theresa May t\u00f6bbsz\u00f6r is kiz\u00e1rtnak nevezte, hogy \u00fajabb referendumot tartsanak az Egyes\u00fclt Kir\u00e1lys\u00e1gban az EU-tags\u00e1gr\u00f3l. A 2016 j\u00faniusi n\u00e9pszavaz\u00e1son 51,9 sz\u00e1zal\u00e9k voksolt a kil\u00e9p\u00e9sre, 48,1 sz\u00e1zal\u00e9k a tags\u00e1g fenntart\u00e1s\u00e1ra.<br \/>\n    A YouGov felm\u00e9r\u00e9se szerint az emberek 74 sz\u00e1zal\u00e9ka \u00fagy v\u00e9li, rossz ir\u00e1nyba haladnak a Brexit-t\u00e1rgyal\u00e1sok, \u00e9s 68 sz\u00e1zal\u00e9k val\u00f3sz\u00edn\u0171nek tartja, hogy a britek sz\u00e1m\u00e1ra h\u00e1tr\u00e1nyos meg\u00e1llapod\u00e1ssal z\u00e1rul a folyamat.<br \/>\n    A k\u00f6zv\u00e9lem\u00e9ny-kutat\u00f3 c\u00e9g j\u00falius 31. \u00e9s augusztus 7. k\u00f6z\u00f6tt t\u00edzezer ember megk\u00e9rdez\u00e9s\u00e9vel k\u00e9sz\u00edtette a felm\u00e9r\u00e9st a m\u00e1sodik n\u00e9pszavaz\u00e1st szorgalmaz\u00f3 Peolple&#8217;s Vote kamp\u00e1ny megb\u00edz\u00e1s\u00e1b\u00f3l.(MTI)<\/p>\n","protected":false},"excerpt":{"rendered":"<p>A britek fele n\u00e9pszavaz\u00e1son mondana v\u00e9gs\u0151 sz\u00f3t az Eur\u00f3pai Uni\u00f3b\u00f3l val\u00f3 kil\u00e9p\u00e9sr\u0151l abban az esetben, ha az orsz\u00e1g EU-tags\u00e1ga megsz\u0171n\u00e9s\u00e9r\u0151l sz\u00f3l\u00f3 t\u00e1rgyal\u00e1sok meg\u00e1llapod\u00e1s n\u00e9lk\u00fcl z\u00e1ruln\u00e1nak.<\/p>\n","protected":false},"author":1,"featured_media":0,"comment_status":"closed","ping_status":"open","sticky":false,"template":"","format":"standard","meta":[],"categories":[12],"tags":[],"_links":{"self":[{"href":"https:\/\/gazdasagportal.hu\/index.php\/wp-json\/wp\/v2\/posts\/107907"}],"collection":[{"href":"https:\/\/gazdasagportal.hu\/index.php\/wp-json\/wp\/v2\/posts"}],"about":[{"href":"https:\/\/gazdasagportal.hu\/index.php\/wp-json\/wp\/v2\/types\/post"}],"author":[{"embeddable":true,"href":"https:\/\/gazdasagportal.hu\/index.php\/wp-json\/wp\/v2\/users\/1"}],"replies":[{"embeddable":true,"href":"https:\/\/gazdasagportal.hu\/index.php\/wp-json\/wp\/v2\/comments?post=107907"}],"version-history":[{"count":1,"href":"https:\/\/gazdasagportal.hu\/index.php\/wp-json\/wp\/v2\/posts\/107907\/revisions"}],"predecessor-version":[{"id":107908,"href":"https:\/\/gazdasagportal.hu\/index.php\/wp-json\/wp\/v2\/posts\/107907\/revisions\/107908"}],"wp:attachment":[{"href":"https:\/\/gazdasagportal.hu\/index.php\/wp-json\/wp\/v2\/media?parent=107907"}],"wp:term":[{"taxonomy":"category","embeddable":true,"href":"https:\/\/gazdasagportal.hu\/index.php\/wp-json\/wp\/v2\/categories?post=107907"},{"taxonomy":"post_tag","embeddable":true,"href":"https:\/\/gazdasagportal.hu\/index.php\/wp-json\/wp\/v2\/tags?post=107907"}],"curies":[{"name":"wp","href":"https:\/\/api.w.org\/{rel}","templated":true}]}}