{"id":107896,"date":"2018-08-10T14:10:45","date_gmt":"2018-08-10T12:10:45","guid":{"rendered":"http:\/\/gazdasagportal.hu\/?p=107896"},"modified":"2018-08-10T10:41:43","modified_gmt":"2018-08-10T08:41:43","slug":"ksh-19-szazalekkal-nott-az-epitoipar-termelese-az-elso-fel-evben","status":"publish","type":"post","link":"https:\/\/gazdasagportal.hu\/index.php\/ksh-19-szazalekkal-nott-az-epitoipar-termelese-az-elso-fel-evben\/","title":{"rendered":"KSH: 19 sz\u00e1zal\u00e9kkal n\u0151tt az \u00e9p\u00edt\u0151ipar termel\u00e9se az els\u0151 f\u00e9l \u00e9vben"},"content":{"rendered":"<p><strong>J\u00faniusban az \u00e9p\u00edt\u0151ipari termel\u00e9s a nyers adatok szerint 28,2 sz\u00e1zal\u00e9kkal meghaladta az egy \u00e9vvel kor\u00e1bbit a m\u00e1jusi 15,3 sz\u00e1zal\u00e9kos emelked\u00e9s ut\u00e1n. Az el\u0151z\u0151 havihoz m\u00e9rten 7,2 sz\u00e1zal\u00e9kkal emelkedett a szezon\u00e1lisan \u00e9s munkanaphat\u00e1ssal kiigaz\u00edtott termel\u00e9s. <\/strong><!--more--><\/p>\n<div class=\"ads-in-post1\"><div id=\"gazdasagportal.hu_fullbanner_wideboard\"><\/div>\r\n<\/div>\n<p>    Az els\u0151 f\u00e9l \u00e9vben 19,1 sz\u00e1zal\u00e9kos volt az \u00e9p\u00edt\u0151ipari termel\u00e9s n\u00f6veked\u00e9se az el\u0151z\u0151 \u00e9v azonos id\u0151szak\u00e1hoz m\u00e9rve &#8211; jelentette p\u00e9nteken a K\u00f6zponti Statisztikai Hivatal (KSH).<br \/>\n    J\u00faniusban az \u00e9p\u00fcletek \u00e9p\u00edt\u00e9s\u00e9nek volumene 15,2, az egy\u00e9b \u00e9p\u00edtm\u00e9nyek\u00e9 48,8 sz\u00e1zal\u00e9kkal n\u0151tt. Az \u00e9p\u00fcletekn\u00e9l oktat\u00e1si, ipari, kereskedelmi \u00e9s lak\u00f3\u00e9p\u00fcletek \u00e9p\u00edt\u00e9se, az egy\u00e9b \u00e9p\u00edtm\u00e9nyekn\u00e9l tov\u00e1bbra is \u00fat-, vas\u00fat- \u00e9s k\u00f6zm\u0171\u00e9p\u00edt\u00e9sek hozt\u00e1k a n\u00f6veked\u00e9st.<br \/>\n    Az els\u0151 f\u00e9l \u00e9vben 13,9 sz\u00e1zal\u00e9kkal n\u0151tt az \u00e9p\u00fcletek \u00e9p\u00edt\u00e9se \u00e9s 28,0 sz\u00e1zal\u00e9kkal az egy\u00e9b \u00e9p\u00edtm\u00e9nyek\u00e9.<br \/>\n<div class=\"ads-in-post2\"><script async src=\"https:\/\/pagead2.googlesyndication.com\/pagead\/js\/adsbygoogle.js\"><\/script>\r\n<ins class=\"adsbygoogle\"\r\n     style=\"display:block\"\r\n     data-ad-format=\"fluid\"\r\n     data-ad-layout-key=\"-6t+ed+2i-1n-4w\"\r\n     data-ad-client=\"ca-pub-1959107119989764\"\r\n     data-ad-slot=\"4008251320\"><\/ins>\r\n<script>\r\n     (adsbygoogle = window.adsbygoogle || []).push({});\r\n<\/script><\/div>\n    Az \u00e9p\u00edt\u0151ipari v\u00e1llalkoz\u00e1sok j\u00fanius v\u00e9gi szerz\u0151d\u00e9s\u00e1llom\u00e1nya 62,1 sz\u00e1zal\u00e9kkal meghaladta az egy \u00e9vvel kor\u00e1bbit, b\u00e1r az  \u00faj szerz\u0151d\u00e9sek volumene j\u00faniusban mind\u00f6ssze 0,6 sz\u00e1zal\u00e9kkal emelkedett az el\u0151z\u0151 \u00e9v azonos h\u00f3napj\u00e1hoz k\u00e9pest. Az \u00e9p\u00fcletek \u00e9p\u00edt\u00e9s\u00e9re k\u00f6t\u00f6tt \u00faj szerz\u0151d\u00e9sek 12,1 sz\u00e1zal\u00e9kkal elmaradtak a tavaly j\u00faniusi adatt\u00f3l, ezzel egy\u00fctt is a teljes szerz\u0151d\u00e9s\u00e1llom\u00e1ny 7,5 sz\u00e1zal\u00e9kkal volt nagyobb az egy \u00e9vvel kor\u00e1bbin\u00e1l. Az egy\u00e9b \u00e9p\u00edtm\u00e9nyek \u00e9p\u00edt\u00e9s\u00e9re 8,1 sz\u00e1zal\u00e9kkal t\u00f6bb \u00faj szerz\u0151d\u00e9st k\u00f6t\u00f6ttek, ezen bel\u00fcl k\u00fcl\u00f6n\u00f6sen nagy \u00e9rt\u00e9k\u0171eket a k\u00f6zleked\u00e9si infrastrukt\u00fara fejleszt\u00e9s\u00e9re. Ezzel az egy\u00e9b \u00e9p\u00edtm\u00e9nyek j\u00fanius v\u00e9gi szerz\u0151d\u00e9s\u00e1llom\u00e1nya 82,9 sz\u00e1zal\u00e9kkal sz\u00e1rnyalta t\u00fal az egy \u00e9vvel kor\u00e1bbi szintet.<br \/>\n    A m\u00e1sodik negyed\u00e9vben az \u00e9p\u00edt\u0151ipar termel\u0151i \u00e1rai 9,2 sz\u00e1zal\u00e9kkal emelkedtek az el\u0151z\u0151 \u00e9v azonos id\u0151szak\u00e1hoz viszony\u00edtva, az el\u0151z\u0151 negyed\u00e9vin\u00e9l 2,3 sz\u00e1zal\u00e9kkal voltak magasabbak. \u00c9ves \u00f6sszevet\u00e9sben az \u00e9p\u00fcletek \u00e9p\u00edt\u00e9s\u00e9ben 11,7, az egy\u00e9b \u00e9p\u00edtm\u00e9nyek \u00e9p\u00edt\u00e9se vonatkoz\u00e1s\u00e1ban 6,9, a legnagyobb s\u00faly\u00fa, speci\u00e1lis szak\u00e9p\u00edt\u00e9sben 9,3 sz\u00e1zal\u00e9kkal n\u0151ttek az \u00e1rak.(MTI)<\/p>\n","protected":false},"excerpt":{"rendered":"<p>J\u00faniusban az \u00e9p\u00edt\u0151ipari termel\u00e9s a nyers adatok szerint 28,2 sz\u00e1zal\u00e9kkal meghaladta az egy \u00e9vvel kor\u00e1bbit a m\u00e1jusi 15,3 sz\u00e1zal\u00e9kos emelked\u00e9s ut\u00e1n. Az el\u0151z\u0151 havihoz m\u00e9rten 7,2 sz\u00e1zal\u00e9kkal emelkedett a szezon\u00e1lisan \u00e9s munkanaphat\u00e1ssal kiigaz\u00edtott termel\u00e9s.<\/p>\n","protected":false},"author":1,"featured_media":0,"comment_status":"closed","ping_status":"open","sticky":false,"template":"","format":"standard","meta":[],"categories":[19],"tags":[],"_links":{"self":[{"href":"https:\/\/gazdasagportal.hu\/index.php\/wp-json\/wp\/v2\/posts\/107896"}],"collection":[{"href":"https:\/\/gazdasagportal.hu\/index.php\/wp-json\/wp\/v2\/posts"}],"about":[{"href":"https:\/\/gazdasagportal.hu\/index.php\/wp-json\/wp\/v2\/types\/post"}],"author":[{"embeddable":true,"href":"https:\/\/gazdasagportal.hu\/index.php\/wp-json\/wp\/v2\/users\/1"}],"replies":[{"embeddable":true,"href":"https:\/\/gazdasagportal.hu\/index.php\/wp-json\/wp\/v2\/comments?post=107896"}],"version-history":[{"count":1,"href":"https:\/\/gazdasagportal.hu\/index.php\/wp-json\/wp\/v2\/posts\/107896\/revisions"}],"predecessor-version":[{"id":107897,"href":"https:\/\/gazdasagportal.hu\/index.php\/wp-json\/wp\/v2\/posts\/107896\/revisions\/107897"}],"wp:attachment":[{"href":"https:\/\/gazdasagportal.hu\/index.php\/wp-json\/wp\/v2\/media?parent=107896"}],"wp:term":[{"taxonomy":"category","embeddable":true,"href":"https:\/\/gazdasagportal.hu\/index.php\/wp-json\/wp\/v2\/categories?post=107896"},{"taxonomy":"post_tag","embeddable":true,"href":"https:\/\/gazdasagportal.hu\/index.php\/wp-json\/wp\/v2\/tags?post=107896"}],"curies":[{"name":"wp","href":"https:\/\/api.w.org\/{rel}","templated":true}]}}