{"id":107894,"date":"2018-08-10T13:08:16","date_gmt":"2018-08-10T11:08:16","guid":{"rendered":"http:\/\/gazdasagportal.hu\/?p=107894"},"modified":"2018-08-10T10:39:11","modified_gmt":"2018-08-10T08:39:11","slug":"ryanair-sztrajk-budapesti-jaratokat-is-torolt-a-ryanair-a-penteki-sztrajk-miatt","status":"publish","type":"post","link":"https:\/\/gazdasagportal.hu\/index.php\/ryanair-sztrajk-budapesti-jaratokat-is-torolt-a-ryanair-a-penteki-sztrajk-miatt\/","title":{"rendered":"Ryanair-sztr\u00e1jk &#8211; Budapesti j\u00e1ratokat is t\u00f6r\u00f6lt a Ryanair a p\u00e9nteki sztr\u00e1jk miatt"},"content":{"rendered":"<p><strong>Budapesti j\u00e1ratokat is t\u00f6r\u00f6lt a Ryanair a l\u00e9git\u00e1rsas\u00e1gn\u00e1l p\u00e9nteken, t\u00f6bb orsz\u00e1gban zajl\u00f3 munkabesz\u00fcntet\u00e9s miatt.<\/strong><br \/>\n<div class=\"ads-in-post1\"><div id=\"gazdasagportal.hu_fullbanner_wideboard\"><\/div>\r\n<\/div>\n<p>    A Budapest Airport j\u00e1ratinform\u00e1ci\u00f3s rendszere szerint az \u00edr fapados l\u00e9git\u00e1rsas\u00e1g p\u00e9nteken 21 budapesti j\u00e1ratot \u00fczemeltet, ezek k\u00f6z\u00fcl eddig h\u00e1rmat t\u00f6r\u00f6ltek. Nem indul el reggel a 197-es j\u00e1rat Berlinbe, a 220-as N\u00fcrnbergbe, illetve a menetrend szerint 20.20-kor indul\u00f3 8415-\u00f6s j\u00e1rat Br\u00fcsszel-Charleroi-ra.<br \/>\n    P\u00e9nteken a sv\u00e9d, a belga, a holland, a n\u00e9met az \u00edr b\u00e1zisokon l\u00e9v\u0151 pil\u00f3t\u00e1k sztr\u00e1jkolnak majd, a Ryanair Kenny Jacobs marketing vezet\u0151 szerda esti \u00e1ll\u00edt\u00e1sa szerint a 2400 p\u00e9nteki j\u00e1ratb\u00f3l eddig t\u00f6bb mint 400 j\u00e1ratot t\u00f6r\u00f6lt.<br \/>\n<div class=\"ads-in-post2\"><script async src=\"https:\/\/pagead2.googlesyndication.com\/pagead\/js\/adsbygoogle.js\"><\/script>\r\n<ins class=\"adsbygoogle\"\r\n     style=\"display:block\"\r\n     data-ad-format=\"fluid\"\r\n     data-ad-layout-key=\"-6t+ed+2i-1n-4w\"\r\n     data-ad-client=\"ca-pub-1959107119989764\"\r\n     data-ad-slot=\"4008251320\"><\/ins>\r\n<script>\r\n     (adsbygoogle = window.adsbygoogle || []).push({});\r\n<\/script><\/div>\n    A Ryanairn\u00e9l legut\u00f3bb m\u00falt h\u00e9ten volt t\u00f6bb orsz\u00e1gra kiterjed\u0151 munkabesz\u00fcntet\u00e9s. Az \u00edrorsz\u00e1gi pil\u00f3t\u00e1k, valamint a spanyol, a portug\u00e1l, az olasz \u00e9s a belga fed\u00e9lzeti szem\u00e9lyzet sztr\u00e1jkja miatt t\u00f6bb sz\u00e1z j\u00e1ratot t\u00f6r\u00f6ltek.<br \/>\n    A pil\u00f3t\u00e1k a fizet\u00e9sekr\u0151l, illetve a munkak\u00f6r\u00fclm\u00e9nyek jav\u00edt\u00e1s\u00e1r\u00f3l vitatkoznak munkaad\u00f3jukkal, aki k\u00f6z\u00f6lte, semmilyen javaslatot nem fogad el, amely a szem\u00e9lyi jelleg\u0171 r\u00e1ford\u00edt\u00e1sok emelked\u00e9s\u00e9vel j\u00e1rna.(MTI)<\/p>\n","protected":false},"excerpt":{"rendered":"<p>Budapesti j\u00e1ratokat is t\u00f6r\u00f6lt a Ryanair a l\u00e9git\u00e1rsas\u00e1gn\u00e1l p\u00e9nteken, t\u00f6bb orsz\u00e1gban zajl\u00f3 munkabesz\u00fcntet\u00e9s miatt. A Budapest Airport j\u00e1ratinform\u00e1ci\u00f3s rendszere szerint az \u00edr fapados l\u00e9git\u00e1rsas\u00e1g p\u00e9nteken 21 budapesti j\u00e1ratot \u00fczemeltet, ezek k\u00f6z\u00fcl eddig h\u00e1rmat t\u00f6r\u00f6ltek. Nem indul el reggel a 197-es j\u00e1rat Berlinbe, a 220-as N\u00fcrnbergbe, illetve a menetrend szerint 20.20-kor indul\u00f3 8415-\u00f6s j\u00e1rat Br\u00fcsszel-Charleroi-ra. P\u00e9nteken &#8230;<\/p>\n","protected":false},"author":1,"featured_media":0,"comment_status":"closed","ping_status":"open","sticky":false,"template":"","format":"standard","meta":[],"categories":[4,19],"tags":[],"_links":{"self":[{"href":"https:\/\/gazdasagportal.hu\/index.php\/wp-json\/wp\/v2\/posts\/107894"}],"collection":[{"href":"https:\/\/gazdasagportal.hu\/index.php\/wp-json\/wp\/v2\/posts"}],"about":[{"href":"https:\/\/gazdasagportal.hu\/index.php\/wp-json\/wp\/v2\/types\/post"}],"author":[{"embeddable":true,"href":"https:\/\/gazdasagportal.hu\/index.php\/wp-json\/wp\/v2\/users\/1"}],"replies":[{"embeddable":true,"href":"https:\/\/gazdasagportal.hu\/index.php\/wp-json\/wp\/v2\/comments?post=107894"}],"version-history":[{"count":1,"href":"https:\/\/gazdasagportal.hu\/index.php\/wp-json\/wp\/v2\/posts\/107894\/revisions"}],"predecessor-version":[{"id":107895,"href":"https:\/\/gazdasagportal.hu\/index.php\/wp-json\/wp\/v2\/posts\/107894\/revisions\/107895"}],"wp:attachment":[{"href":"https:\/\/gazdasagportal.hu\/index.php\/wp-json\/wp\/v2\/media?parent=107894"}],"wp:term":[{"taxonomy":"category","embeddable":true,"href":"https:\/\/gazdasagportal.hu\/index.php\/wp-json\/wp\/v2\/categories?post=107894"},{"taxonomy":"post_tag","embeddable":true,"href":"https:\/\/gazdasagportal.hu\/index.php\/wp-json\/wp\/v2\/tags?post=107894"}],"curies":[{"name":"wp","href":"https:\/\/api.w.org\/{rel}","templated":true}]}}