{"id":107892,"date":"2018-08-10T10:28:44","date_gmt":"2018-08-10T08:28:44","guid":{"rendered":"http:\/\/gazdasagportal.hu\/?p=107892"},"modified":"2018-08-10T10:28:44","modified_gmt":"2018-08-10T08:28:44","slug":"orszagszerte-a-tartos-hoseg-nehany-megyeben-zivatarok-miatt-figyelmeztetnek","status":"publish","type":"post","link":"https:\/\/gazdasagportal.hu\/index.php\/orszagszerte-a-tartos-hoseg-nehany-megyeben-zivatarok-miatt-figyelmeztetnek\/","title":{"rendered":"Orsz\u00e1gszerte a tart\u00f3s h\u0151s\u00e9g, n\u00e9h\u00e1ny megy\u00e9ben zivatarok miatt figyelmeztetnek"},"content":{"rendered":"<p><strong>Csaknem az eg\u00e9sz orsz\u00e1gban tov\u00e1bbra is els\u0151- \u00e9s m\u00e1sodfok\u00fa figyelmeztet\u00e9sek vannak \u00e9rv\u00e9nyben, de n\u00e9h\u00e1ny dun\u00e1nt\u00fali megy\u00e9re a zivatarok miatt is adott ki figyelmeztet\u00e9st az Orsz\u00e1gos Meteorol\u00f3giai Szolg\u00e1lat.<\/strong><!--more--><\/p>\n<div class=\"ads-in-post1\"><div id=\"gazdasagportal.hu_fullbanner_wideboard\"><\/div>\r\n<\/div>\n<p>    Az MTI-hez p\u00e9nteken eljuttatott vesz\u00e9lyjelz\u00e9s\u00fck szerint a tart\u00f3s h\u0151s\u00e9g miatt a f\u0151v\u00e1rosban, Pest, B\u00e1cs-Kiskun, B\u00e9k\u00e9s, Borsod-Aba\u00faj-Zempl\u00e9n, Csongr\u00e1d, Hajd\u00fa-Bihar, Heves, J\u00e1sz-Nagykun-Szolnok, N\u00f3gr\u00e1d \u00e9s Szabolcs-Szatm\u00e1r-Bereg megy\u00e9ben m\u00e1sodfok\u00fa figyelmeztet\u00e9s van \u00e9rv\u00e9nyben. Baranya, Fej\u00e9r, Gy\u0151r-Moson-Sopron, Kom\u00e1rom-Esztergom, Somogy, Tolna \u00e9s Veszpr\u00e9m megy\u00e9ben els\u0151fok\u00fa a figyelmeztet\u00e9s.<br \/>\n    Azt \u00edrt\u00e1k: a napi k\u00f6z\u00e9ph\u0151m\u00e9rs\u00e9klet a legt\u00f6bb helyen m\u00e9g 25, az \u00c9szak-Alf\u00f6ld\u00f6n 27 fok felett lesz, de az Alpokalj\u00e1n m\u00e1r enyh\u00fcl, majd megsz\u0171nik a h\u0151s\u00e9g.<br \/>\n    A legmagasabb nappali h\u0151m\u00e9rs\u00e9klet 31 \u00e9s 36 fok k\u00f6z\u00f6tt val\u00f3sz\u00edn\u0171. K\u00e9s\u0151 est\u00e9re 23-28 fokra h\u0171l le a leveg\u0151.<br \/>\n<div class=\"ads-in-post2\"><script async src=\"https:\/\/pagead2.googlesyndication.com\/pagead\/js\/adsbygoogle.js\"><\/script>\r\n<ins class=\"adsbygoogle\"\r\n     style=\"display:block\"\r\n     data-ad-format=\"fluid\"\r\n     data-ad-layout-key=\"-6t+ed+2i-1n-4w\"\r\n     data-ad-client=\"ca-pub-1959107119989764\"\r\n     data-ad-slot=\"4008251320\"><\/ins>\r\n<script>\r\n     (adsbygoogle = window.adsbygoogle || []).push({});\r\n<\/script><\/div>\n    Emellett Fej\u00e9r, Gy\u0151r-Moson-Sopron, Kom\u00e1rom-Esztergom, Somogy, Vas, Veszpr\u00e9m \u00e9s Zala megy\u00e9re a heves zivatar \u00e9s a felh\u0151szakad\u00e1s vesz\u00e9lye miatt is kiadt\u00e1k az els\u0151fok\u00fa figyelmeztet\u00e9st.<br \/>\n    Az \u00c9szaki-k\u00f6z\u00e9phegys\u00e9g t\u00e9rs\u00e9g\u00e9ben \u00e9s az \u00c9szak-Alf\u00f6ld\u00f6n a d\u00e9lut\u00e1ni, esti \u00f3r\u00e1kban kialakulhat n\u00e9h\u00e1ny nem heves zivatar.<br \/>\n    Emellett d\u00e9lut\u00e1nt\u00f3l egy hidegfront hat\u00e1s\u00e1ra \u00e9szaknyugat fel\u0151l m\u00e1r szervezettebb, heves zivatarok is el\u00e9rhetik az orsz\u00e1got, illetve alakulhatnak ki a Dun\u00e1nt\u00falon (f\u0151leg annak nyugati \u00e9s k\u00f6z\u00e9ps\u0151 r\u00e9szein). A zivatarok \u00e9jf\u00e9lig megk\u00f6zel\u00edt\u0151leg a Duna vonal\u00e1ig \u00e9rhetnek el.<br \/>\n    A keleten el\u0151fordul\u00f3 zivatarokat lok\u00e1lisan jelent\u0151sebb mennyis\u00e9g\u0171 csapad\u00e9k \u00e9s \u00e1tmeneti er\u0151s vagy viharos sz\u00e9ll\u00f6k\u00e9sek k\u00eds\u00e9rhetik, a dun\u00e1nt\u00fali zivatarokhoz viszont nagyobb szem\u0171 j\u00e9g, n\u00e9hol 80-90 kilom\u00e9ter\/\u00f3r\u00e1t meghalad\u00f3 l\u00f6k\u00e9sek \u00e9s felh\u0151szakad\u00e1s (ak\u00e1r 50 millim\u00e9tern\u00e9l is t\u00f6bb csapad\u00e9kkal) is t\u00e1rsulhat.(MTI)<\/p>\n","protected":false},"excerpt":{"rendered":"<p>Csaknem az eg\u00e9sz orsz\u00e1gban tov\u00e1bbra is els\u0151- \u00e9s m\u00e1sodfok\u00fa figyelmeztet\u00e9sek vannak \u00e9rv\u00e9nyben, de n\u00e9h\u00e1ny dun\u00e1nt\u00fali megy\u00e9re a zivatarok miatt is adott ki figyelmeztet\u00e9st az Orsz\u00e1gos Meteorol\u00f3giai Szolg\u00e1lat.<\/p>\n","protected":false},"author":1,"featured_media":0,"comment_status":"closed","ping_status":"open","sticky":false,"template":"","format":"standard","meta":[],"categories":[4],"tags":[],"_links":{"self":[{"href":"https:\/\/gazdasagportal.hu\/index.php\/wp-json\/wp\/v2\/posts\/107892"}],"collection":[{"href":"https:\/\/gazdasagportal.hu\/index.php\/wp-json\/wp\/v2\/posts"}],"about":[{"href":"https:\/\/gazdasagportal.hu\/index.php\/wp-json\/wp\/v2\/types\/post"}],"author":[{"embeddable":true,"href":"https:\/\/gazdasagportal.hu\/index.php\/wp-json\/wp\/v2\/users\/1"}],"replies":[{"embeddable":true,"href":"https:\/\/gazdasagportal.hu\/index.php\/wp-json\/wp\/v2\/comments?post=107892"}],"version-history":[{"count":1,"href":"https:\/\/gazdasagportal.hu\/index.php\/wp-json\/wp\/v2\/posts\/107892\/revisions"}],"predecessor-version":[{"id":107893,"href":"https:\/\/gazdasagportal.hu\/index.php\/wp-json\/wp\/v2\/posts\/107892\/revisions\/107893"}],"wp:attachment":[{"href":"https:\/\/gazdasagportal.hu\/index.php\/wp-json\/wp\/v2\/media?parent=107892"}],"wp:term":[{"taxonomy":"category","embeddable":true,"href":"https:\/\/gazdasagportal.hu\/index.php\/wp-json\/wp\/v2\/categories?post=107892"},{"taxonomy":"post_tag","embeddable":true,"href":"https:\/\/gazdasagportal.hu\/index.php\/wp-json\/wp\/v2\/tags?post=107892"}],"curies":[{"name":"wp","href":"https:\/\/api.w.org\/{rel}","templated":true}]}}