{"id":107878,"date":"2018-08-09T14:39:03","date_gmt":"2018-08-09T12:39:03","guid":{"rendered":"http:\/\/gazdasagportal.hu\/?p=107878"},"modified":"2018-08-09T14:39:03","modified_gmt":"2018-08-09T12:39:03","slug":"raketa-csapodott-egy-ukran-katonakat-szallito-autoba-a-donyec-medenceben-aldozatok","status":"publish","type":"post","link":"https:\/\/gazdasagportal.hu\/index.php\/raketa-csapodott-egy-ukran-katonakat-szallito-autoba-a-donyec-medenceben-aldozatok\/","title":{"rendered":"Rak\u00e9ta csap\u00f3dott egy ukr\u00e1n katon\u00e1kat sz\u00e1ll\u00edt\u00f3 aut\u00f3ba a Donyec-medenc\u00e9ben, \u00e1ldozatok"},"content":{"rendered":"<p><strong>Ellens\u00e9ges rak\u00e9tatal\u00e1lat \u00e9rt egy ukr\u00e1n katon\u00e1kat sz\u00e1ll\u00edt\u00f3 aut\u00f3t a Donyec-medenc\u00e9ben, aminek k\u00f6vetkezt\u00e9ben egy katona \u00e9let\u00e9t vesztette, h\u00e1rom pedig megs\u00e9r\u00fclt &#8211; k\u00f6z\u00f6lte cs\u00fct\u00f6rt\u00f6k\u00f6n a Luhaszk megyei korm\u00e1nyz\u00f3s\u00e1g.<\/strong><!--more--><\/p>\n<div class=\"ads-in-post1\"><div id=\"gazdasagportal.hu_fullbanner_wideboard\"><\/div>\r\n<\/div>\n<p>    Az eset szerda este t\u00f6rt\u00e9nt a Luhanszkt\u00f3l mintegy 70 kilom\u00e9terre nyugatra fekv\u0151 Zolote telep\u00fcl\u00e9s k\u00f6zel\u00e9ben. A j\u00e1rm\u0171vet a Kijev al\u00e1 tartoz\u00f3 vezet\u00e9s jelent\u00e9se szerint a Moszkva \u00e1ltal t\u00e1mogatott szakad\u00e1rok p\u00e1nc\u00e9lt\u00f6r\u0151 rak\u00e9t\u00e1val tal\u00e1lt\u00e1k el.<br \/>\n    Az UNIAN ukr\u00e1n h\u00edr\u00fcgyn\u00f6ks\u00e9g besz\u00e1molt arr\u00f3l is, hogy szerd\u00e1n egy ukr\u00e1n katona sebes\u00fclt meg egy ismeretlen robban\u00f3szerkezet deton\u00e1ci\u00f3ja k\u00f6vetezt\u00e9ben a Donyeck melletti marjinkai \u00fatellen\u0151rz\u0151 pontn\u00e1l.<br \/>\n    A kijevi hadm\u0171veleti parancsnoks\u00e1g jelent\u00e9se alapj\u00e1n szerd\u00e1n \u00f6sszesen 44-szer nyitottak t\u00fczet az &#8222;orosz megsz\u00e1ll\u00f3 csapatok&#8221; az ukr\u00e1n Egyes\u00edtett Er\u0151k \u00e1ll\u00e1saira, ebb\u0151l k\u00e9t alkalommal neh\u00e9zt\u00fcz\u00e9rs\u00e9ggel. Cs\u00fct\u00f6rt\u00f6k\u00f6n k\u00e9zi l\u0151fegyverekkel nyitottak t\u00fczet az ukr\u00e1n ellen\u0151rz\u00e9s alatt \u00e1ll\u00f3 &#8222;Majorszke&#8221; front menti \u00e1tkel\u0151re, ahol emiatt \u00e1tmenetileg le\u00e1ll\u00edtott\u00e1k a polg\u00e1ri szem\u00e9lyek ki &#8211; \u00e9s beenged\u00e9s\u00e9t.<br \/>\n<div class=\"ads-in-post2\"><script async src=\"https:\/\/pagead2.googlesyndication.com\/pagead\/js\/adsbygoogle.js\"><\/script>\r\n<ins class=\"adsbygoogle\"\r\n     style=\"display:block\"\r\n     data-ad-format=\"fluid\"\r\n     data-ad-layout-key=\"-6t+ed+2i-1n-4w\"\r\n     data-ad-client=\"ca-pub-1959107119989764\"\r\n     data-ad-slot=\"4008251320\"><\/ins>\r\n<script>\r\n     (adsbygoogle = window.adsbygoogle || []).push({});\r\n<\/script><\/div>\n    A donyecki szakad\u00e1rok DAN h\u00edr\u00fcgyn\u00f6ks\u00e9ge szerint az ukr\u00e1n fegyveres er\u0151k ez elm\u00falt napban nyolcszor s\u00e9rtett\u00e9k meg a fegyvernyugv\u00e1st a ter\u00fclet\u00fck\u00f6n, a luhanszki szakad\u00e1rok pedig \u00f6t t\u0171zsz\u00fcnets\u00e9rt\u00e9sr\u0151l sz\u00e1moltak be.<br \/>\n    A t\u00e9rs\u00e9gben legut\u00f3bb j\u00falius 1-j\u00e9t\u0151l l\u00e9ptetek \u00e9letbe \u00fajabb fegyvernyugv\u00e1st az arat\u00e1si id\u0151szakra val\u00f3 tekintettel.<br \/>\n    Febru\u00e1r v\u00e9g\u00e9n \u00e9letbe l\u00e9pett a Donyec-medence Ukrajn\u00e1ba t\u00f6rt\u00e9n\u0151 visszaintegr\u00e1l\u00e1s\u00e1r\u00f3l sz\u00f3l\u00f3 ukr\u00e1n t\u00f6rv\u00e9ny, amely Oroszorsz\u00e1got agresszor, megsz\u00e1ll\u00f3 \u00e1llamnak, a szakad\u00e1r ellen\u0151rz\u00e9s alatti telep\u00fcl\u00e9seket pedig ideiglenesen megsz\u00e1llt ter\u00fcleteknek min\u0151s\u00edtette. A jogszab\u00e1ly alapj\u00e1n az addig terrorellenesnek nevezett bel\u00fcgyi m\u0171velet fokozatosan, \u00e1prilis v\u00e9g\u00e9t\u0151l pedig hivatalosan katonaiv\u00e1 alakult \u00e1t, \u00e9s \u00faj neve &#8222;Egyes\u00edtett Er\u0151k M\u0171velete&#8221; lett.<br \/>\n    A Kreml tagadja, hogy lenn\u00e9nek orosz katon\u00e1k a Donyec-medenc\u00e9ben, tov\u00e1bb\u00e1 azt is, hogy Oroszorsz\u00e1g fegyvereket sz\u00e1ll\u00edtana a szakad\u00e1roknak, vagy b\u00e1rmely m\u00e1s m\u00f3don beavatkozna a kelet-ukrajnai v\u00e1ls\u00e1gba, amelyet bels\u0151 konfliktusnak, polg\u00e1rh\u00e1bor\u00fanak nevez.(MTI)<\/p>\n","protected":false},"excerpt":{"rendered":"<p>Ellens\u00e9ges rak\u00e9tatal\u00e1lat \u00e9rt egy ukr\u00e1n katon\u00e1kat sz\u00e1ll\u00edt\u00f3 aut\u00f3t a Donyec-medenc\u00e9ben, aminek k\u00f6vetkezt\u00e9ben egy katona \u00e9let\u00e9t vesztette, h\u00e1rom pedig megs\u00e9r\u00fclt &#8211; k\u00f6z\u00f6lte cs\u00fct\u00f6rt\u00f6k\u00f6n a Luhaszk megyei korm\u00e1nyz\u00f3s\u00e1g.<\/p>\n","protected":false},"author":1,"featured_media":0,"comment_status":"closed","ping_status":"open","sticky":false,"template":"","format":"standard","meta":[],"categories":[12,139],"tags":[],"_links":{"self":[{"href":"https:\/\/gazdasagportal.hu\/index.php\/wp-json\/wp\/v2\/posts\/107878"}],"collection":[{"href":"https:\/\/gazdasagportal.hu\/index.php\/wp-json\/wp\/v2\/posts"}],"about":[{"href":"https:\/\/gazdasagportal.hu\/index.php\/wp-json\/wp\/v2\/types\/post"}],"author":[{"embeddable":true,"href":"https:\/\/gazdasagportal.hu\/index.php\/wp-json\/wp\/v2\/users\/1"}],"replies":[{"embeddable":true,"href":"https:\/\/gazdasagportal.hu\/index.php\/wp-json\/wp\/v2\/comments?post=107878"}],"version-history":[{"count":1,"href":"https:\/\/gazdasagportal.hu\/index.php\/wp-json\/wp\/v2\/posts\/107878\/revisions"}],"predecessor-version":[{"id":107879,"href":"https:\/\/gazdasagportal.hu\/index.php\/wp-json\/wp\/v2\/posts\/107878\/revisions\/107879"}],"wp:attachment":[{"href":"https:\/\/gazdasagportal.hu\/index.php\/wp-json\/wp\/v2\/media?parent=107878"}],"wp:term":[{"taxonomy":"category","embeddable":true,"href":"https:\/\/gazdasagportal.hu\/index.php\/wp-json\/wp\/v2\/categories?post=107878"},{"taxonomy":"post_tag","embeddable":true,"href":"https:\/\/gazdasagportal.hu\/index.php\/wp-json\/wp\/v2\/tags?post=107878"}],"curies":[{"name":"wp","href":"https:\/\/api.w.org\/{rel}","templated":true}]}}