{"id":107866,"date":"2018-08-09T12:36:56","date_gmt":"2018-08-09T10:36:56","guid":{"rendered":"http:\/\/gazdasagportal.hu\/?p=107866"},"modified":"2018-08-09T12:36:56","modified_gmt":"2018-08-09T10:36:56","slug":"menekultek-csonakja-sullyedt-el-az-egei-tengeren-halottak","status":"publish","type":"post","link":"https:\/\/gazdasagportal.hu\/index.php\/menekultek-csonakja-sullyedt-el-az-egei-tengeren-halottak\/","title":{"rendered":"Menek\u00fcltek cs\u00f3nakja s\u00fcllyedt el az \u00c9gei-tengeren, halottak"},"content":{"rendered":"<p><strong>Legkevesebb 9 migr\u00e1ns, k\u00f6zt\u00fck 7 gyerek \u00e9s 2 n\u0151 meghalt cs\u00fct\u00f6rt\u00f6k hajnalban az \u00c9gei-tenger t\u00f6r\u00f6k partjain\u00e1l, miut\u00e1n a g\u00f6r\u00f6g szigetekre tart\u00f3 cs\u00f3nakjuk egyel\u0151re ismeretlen okb\u00f3l els\u00fcllyedt &#8211; jelentette a Demir\u00f6ren t\u00f6r\u00f6k mag\u00e1nh\u00edr\u00fcgyn\u00f6ks\u00e9g.<\/strong><!--more--><\/p>\n<div class=\"ads-in-post1\"><div id=\"gazdasagportal.hu_fullbanner_wideboard\"><\/div>\r\n<\/div>\n<p>    A baleset a nyugat-t\u00f6r\u00f6korsz\u00e1gi Aydin tartom\u00e1ny Kusadasi k\u00f6rzet\u00e9n\u00e9l t\u00f6rt\u00e9nt.<br \/>\n    A t\u00f6r\u00f6k parti \u0151rs\u00e9g egy bejelent\u00e9st k\u00f6vet\u0151en k\u00e9t haj\u00f3t, egy helikoptert, egy rep\u00fcl\u0151t \u00e9s egy b\u00fav\u00e1rcsapatot k\u00fcld\u00f6tt a helysz\u00ednre.<br \/>\n    A hat\u00f3s\u00e1gok 4 menek\u00fcltet m\u00e9g ki tudtak menteni a v\u00edzb\u0151l.<br \/>\n    A t\u00fal\u00e9l\u0151k elmond\u00e1sa alapj\u00e1n a cs\u00f3nakban \u00f6sszesen 13-an tart\u00f3zkodtak. A kutat\u00e1s egy esetleges elt\u0171nt ember ut\u00e1n ennek ellen\u00e9re folytat\u00f3dik.<br \/>\n<div class=\"ads-in-post2\"><script async src=\"https:\/\/pagead2.googlesyndication.com\/pagead\/js\/adsbygoogle.js\"><\/script>\r\n<ins class=\"adsbygoogle\"\r\n     style=\"display:block\"\r\n     data-ad-format=\"fluid\"\r\n     data-ad-layout-key=\"-6t+ed+2i-1n-4w\"\r\n     data-ad-client=\"ca-pub-1959107119989764\"\r\n     data-ad-slot=\"4008251320\"><\/ins>\r\n<script>\r\n     (adsbygoogle = window.adsbygoogle || []).push({});\r\n<\/script><\/div>\n    A szerencs\u00e9tlen\u00fcl j\u00e1rtak nemzetis\u00e9g\u00e9t a t\u00f6r\u00f6k sajt\u00f3 nem k\u00f6z\u00f6lte.<br \/>\n    A t\u00f6r\u00f6k parti \u0151rs\u00e9g legfrissebb adatai szerint az \u00c9gei-tengeren az \u00e9v eleje \u00f3ta \u00f6sszesen 14 ezer 301 G\u00f6r\u00f6gorsz\u00e1gba tart\u00f3 menek\u00fcltet tart\u00f3ztattak fel, legut\u00f3bb j\u00faliusban 2331-et, eddig augusztusban pedig 293-at.<br \/>\n    A m\u00falt \u00e9vhez k\u00e9pest n\u0151tt az illeg\u00e1lis hat\u00e1r\u00e1tl\u00e9p\u00e9si k\u00eds\u00e9rletek sz\u00e1ma az \u00c9gei-tengeren. A t\u00f6r\u00f6k parti \u0151rs\u00e9g 2017 j\u00falius\u00e1ban m\u00e9g 1529 G\u00f6r\u00f6gorsz\u00e1gba tart\u00f3 menek\u00fcltet tudott feltart\u00f3ztatni, m\u00edg a tavalyi \u00e9vben \u00f6sszesen 19 084-et.<br \/>\n    Az Eur\u00f3pai Uni\u00f3 \u00e9s T\u00f6r\u00f6korsz\u00e1g 2016 m\u00e1rcius\u00e1ban k\u00f6t\u00f6tt menek\u00fclt\u00fcgyi egyezm\u00e9nyt. A meg\u00e1llapod\u00e1s \u00e9rtelm\u00e9ben Ankara minden illeg\u00e1lisan Eur\u00f3p\u00e1ba \u00e9rkez\u0151 embert visszafogad, az EU pedig minden visszak\u00fcld\u00f6tt, illeg\u00e1lisan pr\u00f3b\u00e1lkoz\u00f3 sz\u00edriai \u00e1llampolg\u00e1r helyett befogad egy T\u00f6r\u00f6korsz\u00e1gban \u00e9l\u0151 sz\u00edriai menek\u00fcltet. A meg\u00e1llapod\u00e1s, valamint a nyugat-balk\u00e1ni orsz\u00e1gok hat\u00e1rainak lez\u00e1r\u00e1sa mindazon\u00e1ltal 2016 elej\u00e9n sikeresen megf\u00e9kezte a mened\u00e9kk\u00e9r\u0151k t\u00f6meges be\u00e1raml\u00e1s\u00e1t G\u00f6r\u00f6gorsz\u00e1g fel\u0151l.(MTI)<\/p>\n","protected":false},"excerpt":{"rendered":"<p>Legkevesebb 9 migr\u00e1ns, k\u00f6zt\u00fck 7 gyerek \u00e9s 2 n\u0151 meghalt cs\u00fct\u00f6rt\u00f6k hajnalban az \u00c9gei-tenger t\u00f6r\u00f6k partjain\u00e1l, miut\u00e1n a g\u00f6r\u00f6g szigetekre tart\u00f3 cs\u00f3nakjuk egyel\u0151re ismeretlen okb\u00f3l els\u00fcllyedt &#8211; jelentette a Demir\u00f6ren t\u00f6r\u00f6k mag\u00e1nh\u00edr\u00fcgyn\u00f6ks\u00e9g.<\/p>\n","protected":false},"author":1,"featured_media":0,"comment_status":"closed","ping_status":"open","sticky":false,"template":"","format":"standard","meta":[],"categories":[12],"tags":[],"_links":{"self":[{"href":"https:\/\/gazdasagportal.hu\/index.php\/wp-json\/wp\/v2\/posts\/107866"}],"collection":[{"href":"https:\/\/gazdasagportal.hu\/index.php\/wp-json\/wp\/v2\/posts"}],"about":[{"href":"https:\/\/gazdasagportal.hu\/index.php\/wp-json\/wp\/v2\/types\/post"}],"author":[{"embeddable":true,"href":"https:\/\/gazdasagportal.hu\/index.php\/wp-json\/wp\/v2\/users\/1"}],"replies":[{"embeddable":true,"href":"https:\/\/gazdasagportal.hu\/index.php\/wp-json\/wp\/v2\/comments?post=107866"}],"version-history":[{"count":1,"href":"https:\/\/gazdasagportal.hu\/index.php\/wp-json\/wp\/v2\/posts\/107866\/revisions"}],"predecessor-version":[{"id":107867,"href":"https:\/\/gazdasagportal.hu\/index.php\/wp-json\/wp\/v2\/posts\/107866\/revisions\/107867"}],"wp:attachment":[{"href":"https:\/\/gazdasagportal.hu\/index.php\/wp-json\/wp\/v2\/media?parent=107866"}],"wp:term":[{"taxonomy":"category","embeddable":true,"href":"https:\/\/gazdasagportal.hu\/index.php\/wp-json\/wp\/v2\/categories?post=107866"},{"taxonomy":"post_tag","embeddable":true,"href":"https:\/\/gazdasagportal.hu\/index.php\/wp-json\/wp\/v2\/tags?post=107866"}],"curies":[{"name":"wp","href":"https:\/\/api.w.org\/{rel}","templated":true}]}}