{"id":107864,"date":"2018-08-09T12:05:39","date_gmt":"2018-08-09T10:05:39","guid":{"rendered":"http:\/\/gazdasagportal.hu\/?p=107864"},"modified":"2018-08-09T09:37:35","modified_gmt":"2018-08-09T07:37:35","slug":"brexit-szakerto-nem-egyertelmu-a-kilepes-forgatokonyve","status":"publish","type":"post","link":"https:\/\/gazdasagportal.hu\/index.php\/brexit-szakerto-nem-egyertelmu-a-kilepes-forgatokonyve\/","title":{"rendered":"Brexit &#8211; Szak\u00e9rt\u0151: nem egy\u00e9rtelm\u0171 a kil\u00e9p\u00e9s forgat\u00f3k\u00f6nyve"},"content":{"rendered":"<p><strong>Tov\u00e1bbra sem egy\u00e9rtelm\u0171, milyen forgat\u00f3k\u00f6nyv alapj\u00e1n l\u00e9p ki az Eur\u00f3pai Uni\u00f3b\u00f3l Nagy-Britannia &#8211; k\u00f6z\u00f6lte P\u00f3cza Istv\u00e1n, a Sz\u00e1zadv\u00e9g vezet\u0151 kutat\u00f3ja az M1 aktu\u00e1lis csatorn\u00e1n cs\u00fct\u00f6rt\u00f6k\u00f6n.<\/strong><!--more--><\/p>\n<div class=\"ads-in-post1\"><div id=\"gazdasagportal.hu_fullbanner_wideboard\"><\/div>\r\n<\/div>\n<p>    Azt mondta: m\u00edg kor\u00e1bban a nagy t\u00e1vols\u00e1got ad\u00f3 &#8222;kem\u00e9ny&#8221; \u00e9s az uni\u00f3val szorosabb kapcsolatot tart\u00f3 &#8222;puha&#8221; kil\u00e9p\u00e9s k\u00f6z\u00f6tt kellett v\u00e1lasztania Londonnak, mostanra felmer\u00fclt az a lehet\u0151s\u00e9g is, hogy meg\u00e1llapod\u00e1s n\u00e9lk\u00fcl t\u00e1voznak a k\u00f6z\u00f6ss\u00e9gb\u0151l a britek, mik\u00f6zben az Eur\u00f3pai Uni\u00f3nak sem \u00e9rdeke, hogy nyitott k\u00e9rd\u00e9sek maradjanak.<br \/>\n<div class=\"ads-in-post2\"><script async src=\"https:\/\/pagead2.googlesyndication.com\/pagead\/js\/adsbygoogle.js\"><\/script>\r\n<ins class=\"adsbygoogle\"\r\n     style=\"display:block\"\r\n     data-ad-format=\"fluid\"\r\n     data-ad-layout-key=\"-6t+ed+2i-1n-4w\"\r\n     data-ad-client=\"ca-pub-1959107119989764\"\r\n     data-ad-slot=\"4008251320\"><\/ins>\r\n<script>\r\n     (adsbygoogle = window.adsbygoogle || []).push({});\r\n<\/script><\/div>\n    Ugyanakkor &#8211; tette hozz\u00e1 P\u00f3cza Istv\u00e1n -, mostanra olyan forgat\u00f3k\u00f6nyv is elk\u00e9pzelhet\u0151v\u00e9 v\u00e1lt, amely szerint pap\u00edron ugyan t\u00e1vozik az EU-b\u00f3l a szigetorsz\u00e1g, de l\u00e9nyeg\u00e9ben semmi nem v\u00e1ltozik a kapcsolatokban.(MTI)<\/p>\n","protected":false},"excerpt":{"rendered":"<p>Tov\u00e1bbra sem egy\u00e9rtelm\u0171, milyen forgat\u00f3k\u00f6nyv alapj\u00e1n l\u00e9p ki az Eur\u00f3pai Uni\u00f3b\u00f3l Nagy-Britannia &#8211; k\u00f6z\u00f6lte P\u00f3cza Istv\u00e1n, a Sz\u00e1zadv\u00e9g vezet\u0151 kutat\u00f3ja az M1 aktu\u00e1lis csatorn\u00e1n cs\u00fct\u00f6rt\u00f6k\u00f6n.<\/p>\n","protected":false},"author":1,"featured_media":0,"comment_status":"closed","ping_status":"open","sticky":false,"template":"","format":"standard","meta":[],"categories":[12],"tags":[],"_links":{"self":[{"href":"https:\/\/gazdasagportal.hu\/index.php\/wp-json\/wp\/v2\/posts\/107864"}],"collection":[{"href":"https:\/\/gazdasagportal.hu\/index.php\/wp-json\/wp\/v2\/posts"}],"about":[{"href":"https:\/\/gazdasagportal.hu\/index.php\/wp-json\/wp\/v2\/types\/post"}],"author":[{"embeddable":true,"href":"https:\/\/gazdasagportal.hu\/index.php\/wp-json\/wp\/v2\/users\/1"}],"replies":[{"embeddable":true,"href":"https:\/\/gazdasagportal.hu\/index.php\/wp-json\/wp\/v2\/comments?post=107864"}],"version-history":[{"count":1,"href":"https:\/\/gazdasagportal.hu\/index.php\/wp-json\/wp\/v2\/posts\/107864\/revisions"}],"predecessor-version":[{"id":107865,"href":"https:\/\/gazdasagportal.hu\/index.php\/wp-json\/wp\/v2\/posts\/107864\/revisions\/107865"}],"wp:attachment":[{"href":"https:\/\/gazdasagportal.hu\/index.php\/wp-json\/wp\/v2\/media?parent=107864"}],"wp:term":[{"taxonomy":"category","embeddable":true,"href":"https:\/\/gazdasagportal.hu\/index.php\/wp-json\/wp\/v2\/categories?post=107864"},{"taxonomy":"post_tag","embeddable":true,"href":"https:\/\/gazdasagportal.hu\/index.php\/wp-json\/wp\/v2\/tags?post=107864"}],"curies":[{"name":"wp","href":"https:\/\/api.w.org\/{rel}","templated":true}]}}