{"id":107862,"date":"2018-08-09T09:25:32","date_gmt":"2018-08-09T07:25:32","guid":{"rendered":"http:\/\/gazdasagportal.hu\/?p=107862"},"modified":"2018-08-09T09:25:32","modified_gmt":"2018-08-09T07:25:32","slug":"az-orszag-nagy-reszen-masodfoku-figyelmeztetes-van-ervenyben","status":"publish","type":"post","link":"https:\/\/gazdasagportal.hu\/index.php\/az-orszag-nagy-reszen-masodfoku-figyelmeztetes-van-ervenyben\/","title":{"rendered":"Az orsz\u00e1g nagy r\u00e9sz\u00e9n m\u00e1sodfok\u00fa figyelmeztet\u00e9s van \u00e9rv\u00e9nyben"},"content":{"rendered":"<p><strong>A tart\u00f3s h\u0151s\u00e9g miatt cs\u00fct\u00f6rt\u00f6kre m\u00e1r csaknem az eg\u00e9sz orsz\u00e1gra m\u00e1sodfok\u00fa figyelmeztet\u00e9s adott ki az Orsz\u00e1gos Meteorol\u00f3giai Szolg\u00e1lat.<\/strong><!--more--><\/p>\n<div class=\"ads-in-post1\"><div id=\"gazdasagportal.hu_fullbanner_wideboard\"><\/div>\r\n<\/div>\n<p>    Az MTI-hez cs\u00fct\u00f6rt\u00f6k reggel eljuttatott vesz\u00e9lyjelz\u00e9s szerint Budapesten, Pest, B\u00e1cs-Kiskun, B\u00e9k\u00e9s, Csongr\u00e1d, Fej\u00e9r, Gy\u0151r-Moson-Sopron, Hajd\u00fa-Bihar, J\u00e1sz-Nagykun-Szolnok, Kom\u00e1rom-Esztergom, Somogy, Tolna, Vas, Veszpr\u00e9m \u00e9s Zala megy\u00e9ben m\u00e1sodfok\u00fa a figyelmeztet\u00e9s, mivel a napi k\u00f6z\u00e9ph\u0151m\u00e9rs\u00e9klet 27 fok felett alakulhat.<br \/>\n    A t\u00f6bbi megy\u00e9re els\u0151fok\u00fa figyelmeztet\u00e9st adott ki a meteorol\u00f3giai szolg\u00e1lat.<br \/>\n<div class=\"ads-in-post2\"><script async src=\"https:\/\/pagead2.googlesyndication.com\/pagead\/js\/adsbygoogle.js\"><\/script>\r\n<ins class=\"adsbygoogle\"\r\n     style=\"display:block\"\r\n     data-ad-format=\"fluid\"\r\n     data-ad-layout-key=\"-6t+ed+2i-1n-4w\"\r\n     data-ad-client=\"ca-pub-1959107119989764\"\r\n     data-ad-slot=\"4008251320\"><\/ins>\r\n<script>\r\n     (adsbygoogle = window.adsbygoogle || []).push({});\r\n<\/script><\/div>\n    Az el\u0151rejelz\u00e9s szerint a nappali h\u0151m\u00e9rs\u00e9klet 32-36 fok k\u00f6z\u00f6tt val\u00f3sz\u00edn\u0171. K\u00e9s\u0151 est\u00e9re 21-28 fok k\u00f6z\u00e9 h\u0171l le a leveg\u0151.<br \/>\n    Az orsz\u00e1gos tisztif\u0151orvos p\u00e9ntek \u00e9jf\u00e9lig ism\u00e9t elrendelte a h\u0151s\u00e9griaszt\u00e1st.(MTI)<\/p>\n","protected":false},"excerpt":{"rendered":"<p>A tart\u00f3s h\u0151s\u00e9g miatt cs\u00fct\u00f6rt\u00f6kre m\u00e1r csaknem az eg\u00e9sz orsz\u00e1gra m\u00e1sodfok\u00fa figyelmeztet\u00e9s adott ki az Orsz\u00e1gos Meteorol\u00f3giai Szolg\u00e1lat.<\/p>\n","protected":false},"author":1,"featured_media":0,"comment_status":"closed","ping_status":"open","sticky":false,"template":"","format":"standard","meta":[],"categories":[4],"tags":[],"_links":{"self":[{"href":"https:\/\/gazdasagportal.hu\/index.php\/wp-json\/wp\/v2\/posts\/107862"}],"collection":[{"href":"https:\/\/gazdasagportal.hu\/index.php\/wp-json\/wp\/v2\/posts"}],"about":[{"href":"https:\/\/gazdasagportal.hu\/index.php\/wp-json\/wp\/v2\/types\/post"}],"author":[{"embeddable":true,"href":"https:\/\/gazdasagportal.hu\/index.php\/wp-json\/wp\/v2\/users\/1"}],"replies":[{"embeddable":true,"href":"https:\/\/gazdasagportal.hu\/index.php\/wp-json\/wp\/v2\/comments?post=107862"}],"version-history":[{"count":1,"href":"https:\/\/gazdasagportal.hu\/index.php\/wp-json\/wp\/v2\/posts\/107862\/revisions"}],"predecessor-version":[{"id":107863,"href":"https:\/\/gazdasagportal.hu\/index.php\/wp-json\/wp\/v2\/posts\/107862\/revisions\/107863"}],"wp:attachment":[{"href":"https:\/\/gazdasagportal.hu\/index.php\/wp-json\/wp\/v2\/media?parent=107862"}],"wp:term":[{"taxonomy":"category","embeddable":true,"href":"https:\/\/gazdasagportal.hu\/index.php\/wp-json\/wp\/v2\/categories?post=107862"},{"taxonomy":"post_tag","embeddable":true,"href":"https:\/\/gazdasagportal.hu\/index.php\/wp-json\/wp\/v2\/tags?post=107862"}],"curies":[{"name":"wp","href":"https:\/\/api.w.org\/{rel}","templated":true}]}}