{"id":107820,"date":"2018-08-07T15:28:52","date_gmt":"2018-08-07T13:28:52","guid":{"rendered":"http:\/\/gazdasagportal.hu\/?p=107820"},"modified":"2018-08-07T15:07:40","modified_gmt":"2018-08-07T13:07:40","slug":"orszagos-tisztifoorvos-pentekig-ismet-hosegriasztas-lesz-ervenyben","status":"publish","type":"post","link":"https:\/\/gazdasagportal.hu\/index.php\/orszagos-tisztifoorvos-pentekig-ismet-hosegriasztas-lesz-ervenyben\/","title":{"rendered":"Orsz\u00e1gos tisztif\u0151orvos: p\u00e9ntekig ism\u00e9t h\u0151s\u00e9griaszt\u00e1s lesz \u00e9rv\u00e9nyben"},"content":{"rendered":"<p><strong>A m\u00e1sodfok\u00fa h\u0151s\u00e9griaszt\u00e1s ism\u00e9telt elrendel\u00e9s\u00e9r\u0151l d\u00f6nt\u00f6tt az orsz\u00e1gos tisztif\u0151orvos.<\/strong><!--more--><\/p>\n<div class=\"ads-in-post1\"><div id=\"gazdasagportal.hu_fullbanner_wideboard\"><\/div>\r\n<\/div>\n<p>    Kov\u00e1cs Attila keddi budapesti sajt\u00f3t\u00e1j\u00e9koztat\u00f3j\u00e1n k\u00f6z\u00f6lte, a h\u0151s\u00e9griaszt\u00e1s kedd \u00e9jf\u00e9lt\u0151l p\u00e9ntek \u00e9jf\u00e9lig tart.<br \/>\n    Az int\u00e9zked\u00e9sr\u0151l \u00e9rtes\u00edtett\u00e9k a megyei korm\u00e1nyhivatalokat, az eg\u00e9szs\u00e9g\u00fcgyi \u00e9s a szoci\u00e1lis int\u00e9zm\u00e9nyeket, a v\u00e9delmi bizotts\u00e1gokon kereszt\u00fcl pedig a nagyobb infrastrukt\u00fara\u00fczemeltet\u0151ket.<br \/>\n    A szakember ism\u00e9telten kiemelte, hogy a napokig tart\u00f3 meleg id\u0151 m\u00e1r az eg\u00e9szs\u00e9ges szervezetet is megterheli, ez\u00e9rt fokozottan oda kell figyelni a megfelel\u0151 folyad\u00e9kfogyaszt\u00e1sra \u00e9s \u00f6lt\u00f6zetre, \u00e9s lehet\u0151s\u00e9g szerint 11 \u00e9s 15 \u00f3ra k\u00f6z\u00f6tt senki ne tart\u00f3zkodjon a t\u0171z\u0151 napon.<br \/>\n<div class=\"ads-in-post2\"><script async src=\"https:\/\/pagead2.googlesyndication.com\/pagead\/js\/adsbygoogle.js\"><\/script>\r\n<ins class=\"adsbygoogle\"\r\n     style=\"display:block\"\r\n     data-ad-format=\"fluid\"\r\n     data-ad-layout-key=\"-6t+ed+2i-1n-4w\"\r\n     data-ad-client=\"ca-pub-1959107119989764\"\r\n     data-ad-slot=\"4008251320\"><\/ins>\r\n<script>\r\n     (adsbygoogle = window.adsbygoogle || []).push({});\r\n<\/script><\/div>\n    Mint mondta, k\u00e1nikula idej\u00e9n \u00fagy cs\u00f6kkenthetj\u00fck a h\u0151s\u00e9g negat\u00edv hat\u00e1s\u00e1t, ha a lak\u00e1sb\u00f3l kiz\u00e1rjuk a meleget, bes\u00f6t\u00e9t\u00edt\u00fcnk, \u00e9s \u00e9jszaka szell\u0151ztet\u00fcnk, ezen k\u00edv\u00fcl a gyakori zuhanyoz\u00e1s \u00e9s a test vizes borogat\u00e1sa is aj\u00e1nlott. Rendk\u00edv\u00fcl fontos a sok folyad\u00e9k fogyaszt\u00e1sa, erre az id\u0151sek eset\u00e9ben kiemelten kell figyelni. Azt tan\u00e1csolta, hogy \u00f3r\u00e1nk\u00e9nt egy poh\u00e1r vizet igyon meg mindenki.<br \/>\n    Az orsz\u00e1gos tisztif\u0151orvos kit\u00e9rt arra, hogy a h\u0151s\u00e9griaszt\u00e1s lehet\u0151s\u00e9get ad egy sor m\u00e1s int\u00e9zked\u00e9sre, ilyen lehet a munkaid\u0151-kedvezm\u00e9ny azokban a munkak\u00f6r\u00f6kben, amelyekben fokozott h\u0151hat\u00e1snak vannak kit\u00e9ve a munkav\u00e1llal\u00f3k, tov\u00e1bb\u00e1 a szabadban dolgoz\u00f3kn\u00e1l a t\u00f6bbsz\u00f6ri pihen\u0151id\u0151 elrendel\u00e9se, valamint a megfelel\u0151 \u00f6lt\u00f6zet \u00e9s folyad\u00e9k biztos\u00edt\u00e1sa is.<br \/>\n    Kov\u00e1cs Attila azt mondta, hogy az el\u0151rejelz\u00e9sek szerint ez a h\u00e9t megterhel\u0151 lesz a meleg miatt, ut\u00e1na enyh\u00fclhet a nagy h\u0151s\u00e9g.<br \/>\n    Az Emberi Er\u0151forr\u00e1sok Miniszt\u00e9riuma az MTI-hez kedden eljuttatott k\u00f6zlem\u00e9ny\u00e9ben azt \u00edrta, a k\u00e1nikula miatt az elm\u00falt id\u0151szakban sz\u00e1mos olyan szoci\u00e1lis \u00e9s eg\u00e9szs\u00e9g\u00fcgyi int\u00e9zked\u00e9st rendeltek el, amely az emberek biztons\u00e1g\u00e1t szolg\u00e1lja.<br \/>\n    Hozz\u00e1tett\u00e9k, olyan diszp\u00e9cserszolg\u00e1lat kezdte meg m\u0171k\u00f6d\u00e9s\u00e9t, amely a klimatiz\u00e1lt helyis\u00e9gek, v\u00edzoszt\u00f3pontok, p\u00e1rakapuk, iv\u00f3kutak elhelyezked\u00e9s\u00e9r\u0151l ny\u00fajt naprak\u00e9sz inform\u00e1ci\u00f3t, a k\u00f6zter\u00fcleteken a szoci\u00e1lis munk\u00e1sok akt\u00edvabb jelenl\u00e9t\u00e9re lehet sz\u00e1m\u00edtani, a r\u00e1szorul\u00f3kat \u00e9s a hajl\u00e9ktalanokat pedig &#8211; eredeti funkci\u00f3j\u00e1t\u00f3l f\u00fcggetlen\u00fcl &#8211; b\u00e1rmelyik szoci\u00e1lis int\u00e9zm\u00e9nynek be kell fogadnia.<br \/>\n    A k\u00f6zlem\u00e9ny szerint a k\u00f3rh\u00e1zak a tart\u00f3san magas h\u0151m\u00e9rs\u00e9klet idej\u00e9n t\u00f6bb int\u00e9zked\u00e9ssel igyekeznek v\u00e9deni a betegek \u00e9s munkav\u00e1llal\u00f3k eg\u00e9szs\u00e9g\u00e9t. A sz\u00fcks\u00e9ges int\u00e9zked\u00e9sekr\u0151l a k\u00f3rh\u00e1zak f\u0151igazgat\u00f3i gondoskodnak.(MTI)<\/p>\n","protected":false},"excerpt":{"rendered":"<p>A m\u00e1sodfok\u00fa h\u0151s\u00e9griaszt\u00e1s ism\u00e9telt elrendel\u00e9s\u00e9r\u0151l d\u00f6nt\u00f6tt az orsz\u00e1gos tisztif\u0151orvos.<\/p>\n","protected":false},"author":1,"featured_media":0,"comment_status":"closed","ping_status":"open","sticky":false,"template":"","format":"standard","meta":[],"categories":[4],"tags":[],"_links":{"self":[{"href":"https:\/\/gazdasagportal.hu\/index.php\/wp-json\/wp\/v2\/posts\/107820"}],"collection":[{"href":"https:\/\/gazdasagportal.hu\/index.php\/wp-json\/wp\/v2\/posts"}],"about":[{"href":"https:\/\/gazdasagportal.hu\/index.php\/wp-json\/wp\/v2\/types\/post"}],"author":[{"embeddable":true,"href":"https:\/\/gazdasagportal.hu\/index.php\/wp-json\/wp\/v2\/users\/1"}],"replies":[{"embeddable":true,"href":"https:\/\/gazdasagportal.hu\/index.php\/wp-json\/wp\/v2\/comments?post=107820"}],"version-history":[{"count":1,"href":"https:\/\/gazdasagportal.hu\/index.php\/wp-json\/wp\/v2\/posts\/107820\/revisions"}],"predecessor-version":[{"id":107821,"href":"https:\/\/gazdasagportal.hu\/index.php\/wp-json\/wp\/v2\/posts\/107820\/revisions\/107821"}],"wp:attachment":[{"href":"https:\/\/gazdasagportal.hu\/index.php\/wp-json\/wp\/v2\/media?parent=107820"}],"wp:term":[{"taxonomy":"category","embeddable":true,"href":"https:\/\/gazdasagportal.hu\/index.php\/wp-json\/wp\/v2\/categories?post=107820"},{"taxonomy":"post_tag","embeddable":true,"href":"https:\/\/gazdasagportal.hu\/index.php\/wp-json\/wp\/v2\/tags?post=107820"}],"curies":[{"name":"wp","href":"https:\/\/api.w.org\/{rel}","templated":true}]}}