{"id":107794,"date":"2018-08-07T09:36:02","date_gmt":"2018-08-07T07:36:02","guid":{"rendered":"http:\/\/gazdasagportal.hu\/?p=107794"},"modified":"2018-08-07T09:16:50","modified_gmt":"2018-08-07T07:16:50","slug":"hoseg-orszagszerte-figyelmeztet-a-meteorologiai-szolgalat","status":"publish","type":"post","link":"https:\/\/gazdasagportal.hu\/index.php\/hoseg-orszagszerte-figyelmeztet-a-meteorologiai-szolgalat\/","title":{"rendered":"H\u0151s\u00e9g &#8211; Orsz\u00e1gszerte figyelmeztet a meteorol\u00f3giai szolg\u00e1lat"},"content":{"rendered":"<p><strong>Orsz\u00e1gszerte tov\u00e1bbra is tart\u00f3s h\u0151s\u00e9gre figyelmeztet az Orsz\u00e1gos Meteorol\u00f3giai Szolg\u00e1lat.<\/strong><!--more--><\/p>\n<div class=\"ads-in-post1\"><div id=\"gazdasagportal.hu_fullbanner_wideboard\"><\/div>\r\n<\/div>\n<p>    Az MTI-hez kedden reggel eljuttatott vesz\u00e9lyjelz\u00e9s\u00fck szerint N\u00f3gr\u00e1d, Borsod-Aba\u00faj-Zempl\u00e9n \u00e9s Szabolcs-Szatm\u00e1r-Bereg megye kiv\u00e9tel\u00e9vel az eg\u00e9sz orsz\u00e1gban els\u0151fok\u00fa figyelmeztet\u00e9s van \u00e9rv\u00e9nyben.<br \/>\n    Azt \u00edrt\u00e1k: napk\u00f6zben, v\u00e1rhat\u00f3an k\u00e9s\u0151 d\u00e9lut\u00e1n, este a Nyugat-Dun\u00e1nt\u00falra besodr\u00f3dhat vagy ott kialakulhat helyenk\u00e9nt zivatar. A legjellemz\u0151bb k\u00eds\u00e9r\u0151jelens\u00e9g az intenz\u00edvebb csapad\u00e9k lehet, de er\u0151s vagy viharos sz\u00e9l, \u00e9s itt-ott j\u00e9ges\u0151 is el\u0151fordulhat.<br \/>\n<div class=\"ads-in-post2\"><script async src=\"https:\/\/pagead2.googlesyndication.com\/pagead\/js\/adsbygoogle.js\"><\/script>\r\n<ins class=\"adsbygoogle\"\r\n     style=\"display:block\"\r\n     data-ad-format=\"fluid\"\r\n     data-ad-layout-key=\"-6t+ed+2i-1n-4w\"\r\n     data-ad-client=\"ca-pub-1959107119989764\"\r\n     data-ad-slot=\"4008251320\"><\/ins>\r\n<script>\r\n     (adsbygoogle = window.adsbygoogle || []).push({});\r\n<\/script><\/div>\n    Emellett a napi k\u00f6z\u00e9ph\u0151m\u00e9rs\u00e9klet az orsz\u00e1g nagyobb r\u00e9sz\u00e9n 25 Celsius-fok felett val\u00f3sz\u00edn\u0171.<br \/>\n    A legmagasabb nappali h\u0151m\u00e9rs\u00e9klet 30 \u00e9s 34 fok k\u00f6z\u00f6tt v\u00e1rhat\u00f3. K\u00e9s\u0151 est\u00e9re 21 \u00e9s 26 fok k\u00f6z\u00e9 h\u0171l le a leveg\u0151.<br \/>\n    A jelenlegi el\u0151rejelz\u00e9sek szerint a k\u00f6vetkez\u0151 napokban fokoz\u00f3dik a h\u0151s\u00e9g.(MTI)<\/p>\n","protected":false},"excerpt":{"rendered":"<p>Orsz\u00e1gszerte tov\u00e1bbra is tart\u00f3s h\u0151s\u00e9gre figyelmeztet az Orsz\u00e1gos Meteorol\u00f3giai Szolg\u00e1lat.<\/p>\n","protected":false},"author":1,"featured_media":0,"comment_status":"closed","ping_status":"open","sticky":false,"template":"","format":"standard","meta":[],"categories":[4],"tags":[],"_links":{"self":[{"href":"https:\/\/gazdasagportal.hu\/index.php\/wp-json\/wp\/v2\/posts\/107794"}],"collection":[{"href":"https:\/\/gazdasagportal.hu\/index.php\/wp-json\/wp\/v2\/posts"}],"about":[{"href":"https:\/\/gazdasagportal.hu\/index.php\/wp-json\/wp\/v2\/types\/post"}],"author":[{"embeddable":true,"href":"https:\/\/gazdasagportal.hu\/index.php\/wp-json\/wp\/v2\/users\/1"}],"replies":[{"embeddable":true,"href":"https:\/\/gazdasagportal.hu\/index.php\/wp-json\/wp\/v2\/comments?post=107794"}],"version-history":[{"count":1,"href":"https:\/\/gazdasagportal.hu\/index.php\/wp-json\/wp\/v2\/posts\/107794\/revisions"}],"predecessor-version":[{"id":107795,"href":"https:\/\/gazdasagportal.hu\/index.php\/wp-json\/wp\/v2\/posts\/107794\/revisions\/107795"}],"wp:attachment":[{"href":"https:\/\/gazdasagportal.hu\/index.php\/wp-json\/wp\/v2\/media?parent=107794"}],"wp:term":[{"taxonomy":"category","embeddable":true,"href":"https:\/\/gazdasagportal.hu\/index.php\/wp-json\/wp\/v2\/categories?post=107794"},{"taxonomy":"post_tag","embeddable":true,"href":"https:\/\/gazdasagportal.hu\/index.php\/wp-json\/wp\/v2\/tags?post=107794"}],"curies":[{"name":"wp","href":"https:\/\/api.w.org\/{rel}","templated":true}]}}