{"id":107790,"date":"2018-08-07T12:54:27","date_gmt":"2018-08-07T10:54:27","guid":{"rendered":"http:\/\/gazdasagportal.hu\/?p=107790"},"modified":"2018-08-07T08:55:16","modified_gmt":"2018-08-07T06:55:16","slug":"tobb-mint-7-szazalekkal-nott-a-magyar-turistak-szama-horvatorszagban","status":"publish","type":"post","link":"https:\/\/gazdasagportal.hu\/index.php\/tobb-mint-7-szazalekkal-nott-a-magyar-turistak-szama-horvatorszagban\/","title":{"rendered":"T\u00f6bb mint 7 sz\u00e1zal\u00e9kkal n\u0151tt a magyar turist\u00e1k sz\u00e1ma Horv\u00e1torsz\u00e1gban"},"content":{"rendered":"<p><strong>Horv\u00e1torsz\u00e1gban  t\u00f6bb mint 7 sz\u00e1zal\u00e9kkal t\u00f6bb magyar turist\u00e1t regisztr\u00e1ltak az id\u00e9n az \u00e9v els\u0151 h\u00e9t h\u00f3napj\u00e1ban &#8211; t\u00e1j\u00e9koztatta a Horv\u00e1t Idegenforgalmi K\u00f6z\u00f6ss\u00e9g budapesti k\u00e9pviseletvezet\u0151je h\u00e9tf\u0151n az MTI-t.<\/strong><!--more--><\/p>\n<div class=\"ads-in-post1\"><div id=\"gazdasagportal.hu_fullbanner_wideboard\"><\/div>\r\n<\/div>\n<p>    Marin Skenderovic elmondta: janu\u00e1r elsej\u00e9t\u0151l j\u00fanius v\u00e9g\u00e9ig 9,725 milli\u00f3 k\u00fclf\u00f6ldi turista kereste fel az adriai \u00e1llamot, ahol 49,672 milli\u00f3 vend\u00e9g\u00e9jszak\u00e1t t\u00f6lt\u00f6ttek, mindk\u00e9t adat 5,3 sz\u00e1zal\u00e9kos b\u0151v\u00fcl\u00e9st mutatott a tavalyi hasonl\u00f3 id\u0151szakhoz k\u00e9pest. A magyar turist\u00e1k sz\u00e1ma ugyanakkor az \u00e1tlagot meghalad\u00f3an, 7,5 sz\u00e1zal\u00e9kos b\u0151v\u00fcl\u00e9ssel 338,8 ezerre emelkedett, a vend\u00e9g\u00e9jszak\u00e1k sz\u00e1ma pedig 7 sz\u00e1zal\u00e9kkal 1,662 milli\u00f3ra n\u0151tt.<br \/>\n<div class=\"ads-in-post2\"><script async src=\"https:\/\/pagead2.googlesyndication.com\/pagead\/js\/adsbygoogle.js\"><\/script>\r\n<ins class=\"adsbygoogle\"\r\n     style=\"display:block\"\r\n     data-ad-format=\"fluid\"\r\n     data-ad-layout-key=\"-6t+ed+2i-1n-4w\"\r\n     data-ad-client=\"ca-pub-1959107119989764\"\r\n     data-ad-slot=\"4008251320\"><\/ins>\r\n<script>\r\n     (adsbygoogle = window.adsbygoogle || []).push({});\r\n<\/script><\/div>\n    A k\u00e9pviseletvezet\u0151 jelezte, amennyiben folytat\u00f3dik az eddigi tendencia, a magyar turist\u00e1k tavalyi 572 ezres l\u00e9tsz\u00e1ma az id\u00e9n \u00e1tl\u00e9pi a 600 ezres sz\u00e1mot. A magyar vend\u00e9g\u00e9jszak\u00e1k sz\u00e1ma a m\u00falt \u00e9vben 10 ezerrel meghaladta a 3 milli\u00f3t, az id\u00e9n ez a rekord is megd\u0151lhet.<br \/>\n    A Horv\u00e1torsz\u00e1gba l\u00e1togat\u00f3 turist\u00e1k \u00e1ltal legkedveltebb v\u00e1rosok sorrendj\u00e9ben Dubrovnik \u00e1ll az els\u0151 helyen, amelyet Rovinj, Porec, Split \u00e9s Medulin k\u00f6vet, m\u00edg a magyarok k\u00f6z\u00fcl a Kvarner-\u00f6b\u00f6l \u00e9s az Isztriai-f\u00e9lsziget telep\u00fcl\u00e9seit keresik fel legt\u00f6bben.<br \/>\n    Az idei statisztikai adatokb\u00f3l az is kider\u00fcl, hogy az \u00e9v els\u0151 h\u00e9t h\u00f3napj\u00e1ban a turist\u00e1k 19,6 milli\u00f3 \u00e9jszak\u00e1t mag\u00e1nsz\u00e1ll\u00e1sokon t\u00f6lt\u00f6ttek, 14 milli\u00f3t sz\u00e1llod\u00e1ban, 10,4 milli\u00f3t pedig kempingben. A fennmarad\u00f3 r\u00e9sz az egy\u00e9b sz\u00e1ll\u00e1shelyek &#8211; mint p\u00e9ld\u00e1ul a haj\u00f3k &#8211; k\u00f6z\u00f6tt oszlik el &#8211; ismertette az idegenforgalmi szakember.(MTI)<\/p>\n","protected":false},"excerpt":{"rendered":"<p>Horv\u00e1torsz\u00e1gban t\u00f6bb mint 7 sz\u00e1zal\u00e9kkal t\u00f6bb magyar turist\u00e1t regisztr\u00e1ltak az id\u00e9n az \u00e9v els\u0151 h\u00e9t h\u00f3napj\u00e1ban &#8211; t\u00e1j\u00e9koztatta a Horv\u00e1t Idegenforgalmi K\u00f6z\u00f6ss\u00e9g budapesti k\u00e9pviseletvezet\u0151je h\u00e9tf\u0151n az MTI-t.<\/p>\n","protected":false},"author":1,"featured_media":0,"comment_status":"closed","ping_status":"open","sticky":false,"template":"","format":"standard","meta":[],"categories":[4,12],"tags":[],"_links":{"self":[{"href":"https:\/\/gazdasagportal.hu\/index.php\/wp-json\/wp\/v2\/posts\/107790"}],"collection":[{"href":"https:\/\/gazdasagportal.hu\/index.php\/wp-json\/wp\/v2\/posts"}],"about":[{"href":"https:\/\/gazdasagportal.hu\/index.php\/wp-json\/wp\/v2\/types\/post"}],"author":[{"embeddable":true,"href":"https:\/\/gazdasagportal.hu\/index.php\/wp-json\/wp\/v2\/users\/1"}],"replies":[{"embeddable":true,"href":"https:\/\/gazdasagportal.hu\/index.php\/wp-json\/wp\/v2\/comments?post=107790"}],"version-history":[{"count":1,"href":"https:\/\/gazdasagportal.hu\/index.php\/wp-json\/wp\/v2\/posts\/107790\/revisions"}],"predecessor-version":[{"id":107791,"href":"https:\/\/gazdasagportal.hu\/index.php\/wp-json\/wp\/v2\/posts\/107790\/revisions\/107791"}],"wp:attachment":[{"href":"https:\/\/gazdasagportal.hu\/index.php\/wp-json\/wp\/v2\/media?parent=107790"}],"wp:term":[{"taxonomy":"category","embeddable":true,"href":"https:\/\/gazdasagportal.hu\/index.php\/wp-json\/wp\/v2\/categories?post=107790"},{"taxonomy":"post_tag","embeddable":true,"href":"https:\/\/gazdasagportal.hu\/index.php\/wp-json\/wp\/v2\/tags?post=107790"}],"curies":[{"name":"wp","href":"https:\/\/api.w.org\/{rel}","templated":true}]}}