{"id":107611,"date":"2018-08-01T08:57:53","date_gmt":"2018-08-01T06:57:53","guid":{"rendered":"http:\/\/gazdasagportal.hu\/?p=107611"},"modified":"2018-08-01T09:01:53","modified_gmt":"2018-08-01T07:01:53","slug":"iranykeresesre-szamit-a-szakerto-a-tozsden","status":"publish","type":"post","link":"https:\/\/gazdasagportal.hu\/index.php\/iranykeresesre-szamit-a-szakerto-a-tozsden\/","title":{"rendered":"Ir\u00e1nykeres\u00e9sre sz\u00e1m\u00edt a szak\u00e9rt\u0151 a t\u0151zsd\u00e9n"},"content":{"rendered":"<p><strong>Ir\u00e1nykeres\u00e9ssel indulhat a szerdai keresked\u00e9s a Budapesti \u00c9rt\u00e9kt\u0151zsd\u00e9n (B\u00c9T) az Equilor Befektet\u00e9si Zrt. senior elemz\u0151je szerint.<\/strong><!--more--><\/p>\n<div class=\"ads-in-post1\"><div id=\"gazdasagportal.hu_fullbanner_wideboard\"><\/div>\r\n<\/div>\n<p>    Varga Zolt\u00e1n MTI-nek k\u00fcld\u00f6tt komment\u00e1rj\u00e1ban azt \u00edrta: a vezet\u0151 r\u00e9szv\u00e9nyek k\u00f6z\u00fcl az OTP \u00e9s a Richter emelkedhet. A Richterrel kapcsolatban megjegyezte: a r\u00e9szv\u00e9nyek mozg\u00e1s\u00e1t tov\u00e1bbra is \u00e9rdemes kiemelten figyelni, a c\u00e9g cs\u00fct\u00f6rt\u00f6k\u00f6n hajnalban teszi k\u00f6zz\u00e9 a m\u00e1sodik negyed\u00e9ves gyorsjelent\u00e9s\u00e9t, a v\u00e1rakoz\u00e1sok pozit\u00edvak.<br \/>\n    Az elemz\u0151 a Magyar Telekom \u00e9s a Mol \u00e1rfolyam\u00e1ban ink\u00e1bb cs\u00f6kken\u00e9st v\u00e1r.<br \/>\n<div class=\"ads-in-post2\"><script async src=\"https:\/\/pagead2.googlesyndication.com\/pagead\/js\/adsbygoogle.js\"><\/script>\r\n<ins class=\"adsbygoogle\"\r\n     style=\"display:block\"\r\n     data-ad-format=\"fluid\"\r\n     data-ad-layout-key=\"-6t+ed+2i-1n-4w\"\r\n     data-ad-client=\"ca-pub-1959107119989764\"\r\n     data-ad-slot=\"4008251320\"><\/ins>\r\n<script>\r\n     (adsbygoogle = window.adsbygoogle || []).push({});\r\n<\/script><\/div>\n    A Budapesti \u00c9rt\u00e9kt\u0151zsde r\u00e9szv\u00e9nyindexe, a BUX 189,17 pontos, 0,53 sz\u00e1zal\u00e9kos cs\u00f6kken\u00e9ssel, 35 742,06 ponton z\u00e1rt kedden. A r\u00e9szv\u00e9nypiac forgalma 11,0 milli\u00e1rd forint volt. A Mol 28 forinttal, 1,03 sz\u00e1zal\u00e9kkal, 2692 forintra cs\u00f6kkent, 1,6 milli\u00e1rd forintos forgalomban. Az OTP-r\u00e9szv\u00e9nyek \u00e1ra 40 forinttal, 0,39 sz\u00e1zal\u00e9kkal, 10 320 forintra esett, forgalmuk 6,8 milli\u00e1rd forintot tett ki. A Magyar Telekom \u00e1rfolyama 7,50 forinttal, 1,86 sz\u00e1zal\u00e9kkal, 396 forintra gyeng\u00fclt, forgalma 258,6 milli\u00f3 forint volt. A Richter-pap\u00edrok \u00e1rfolyama 10 forinttal, 0,20 sz\u00e1zal\u00e9kkal, 4960 forintra er\u0151s\u00f6d\u00f6tt, a r\u00e9szv\u00e9nyek forgalma 1,8 milli\u00e1rd forintot \u00e9rt el.<br \/>\n(MTI)<\/p>\n","protected":false},"excerpt":{"rendered":"<p>Ir\u00e1nykeres\u00e9ssel indulhat a szerdai keresked\u00e9s a Budapesti \u00c9rt\u00e9kt\u0151zsd\u00e9n (B\u00c9T) az Equilor Befektet\u00e9si Zrt. senior elemz\u0151je szerint.<\/p>\n","protected":false},"author":1,"featured_media":0,"comment_status":"closed","ping_status":"open","sticky":false,"template":"","format":"standard","meta":[],"categories":[7],"tags":[],"_links":{"self":[{"href":"https:\/\/gazdasagportal.hu\/index.php\/wp-json\/wp\/v2\/posts\/107611"}],"collection":[{"href":"https:\/\/gazdasagportal.hu\/index.php\/wp-json\/wp\/v2\/posts"}],"about":[{"href":"https:\/\/gazdasagportal.hu\/index.php\/wp-json\/wp\/v2\/types\/post"}],"author":[{"embeddable":true,"href":"https:\/\/gazdasagportal.hu\/index.php\/wp-json\/wp\/v2\/users\/1"}],"replies":[{"embeddable":true,"href":"https:\/\/gazdasagportal.hu\/index.php\/wp-json\/wp\/v2\/comments?post=107611"}],"version-history":[{"count":1,"href":"https:\/\/gazdasagportal.hu\/index.php\/wp-json\/wp\/v2\/posts\/107611\/revisions"}],"predecessor-version":[{"id":107612,"href":"https:\/\/gazdasagportal.hu\/index.php\/wp-json\/wp\/v2\/posts\/107611\/revisions\/107612"}],"wp:attachment":[{"href":"https:\/\/gazdasagportal.hu\/index.php\/wp-json\/wp\/v2\/media?parent=107611"}],"wp:term":[{"taxonomy":"category","embeddable":true,"href":"https:\/\/gazdasagportal.hu\/index.php\/wp-json\/wp\/v2\/categories?post=107611"},{"taxonomy":"post_tag","embeddable":true,"href":"https:\/\/gazdasagportal.hu\/index.php\/wp-json\/wp\/v2\/tags?post=107611"}],"curies":[{"name":"wp","href":"https:\/\/api.w.org\/{rel}","templated":true}]}}