{"id":107604,"date":"2018-07-31T20:23:27","date_gmt":"2018-07-31T18:23:27","guid":{"rendered":"http:\/\/gazdasagportal.hu\/?p=107604"},"modified":"2018-07-31T20:59:46","modified_gmt":"2018-07-31T18:59:46","slug":"the-new-york-times-a-facebook-politikai-befolyasolast-celzo-profilokat-azonositott","status":"publish","type":"post","link":"https:\/\/gazdasagportal.hu\/index.php\/the-new-york-times-a-facebook-politikai-befolyasolast-celzo-profilokat-azonositott\/","title":{"rendered":"The New York Times: a Facebook politikai befoly\u00e1sol\u00e1st c\u00e9lz\u00f3 profilokat azonos\u00edtott"},"content":{"rendered":"<p><strong>A The New York Times inform\u00e1ci\u00f3i szerint a Facebook az \u0151szi amerikai f\u00e9lid\u0151s v\u00e1laszt\u00e1sok befoly\u00e1sol\u00e1s\u00e1t c\u00e9lz\u00f3 profilokat azonos\u00edtott.  <\/strong><!--more--><\/p>\n<div class=\"ads-in-post1\"><div id=\"gazdasagportal.hu_fullbanner_wideboard\"><\/div>\r\n<\/div>\n<p>    A k\u00f6z\u00f6ss\u00e9gi f\u00f3rumot m\u0171k\u00f6dtet\u0151 kaliforniai v\u00e1llalat kedden a kora d\u00e9lut\u00e1ni \u00f3r\u00e1kban be is jelentette, hogy 32 gyan\u00fas profilt elt\u00e1vol\u00edtott.         A The New York Times szerint a gyan\u00fas oldalak l\u00e9nyeg\u00e9ben hamis profilok voltak, \u00e9rz\u00e9kelhet\u0151en egyeztett\u00e9k tartalmaikat, \u00e9s a novemberi f\u00e9lid\u0151s v\u00e1laszt\u00e1sok el\u0151tt olyan \u00fcgyekben k\u00edv\u00e1nt\u00e1k befoly\u00e1solni az amerikai k\u00f6zv\u00e9lem\u00e9nyt, mint p\u00e9ld\u00e1ul a hat\u00e1rv\u00e9delem, vagy a jobboldal egyes\u00edt\u00e9se, \u00f6sszefog\u00e1sa.<br \/>\n<div class=\"ads-in-post2\"><script async src=\"https:\/\/pagead2.googlesyndication.com\/pagead\/js\/adsbygoogle.js\"><\/script>\r\n<ins class=\"adsbygoogle\"\r\n     style=\"display:block\"\r\n     data-ad-format=\"fluid\"\r\n     data-ad-layout-key=\"-6t+ed+2i-1n-4w\"\r\n     data-ad-client=\"ca-pub-1959107119989764\"\r\n     data-ad-slot=\"4008251320\"><\/ins>\r\n<script>\r\n     (adsbygoogle = window.adsbygoogle || []).push({});\r\n<\/script><\/div>                  A befoly\u00e1sol\u00e1si k\u00eds\u00e9rletekr\u0151l a Facebook illet\u00e9kesei t\u00e1j\u00e9koztatt\u00e1k is az amerikai t\u00f6rv\u00e9nyhoz\u00f3kat.         A v\u00e1llalat a Sz\u00f6vets\u00e9gi Nyomoz\u00f3 Irod\u00e1val (FBI) egy\u00fcttm\u0171k\u00f6dve kezdte meg \u00e9s folytatja a gyan\u00fas oldalak felt\u00e1r\u00e1s\u00e1t. A The New York Times kongresszusi \u00e9rtes\u00fcl\u00e9sei szerint egyes tiszts\u00e9gvisel\u0151k elk\u00e9pzelhet\u0151nek tartj\u00e1k, hogy a profilok l\u00e9trehoz\u00f3i &#8222;Oroszorsz\u00e1ghoz k\u00f6thet\u0151ek&#8221;. A lap ugyanakkor megjegyezte: nyilv\u00e1nosan sem a Facebook, sem az FBI nem l\u00e1tja bizony\u00edtottnak az Oroszorsz\u00e1ghoz k\u00f6thet\u0151 kapcsolatokat.                       Az FBI egy\u00e9bk\u00e9nt nemcsak a Facebookot, hanem az Instagramot is vizsg\u00e1lja.         A Facebook k\u00f6zl\u00e9se szerint a hamis fi\u00f3kokat &#8211; 8 f\u00f3rumot, 17 profilt \u00e9s 7 Instagram-fi\u00f3kot &#8211; 2017 m\u00e1rciusa \u00e9s 2018 m\u00e1jusa k\u00f6z\u00f6tt hozt\u00e1k l\u00e9tre, \u00e9s el\u0151sz\u00f6r k\u00e9t h\u00e9ttel ezel\u0151tt siker\u00fclt beazonos\u00edtani \u0151ket. A k\u00e9t platformon 2017 \u00e1prilisa \u00e9s 2018 j\u00faniusa k\u00f6z\u00f6tt  150 hirdet\u00e9st futtattak, mintegy 11 ezer doll\u00e1r \u00e9rt\u00e9kben. A hirdet\u00e9seket amerikai \u00e9s kanadai doll\u00e1rban fizett\u00e9k.         Nathaniel Gleicher, a Facebook kiberbiztons\u00e1gi politik\u00e1\u00e9rt felel\u0151s vezet\u0151je k\u00f6z\u00f6lte: mindez hasonl\u00edt az orosz Internetkutat\u00f3 \u00dcgyn\u00f6ks\u00e9g kor\u00e1bban azonos\u00edtott tev\u00e9kenys\u00e9g\u00e9hez, csakhogy ez\u00fattal a hamis oldalak l\u00e9trehoz\u00f3i jobban \u00e1lc\u00e1zz\u00e1k magukat, p\u00e9ld\u00e1ul internetes telefonszolg\u00e1ltat\u00e1st haszn\u00e1lnak, vagy harmadik felet k\u00e9rnek fel a rekl\u00e1mok megv\u00e1s\u00e1rl\u00e1s\u00e1ra.         Kirstjen Nielsen belbiztons\u00e1gi miniszter, aki New Yorkban \u00e9ppen egy kiberbiztons\u00e1gi konferenci\u00e1n vesz r\u00e9szt, a Fox telev\u00edzi\u00f3nak adott r\u00f6vid interj\u00faj\u00e1ban dics\u00e9rte a Facebook d\u00f6nt\u00e9s\u00e9t \u00e9s lesz\u00f6gezte: ez is mutatja, hogy a v\u00e1llalat komolyan veszi a v\u00e1laszt\u00e1sok biztons\u00e1goss\u00e1g\u00e1t. A politikai befoly\u00e1sol\u00e1si k\u00eds\u00e9rletekr\u0151l hozz\u00e1tette: &#8222;ez azt is mutatja, hogy a vesz\u00e9ly re\u00e1lis \u00e9s az amerikaiaknak tiszt\u00e1ban kell lenni\u00fck ezzel&#8221;.(MTI)<\/p>\n","protected":false},"excerpt":{"rendered":"<p>A The New York Times inform\u00e1ci\u00f3i szerint a Facebook az \u0151szi amerikai f\u00e9lid\u0151s v\u00e1laszt\u00e1sok befoly\u00e1sol\u00e1s\u00e1t c\u00e9lz\u00f3 profilokat azonos\u00edtott.<\/p>\n","protected":false},"author":1,"featured_media":19310,"comment_status":"closed","ping_status":"open","sticky":false,"template":"","format":"standard","meta":[],"categories":[146,13,246],"tags":[],"_links":{"self":[{"href":"https:\/\/gazdasagportal.hu\/index.php\/wp-json\/wp\/v2\/posts\/107604"}],"collection":[{"href":"https:\/\/gazdasagportal.hu\/index.php\/wp-json\/wp\/v2\/posts"}],"about":[{"href":"https:\/\/gazdasagportal.hu\/index.php\/wp-json\/wp\/v2\/types\/post"}],"author":[{"embeddable":true,"href":"https:\/\/gazdasagportal.hu\/index.php\/wp-json\/wp\/v2\/users\/1"}],"replies":[{"embeddable":true,"href":"https:\/\/gazdasagportal.hu\/index.php\/wp-json\/wp\/v2\/comments?post=107604"}],"version-history":[{"count":2,"href":"https:\/\/gazdasagportal.hu\/index.php\/wp-json\/wp\/v2\/posts\/107604\/revisions"}],"predecessor-version":[{"id":107607,"href":"https:\/\/gazdasagportal.hu\/index.php\/wp-json\/wp\/v2\/posts\/107604\/revisions\/107607"}],"wp:featuredmedia":[{"embeddable":true,"href":"https:\/\/gazdasagportal.hu\/index.php\/wp-json\/wp\/v2\/media\/19310"}],"wp:attachment":[{"href":"https:\/\/gazdasagportal.hu\/index.php\/wp-json\/wp\/v2\/media?parent=107604"}],"wp:term":[{"taxonomy":"category","embeddable":true,"href":"https:\/\/gazdasagportal.hu\/index.php\/wp-json\/wp\/v2\/categories?post=107604"},{"taxonomy":"post_tag","embeddable":true,"href":"https:\/\/gazdasagportal.hu\/index.php\/wp-json\/wp\/v2\/tags?post=107604"}],"curies":[{"name":"wp","href":"https:\/\/api.w.org\/{rel}","templated":true}]}}