{"id":107600,"date":"2018-07-31T16:11:00","date_gmt":"2018-07-31T14:11:00","guid":{"rendered":"http:\/\/gazdasagportal.hu\/?p=107600"},"modified":"2018-07-31T16:11:00","modified_gmt":"2018-07-31T14:11:00","slug":"kulfoldi-sajto-magyarorszagrol-a-hospodarske-noviny-orban-viktorrol","status":"publish","type":"post","link":"https:\/\/gazdasagportal.hu\/index.php\/kulfoldi-sajto-magyarorszagrol-a-hospodarske-noviny-orban-viktorrol\/","title":{"rendered":"K\u00fclf\u00f6ldi sajt\u00f3 Magyarorsz\u00e1gr\u00f3l &#8211; A Hospod\u00e1rsk\u00e9 Noviny Orb\u00e1n Viktorr\u00f3l"},"content":{"rendered":"<p><strong>Orb\u00e1n Viktor, az eur\u00f3pai vezet\u0151 c\u00edmmel k\u00f6z\u00f6l jegyzetet kedden a Hospod\u00e1rsk\u00e9 Noviny c\u00edm\u0171 cseh gazdas\u00e1gi \u00e9s politikai napilap. <\/strong><!--more--><\/p>\n<div class=\"ads-in-post1\"><div id=\"gazdasagportal.hu_fullbanner_wideboard\"><\/div>\r\n<\/div>\n<p>       A magyar minisztereln\u00f6k, aki n\u00e9gy \u00e9ve Tusn\u00e1df\u00fcrd\u0151n elismer\u00e9s\u00e9t fejezte ki a tekint\u00e9lyelv\u0171 vezet\u0151k (Putyin, Erdogan) ir\u00e1nt, az idei ny\u00e1ri szezonban ism\u00e9t kisebb vihart kavart, amikor megj\u00f3solta a liber\u00e1lis demokr\u00e1cia v\u00e9g\u00e9t az Eur\u00f3pai Uni\u00f3ban \u00e9s az &#8222;illiber\u00e1lis kereszt\u00e9nydemokr\u00e1cia&#8221; ir\u00e1ny\u00e1ba val\u00f3 elmozdul\u00e1st a j\u00f6v\u0151 m\u00e1jusi eur\u00f3pai v\u00e1laszt\u00e1sokon.<br \/>\n    &#8222;Orb\u00e1n Eur\u00f3p\u00e1val szemben provokat\u0151r, aki a k\u00e9s \u00e9l\u00e9n t\u00e1ncol&#8221; &#8211; jegyzi meg Martin Ehl, a szerz\u0151, a tekint\u00e9lyes jobboldali liber\u00e1lis \u00fajs\u00e1g k\u00fclpolitikai rovatvezet\u0151je.<br \/>\n    Eml\u00e9keztetett Orb\u00e1n v\u00e1laszt\u00e1si sikereire \u00e9s arra, hogy a magyar minisztereln\u00f6k folyamatos b\u00edr\u00e1l\u00f3ja az Eur\u00f3pai Bizotts\u00e1gnak.<br \/>\n<div class=\"ads-in-post2\"><script async src=\"https:\/\/pagead2.googlesyndication.com\/pagead\/js\/adsbygoogle.js\"><\/script>\r\n<ins class=\"adsbygoogle\"\r\n     style=\"display:block\"\r\n     data-ad-format=\"fluid\"\r\n     data-ad-layout-key=\"-6t+ed+2i-1n-4w\"\r\n     data-ad-client=\"ca-pub-1959107119989764\"\r\n     data-ad-slot=\"4008251320\"><\/ins>\r\n<script>\r\n     (adsbygoogle = window.adsbygoogle || []).push({});\r\n<\/script><\/div>\n    Az \u00fajs\u00e1g szerint Orb\u00e1n &#8222;\u00e9rzi, hogy es\u00e9lye van el\u00e9rni azt, amir\u0151l hossz\u00fa ideje \u00e1lmodozik: hogy eur\u00f3pai form\u00e1tum\u00fa vezet\u0151v\u00e9 v\u00e1ljon, \u00e9s az EU-t saj\u00e1t k\u00e9p\u00e9re, a nemzet\u00e1llamok szabadabb sz\u00f6vets\u00e9g\u00e9v\u00e9 alak\u00edtsa \u00e1t&#8221;.<br \/>\n    Orb\u00e1n ez\u00e9rt \u00fcdv\u00f6z\u00f6lte Steve Bannonnak, az amerikai populist\u00e1k vez\u00e9r\u00e9nek projektj\u00e9t, hogy a jobboldali populist\u00e1k a j\u00f6v\u0151 \u00e9vi eur\u00f3pai v\u00e1laszt\u00e1sokon fogjanak \u00f6ssze &#8211; olvashat\u00f3 a cikkben.<br \/>\n    Ha Orb\u00e1n a j\u00f6v\u0151 \u00e9vi eur\u00f3pai parlamenti v\u00e1laszt\u00e1sokat val\u00f3ban a Tusn\u00e1df\u00fcrd\u0151n elhangzottak szellem\u00e9ben mint Eur\u00f3pa \u00faj arculat\u00e1r\u00f3l foly\u00f3 k\u00fczdelmet fogja kezelni, akkor az \u00faj fontos impulzust adna az eur\u00f3pai voksol\u00e1snak, \u00e9s \u00faj v\u00e1laszt\u00f3kat sz\u00f3l\u00edthatn\u00e1nak meg. Ugyanakkor a jelenlegi eur\u00f3pai elitnek er\u0151teljesen el kellene mozdulnia a jobb teljes\u00edtm\u00e9ny ir\u00e1ny\u00e1ban, ha Orb\u00e1nt le akarja gy\u0151zni. &#8222;M\u00e1sk\u00fcl\u00f6nben Orb\u00e1nnak az \u0151 \u00e1lm\u00e1val val\u00f3ban es\u00e9lye van a sikerre&#8221; &#8211; z\u00e1rja jegyzet\u00e9t a cseh Hopod\u00e1rsk\u00e9 Noviny. (MTI) <\/p>\n","protected":false},"excerpt":{"rendered":"<p>Orb\u00e1n Viktor, az eur\u00f3pai vezet\u0151 c\u00edmmel k\u00f6z\u00f6l jegyzetet kedden a Hospod\u00e1rsk\u00e9 Noviny c\u00edm\u0171 cseh gazdas\u00e1gi \u00e9s politikai napilap.<\/p>\n","protected":false},"author":1,"featured_media":50232,"comment_status":"closed","ping_status":"open","sticky":false,"template":"","format":"standard","meta":[],"categories":[146,4],"tags":[],"_links":{"self":[{"href":"https:\/\/gazdasagportal.hu\/index.php\/wp-json\/wp\/v2\/posts\/107600"}],"collection":[{"href":"https:\/\/gazdasagportal.hu\/index.php\/wp-json\/wp\/v2\/posts"}],"about":[{"href":"https:\/\/gazdasagportal.hu\/index.php\/wp-json\/wp\/v2\/types\/post"}],"author":[{"embeddable":true,"href":"https:\/\/gazdasagportal.hu\/index.php\/wp-json\/wp\/v2\/users\/1"}],"replies":[{"embeddable":true,"href":"https:\/\/gazdasagportal.hu\/index.php\/wp-json\/wp\/v2\/comments?post=107600"}],"version-history":[{"count":1,"href":"https:\/\/gazdasagportal.hu\/index.php\/wp-json\/wp\/v2\/posts\/107600\/revisions"}],"predecessor-version":[{"id":107601,"href":"https:\/\/gazdasagportal.hu\/index.php\/wp-json\/wp\/v2\/posts\/107600\/revisions\/107601"}],"wp:featuredmedia":[{"embeddable":true,"href":"https:\/\/gazdasagportal.hu\/index.php\/wp-json\/wp\/v2\/media\/50232"}],"wp:attachment":[{"href":"https:\/\/gazdasagportal.hu\/index.php\/wp-json\/wp\/v2\/media?parent=107600"}],"wp:term":[{"taxonomy":"category","embeddable":true,"href":"https:\/\/gazdasagportal.hu\/index.php\/wp-json\/wp\/v2\/categories?post=107600"},{"taxonomy":"post_tag","embeddable":true,"href":"https:\/\/gazdasagportal.hu\/index.php\/wp-json\/wp\/v2\/tags?post=107600"}],"curies":[{"name":"wp","href":"https:\/\/api.w.org\/{rel}","templated":true}]}}